{"id":31629,"date":"2023-03-22T13:47:13","date_gmt":"2023-03-22T19:47:13","guid":{"rendered":"https:\/\/eloficiodehistoriar.com.mx\/?p=31629"},"modified":"2023-03-22T13:47:13","modified_gmt":"2023-03-22T19:47:13","slug":"jorge-varela-premio-de-poesia-jovellanos","status":"publish","type":"post","link":"https:\/\/eloficiodehistoriar.com.mx\/?p=31629","title":{"rendered":"Jorge Varela,  Premio de Poes\u00eda Jovellanos"},"content":{"rendered":"<div class=\"cabeza\">Galardonan al mexicano Jorge Varela con el Premio de Poes\u00eda Jovellanos<\/div>\n<div class=\"sumarios\"><\/div>\n<div id=\"article-text\" class=\"text\">\n<div class=\"col\">\n<div class=\"credito-autor\">Armando G. Tejeda<\/div>\n<div class=\"credito-titulo\"><\/div>\n<div class=\"hemero\">La Jornada<\/p>\n<\/div>\n<p class=\"s-s\">Madrid.<\/p>\n<p class=\"s-s\">El poeta mexicano Jorge Varela fue el ganador del X Premio Internacional de Poes\u00eda Jovellanos, un prestigioso galard\u00f3n abierto a todas las lenguas y regiones del planeta con el dif\u00edcil objetivo de encontrar el\u00a0<q>mejor poema del mundo<\/q>.<\/p>\n<p>En esta edici\u00f3n, y por decisi\u00f3n mayoritaria del jurado, se eligi\u00f3 la obra\u00a0<em>Posibilidad de la IA<\/em>, del escritor mexicano, que reflexiona precisamente sobre los cambios vertiginosos que est\u00e1 provocando en nuestra sociedad la existencia y cada vez m\u00e1s la apabullante expansi\u00f3n y dominio de la inteligencia artificial (IA).<\/p>\n<p>El poema, que se editar\u00e1 en un libro junto con los poemas de otros finalistas, fue seleccionado de entre numerosas obras recibidas en la sede de la Fundaci\u00f3n Jovellanos, ubicada en Asturias, y que rememoran la figura de Gaspar Melchor Jovellanos, un ilustre escritor y jurista de la regi\u00f3n.<\/p>\n<p>En esta edici\u00f3n se recibieron mil 950 candidaturas: 921 de Espa\u00f1a, 240 de Argentina, 155 de M\u00e9xico, 133 de Colombia y 72 de Per\u00fa; tambi\u00e9n llegaron poemas desde Andorra, Estados Unidos, Georgia, Israel, Suiza y Reino Unido. Una de las peculiaridades de este premio es que los obras que se presenten pueden estar escritas en cualquiera de las numerosas lenguas del mundo.<\/p>\n<p>El poeta Jorge Varela tiene algunos poemarios publicados, entre ellos\u00a0<em>Viernes 13<\/em>\u00a0(JBMEditorial, 2009) y\u00a0<em>Trece musas\u00a0<\/em>(JBMEditorial, 2014), as\u00ed como el libro\u00a0<em>Labios sabor humo\u00a0<\/em>(JBMEditorial\/Bubok, 2015).<\/p>\n<p>Actualmente estudia la carrera de letras hisp\u00e1nicas en la Universidad Aut\u00f3noma Metropolitana Unidad Iztapalapa.<\/p>\n<\/div>\n<\/div>\n","protected":false},"excerpt":{"rendered":"<p>Galardonan al mexicano Jorge Varela con el Premio de Poes\u00eda Jovellanos Armando G. Tejeda La Jornada Madrid. El poeta mexicano Jorge Varela fue el ganador del X Premio Internacional de Poes\u00eda Jovellanos, un prestigioso galard\u00f3n abierto a todas las lenguas y regiones del planeta con el dif\u00edcil objetivo de encontrar el\u00a0mejor poema del mundo. En [&hellip;]<\/p>\n","protected":false},"author":249,"featured_media":31630,"comment_status":"open","ping_status":"closed","sticky":false,"template":"","format":"standard","meta":{"footnotes":""},"categories":[26],"tags":[],"class_list":["post-31629","post","type-post","status-publish","format-standard","has-post-thumbnail","hentry","category-mundo"],"_links":{"self":[{"href":"https:\/\/eloficiodehistoriar.com.mx\/index.php?rest_route=\/wp\/v2\/posts\/31629","targetHints":{"allow":["GET"]}}],"collection":[{"href":"https:\/\/eloficiodehistoriar.com.mx\/index.php?rest_route=\/wp\/v2\/posts"}],"about":[{"href":"https:\/\/eloficiodehistoriar.com.mx\/index.php?rest_route=\/wp\/v2\/types\/post"}],"author":[{"embeddable":true,"href":"https:\/\/eloficiodehistoriar.com.mx\/index.php?rest_route=\/wp\/v2\/users\/249"}],"replies":[{"embeddable":true,"href":"https:\/\/eloficiodehistoriar.com.mx\/index.php?rest_route=%2Fwp%2Fv2%2Fcomments&post=31629"}],"version-history":[{"count":1,"href":"https:\/\/eloficiodehistoriar.com.mx\/index.php?rest_route=\/wp\/v2\/posts\/31629\/revisions"}],"predecessor-version":[{"id":31631,"href":"https:\/\/eloficiodehistoriar.com.mx\/index.php?rest_route=\/wp\/v2\/posts\/31629\/revisions\/31631"}],"wp:featuredmedia":[{"embeddable":true,"href":"https:\/\/eloficiodehistoriar.com.mx\/index.php?rest_route=\/wp\/v2\/media\/31630"}],"wp:attachment":[{"href":"https:\/\/eloficiodehistoriar.com.mx\/index.php?rest_route=%2Fwp%2Fv2%2Fmedia&parent=31629"}],"wp:term":[{"taxonomy":"category","embeddable":true,"href":"https:\/\/eloficiodehistoriar.com.mx\/index.php?rest_route=%2Fwp%2Fv2%2Fcategories&post=31629"},{"taxonomy":"post_tag","embeddable":true,"href":"https:\/\/eloficiodehistoriar.com.mx\/index.php?rest_route=%2Fwp%2Fv2%2Ftags&post=31629"}],"curies":[{"name":"wp","href":"https:\/\/api.w.org\/{rel}","templated":true}]}}