{"id":31891,"date":"2023-04-13T11:28:11","date_gmt":"2023-04-13T17:28:11","guid":{"rendered":"https:\/\/eloficiodehistoriar.com.mx\/?p=31891"},"modified":"2023-04-13T11:29:35","modified_gmt":"2023-04-13T17:29:35","slug":"31891","status":"publish","type":"post","link":"https:\/\/eloficiodehistoriar.com.mx\/?p=31891","title":{"rendered":"Eduardo Galeano la voz de Latinoam\u00e9rica"},"content":{"rendered":"<div class=\"col-620 cont\">\n<div class=\"nworldtop cont\">\n<div class=\"blue dark-theme-news-culture\">\n<h1>Las frases que hacen de<\/h1>\n<h1>Eduardo Galeano la voz de Latinoam\u00e9rica<\/h1>\n<\/div>\n<\/div>\n<div class=\"vworldtop cont\">\n<figure>\n<div class=\"bloque-multimedia world-1\">\n<div id=\"fotos\"><\/div>\n<\/div>\n<\/figure>\n<div class=\"capworldtop\">\n<div class=\"barra-redes dark-theme-news-culture\">\n<div class=\"barra-wrap\">\n<div class=\"share-bar\">\n<ul>\n<li>\n<div class=\"gblogrs\">por <a class=\"autor\" title=\"Pablo Jofre Leal\" href=\"https:\/\/www.telesurtv.net\/staff\/pleal\">Pablo Jofre Leal<\/a><\/div>\n<\/li>\n<li><\/li>\n<\/ul>\n<\/div>\n<\/div>\n<\/div>\n<\/div>\n<\/div>\n<\/div>\n<div class=\"col-six dark-theme-news-culture\">\n<div class=\"cont bordercountry\">\n<div class=\"dest cont\">\n<div class=\"subtitle\">Este 3 de septiembre, se cumplen 78 a\u00f1os del nacimiento de uno de los escritores y, por qu\u00e9 no, poetas m\u00e1s grandes de los pueblos de Am\u00e9rica Latina, el uruguayo Eduardo Galeano.<\/div>\n<div class=\"txt_newworld\">\n<p>Las obras de\u00a0<strong>Eduardo Galeano<\/strong>\u00a0marcaron para los pueblos del mundo y de su querida\u00a0<strong>Am\u00e9rica Latina<\/strong>, una senda por la que ni\u00f1os, hombres y mujeres, han andado y aprendido. En sus cr\u00f3nicas, el uruguayo que falleci\u00f3 en 2015, reflej\u00f3 la belleza y la pureza de la lucha obrera, campesina e ind\u00edgena.<\/p>\n<p>Sus libros son una lecci\u00f3n constante de dignidad y coraje popular, amados y le\u00eddos por millones en el mundo, incluyendo al comandante venezolano\u00a0<strong>Hugo Ch\u00e1vez<\/strong>, quien siempre lo tuvo en sus discursos y en su coraz\u00f3n.<\/p>\n<p>&gt;&gt;\u00a0<a href=\"https:\/\/www.telesurtv.net\/news\/eduardo-galeano-escritor-muerte-obras-pueblos-20180412-0038.html\">Eduardo Galeano, el defensor de Latinoam\u00e9rica<\/a><\/p>\n<p>El mismo\u00a0<strong>Ch\u00e1vez<\/strong>\u00a0le regal\u00f3 en 2009 al entonces presidente de Estados Unidos, Barack Obama,\u00a0la obra \u00abLas venas abiertas de\u00a0<strong>Am\u00e9rica Latina<\/strong>\u00ab. Es \u00abun libro extraordinario que a m\u00ed me ayud\u00f3 cuando era muy joven a entender mejor a\u00a0<strong>Am\u00e9rica Latina<\/strong>, nuestra historia, nuestra realidad. Es un monumento a nuestra identidad\u00bb, se\u00f1al\u00f3\u00a0<strong>Hugo Ch\u00e1vez<\/strong>\u00a0en esa oportunidad.<\/p>\n<div>\n<figure class=\"image\"><figcaption><span style=\"background-color: #ffffff;\">Los textos de <\/span><strong style=\"background-color: #ffffff;\">Eduardo Galeano\u00a0<\/strong><span style=\"background-color: #ffffff;\">han sido traducidos\u00a0a m\u00e1s de veinte lenguas. A lo largo de su profunda existencia, nos regal\u00f3 infinitas frases que quedar\u00e1n inmortalizadas.\u00a0Aqu\u00ed algunas de ellas:<\/span><\/figcaption><\/figure>\n<\/div>\n<p>1.- \u00abAl fin y al cabo, somos lo que hacemos para cambiar lo que somos\u00bb<\/p>\n<p>2.- \u00abVinieron. Ellos ten\u00edan la Biblia y nosotros ten\u00edamos la tierra. Y nos dijeron: &#8216;Cierren los ojos y recen&#8217;. Y cuando abrimos los ojos, ellos ten\u00edan la tierra y nosotros ten\u00edamos la Biblia\u00bb<\/p>\n<p>3.- \u00abLa historia de<strong>\u00a0Am\u00e9rica Latina<\/strong>\u00a0es la historia del despojo de los recursos naturales\u00bb<\/p>\n<p>4.- \u00abHay un \u00fanico lugar donde ayer y hoy se encuentran y se reconocen y se abrazan. Ese lugar es ma\u00f1ana\u00bb<\/p>\n<p>5.- \u00abLa caridad es humillante porque se ejerce verticalmente y desde arriba; la solidaridad es horizontal e implica respeto mutuo\u00bb<\/p>\n<p>6.- \u00abYo creo que fuimos nacidos hijos de los d\u00edas, porque cada d\u00eda tiene una historia y nosotros somos las historias que vivimos&#8230;\u00bb<\/p>\n<p>7.-\u00a0 \u00abS\u00f3lo los tontos creen que el silencio es un vac\u00edo. No est\u00e1 vac\u00edo nunca. Y a veces la mejor manera de comunicarse es callando\u201d<\/p>\n<p>8.- \u00abLa utop\u00eda est\u00e1 en el horizonte. Camino dos pasos, ella se aleja dos pasos y el horizonte se corre diez pasos m\u00e1s all\u00e1\u00a0\u00bfEntonces para que sirve la utop\u00eda? Para eso, sirve para caminar\u00bb<\/p>\n<p>9.- \u201cDe cada d\u00eda nace una historia porque estamos hechos de \u00e1tomos, estamos hechos de historias\u201d<\/p>\n<p>10.- \u00abYo escribo para quienes no pueden leerme. Los de abajo, los que esperan desde hace siglos en la cola de la historia, no saben leer o no tienen con qu\u00e9\u201d<\/p>\n<div>\n<div id=\"twitter-93\" class=\"ck-twitter\">\n<figure class=\"op-interactive\">\n<blockquote class=\"twitter-tweet\" data-lang=\"es\" data-twitter-extracted-i1681406500204782006=\"true\">\n<p dir=\"ltr\" lang=\"es\">Se cumplen 78 a\u00f1os del natalicio de un gigante del periodismo y la literatura latinoamericana, Eduardo Galeano. Sus obras, ideas y reflexiones, iluminaron la conciencia de los pueblos invisibilizados y oprimidos por el Capitalismo a lo largo de la historia. Sigamos caminando&#8230; <a href=\"https:\/\/t.co\/Aeolr0hWoD\">pic.twitter.com\/Aeolr0hWoD<\/a><\/p>\n<p>\u2014 Nicol\u00e1s Maduro (@NicolasMaduro)\u00a0<a href=\"https:\/\/twitter.com\/NicolasMaduro\/status\/1036560757704601601?ref_src=twsrc%5Etfw\">3 de septiembre de 2018<\/a><\/p><\/blockquote>\n<\/figure>\n<\/div>\n<\/div>\n<p><strong>Tres imprescindibles cr\u00f3nicas de Eduardo Galeano:<\/strong><\/p>\n<p><strong>El elefante<\/strong><br \/>\nCuando era ni\u00f1o, mi abuela me cont\u00f3 la f\u00e1bula de los ciegos y el elefante.<br \/>\nEstaban los tres ciegos ante el elefante. Uno de ellos le palpo el rabo y dijo: -es una cuerda.<br \/>\nOtro ciego acarici\u00f3 una pata del elefante y opin\u00f3: -es una columna.<br \/>\nY el tercer ciego apoy\u00f3 la mano en el cuerpo y dijo: -es una pared.<br \/>\nAs\u00ed estamos: ciegos de nosotros, ciegos del mundo.<br \/>\nDesde que nacemos, nos entrenan para no ver m\u00e1s que pedacitos.<br \/>\nLa cultura dominante, cultura del desvinculo, rompe la historia pasada como rompe la realidad presente; y proh\u00edbe armar el rompecabezas.<\/p>\n<p><strong>El cuerpo<\/strong><br \/>\nLa Iglesia dice: El cuerpo es una culpa.<br \/>\nLa ciencia dice: El cuerpo es una m\u00e1quina.<br \/>\nLa publicidad dice: El cuerpo es un negocio.<br \/>\nEl cuerpo dice: Yo soy una fiesta.<\/p>\n<p><strong>P\u00e9rdidas<\/strong><\/p>\n<p>En Guatemala, en plena dictadura militar, la hija de don Francisco fue capturada en la sierra de Chuac\u00fas. A la madrugada, un oficial del ej\u00e9rcito la arrastr\u00f3 hasta la casa de su padre.<br \/>\nEl oficial interrog\u00f3 a don Francisco:<br \/>\n-\u00bfEst\u00e1 mal lo que hacen los guerrilleros?<br \/>\n-S\u00ed, est\u00e1 mal.<br \/>\n-\u00bfY qu\u00e9 hay que hacer con ellos?<br \/>\nDon Francisco no contest\u00f3.<br \/>\n-\u00bfHay que matarlos?- pregunt\u00f3 el oficial.<br \/>\nDon Francisco segu\u00eda callado, mirando el suelo.<br \/>\nSu hija estaba de rodillas, encapuchada, maniatada, con una pistola clavada en la cabeza.<br \/>\n-\u00bfHay que matarlos?- insisti\u00f3 el oficial.<br \/>\nY otra vez. Y don Francisco no dec\u00eda nada.<br \/>\nAntes de que la bala volara la cabeza de la muchacha, ella llor\u00f3. Bajo la capucha, llor\u00f3. Llor\u00f3 por \u00e9l.<\/p>\n<\/div>\n<\/div>\n<\/div>\n<\/div>\n","protected":false},"excerpt":{"rendered":"<p>Las frases que hacen de Eduardo Galeano la voz de Latinoam\u00e9rica por Pablo Jofre Leal Este 3 de septiembre, se cumplen 78 a\u00f1os del nacimiento de uno de los escritores y, por qu\u00e9 no, poetas m\u00e1s grandes de los pueblos de Am\u00e9rica Latina, el uruguayo Eduardo Galeano. Las obras de\u00a0Eduardo Galeano\u00a0marcaron para los pueblos del [&hellip;]<\/p>\n","protected":false},"author":249,"featured_media":31892,"comment_status":"open","ping_status":"closed","sticky":false,"template":"","format":"standard","meta":{"footnotes":""},"categories":[26],"tags":[],"class_list":["post-31891","post","type-post","status-publish","format-standard","has-post-thumbnail","hentry","category-mundo"],"_links":{"self":[{"href":"https:\/\/eloficiodehistoriar.com.mx\/index.php?rest_route=\/wp\/v2\/posts\/31891","targetHints":{"allow":["GET"]}}],"collection":[{"href":"https:\/\/eloficiodehistoriar.com.mx\/index.php?rest_route=\/wp\/v2\/posts"}],"about":[{"href":"https:\/\/eloficiodehistoriar.com.mx\/index.php?rest_route=\/wp\/v2\/types\/post"}],"author":[{"embeddable":true,"href":"https:\/\/eloficiodehistoriar.com.mx\/index.php?rest_route=\/wp\/v2\/users\/249"}],"replies":[{"embeddable":true,"href":"https:\/\/eloficiodehistoriar.com.mx\/index.php?rest_route=%2Fwp%2Fv2%2Fcomments&post=31891"}],"version-history":[{"count":3,"href":"https:\/\/eloficiodehistoriar.com.mx\/index.php?rest_route=\/wp\/v2\/posts\/31891\/revisions"}],"predecessor-version":[{"id":31895,"href":"https:\/\/eloficiodehistoriar.com.mx\/index.php?rest_route=\/wp\/v2\/posts\/31891\/revisions\/31895"}],"wp:featuredmedia":[{"embeddable":true,"href":"https:\/\/eloficiodehistoriar.com.mx\/index.php?rest_route=\/wp\/v2\/media\/31892"}],"wp:attachment":[{"href":"https:\/\/eloficiodehistoriar.com.mx\/index.php?rest_route=%2Fwp%2Fv2%2Fmedia&parent=31891"}],"wp:term":[{"taxonomy":"category","embeddable":true,"href":"https:\/\/eloficiodehistoriar.com.mx\/index.php?rest_route=%2Fwp%2Fv2%2Fcategories&post=31891"},{"taxonomy":"post_tag","embeddable":true,"href":"https:\/\/eloficiodehistoriar.com.mx\/index.php?rest_route=%2Fwp%2Fv2%2Ftags&post=31891"}],"curies":[{"name":"wp","href":"https:\/\/api.w.org\/{rel}","templated":true}]}}