{"id":31896,"date":"2023-04-13T11:45:26","date_gmt":"2023-04-13T17:45:26","guid":{"rendered":"https:\/\/eloficiodehistoriar.com.mx\/?p=31896"},"modified":"2023-04-13T11:45:26","modified_gmt":"2023-04-13T17:45:26","slug":"marca-de-vida-pelicula","status":"publish","type":"post","link":"https:\/\/eloficiodehistoriar.com.mx\/?p=31896","title":{"rendered":"\u201cMarca de vida\u201d, pel\u00edcula"},"content":{"rendered":"<div class=\"post-author d-flex justify-content-start align-items-center\">\n<p>Por\u00a0<a href=\"https:\/\/www.aciprensa.com\/autor\/56\/nicolas-de-cardenas\">Nicol\u00e1s de C\u00e1rdenas<\/a><\/p>\n<\/div>\n<p class=\"post-info\">13 de abril de 2023 \/ 6:20 a. m.<\/p>\n<div data-io-article-url=\"https:\/\/www.aciprensa.com\/noticias\/llega-a-espana-marca-de-vida-un-film-sobre-la-adopcion-frente-a-la-cultura-de-la-muerte-12334\">\n<p>Este viernes 14 de abril llega a los cines de Espa\u00f1a \u201cMarca de vida\u201d, una pel\u00edcula producida por el popular Kirk Cameron que est\u00e1 basada en hechos reales y resalta el valor de la adopci\u00f3n frente a la cultura de la muerte.<\/p>\n<p>La cinta ofrece al espectador la posibilidad de hacer un viaje a trav\u00e9s de las dudas, la curiosidad, el miedo y la alegr\u00eda de un joven adoptado que, al cumplir los 18 a\u00f1os, tiene la posibilidad de conocer a sus padres biol\u00f3gicos.<\/p>\n<p>Estrenada en los Estados Unidos en 2022, la cinta recrea la historia de David Scotton, cuya madre biol\u00f3gica, Melissa Coles, se enfrent\u00f3 a la circunstancia de un embarazo inesperado en la adolescencia.<\/p>\n<div class=\"full-width-ad mt-5 mb-5 lightest-grey-bg\">\n<div>\n<div id=\"div-gpt-ad-1460055153120-0\" data-google-query-id=\"CKnd75Syp_4CFYC20QQdbDQKiA\">\n<div id=\"google_ads_iframe_\/35602961\/ACI_P_Article_1_0__container__\">A punto de abortar, la presencia de voluntarios provida fue providencial en su decisi\u00f3n de apostar por la vida de su hijo para darlo en adopci\u00f3n.<\/div>\n<\/div>\n<\/div>\n<\/div>\n<p>Un discurso de Scotton en su instituto de Nueva Orleans despert\u00f3 el inter\u00e9s del director ejecutivo en Luisiana de la organizaci\u00f3n provida Right to Life, Benjamin Clapper. As\u00ed naci\u00f3 el documental \u201c<em>I Lived on Parker Avenue\u201d<\/em>\u00a0(Yo viv\u00ed en Parker Avenue), sobre el que se basa el largometraje.<\/p>\n<p>En declaraciones facilitadas por la distribuidora en Espa\u00f1a, European Dreams Factory, Scotton se\u00f1ala que la pel\u00edcula muestra que la adopci\u00f3n \u201ces una opci\u00f3n hermosa\u201d.<\/p>\n<div class=\"box post-widget related-post\">\n<h4 class=\"box-title\">\u201cPuede salvar una vida como salv\u00f3 la m\u00eda, y tambi\u00e9n construir una familia como constru\u00ed la m\u00eda\u201d, se\u00f1ala el protagonista real de la historia.<\/h4>\n<\/div>\n<p>\u201cMarca de vida\u201d se estrena en cerca de una treintena de ciudades espa\u00f1olas. Las personas que est\u00e9n interesadas en pedir el estreno de la cinta en alg\u00fan lugar en especial o en una proyecci\u00f3n particular, pueden hacerlo\u00a0<a href=\"https:\/\/www.marcadevida.es\/\" target=\"_blank\" rel=\"noopener\">a trav\u00e9s del sitio web de la pel\u00edcula<\/a>.<\/p>\n<\/div>\n","protected":false},"excerpt":{"rendered":"<p>Por\u00a0Nicol\u00e1s de C\u00e1rdenas 13 de abril de 2023 \/ 6:20 a. m. Este viernes 14 de abril llega a los cines de Espa\u00f1a \u201cMarca de vida\u201d, una pel\u00edcula producida por el popular Kirk Cameron que est\u00e1 basada en hechos reales y resalta el valor de la adopci\u00f3n frente a la cultura de la muerte. La [&hellip;]<\/p>\n","protected":false},"author":249,"featured_media":31897,"comment_status":"open","ping_status":"closed","sticky":false,"template":"","format":"standard","meta":{"footnotes":""},"categories":[26],"tags":[],"class_list":["post-31896","post","type-post","status-publish","format-standard","has-post-thumbnail","hentry","category-mundo"],"_links":{"self":[{"href":"https:\/\/eloficiodehistoriar.com.mx\/index.php?rest_route=\/wp\/v2\/posts\/31896","targetHints":{"allow":["GET"]}}],"collection":[{"href":"https:\/\/eloficiodehistoriar.com.mx\/index.php?rest_route=\/wp\/v2\/posts"}],"about":[{"href":"https:\/\/eloficiodehistoriar.com.mx\/index.php?rest_route=\/wp\/v2\/types\/post"}],"author":[{"embeddable":true,"href":"https:\/\/eloficiodehistoriar.com.mx\/index.php?rest_route=\/wp\/v2\/users\/249"}],"replies":[{"embeddable":true,"href":"https:\/\/eloficiodehistoriar.com.mx\/index.php?rest_route=%2Fwp%2Fv2%2Fcomments&post=31896"}],"version-history":[{"count":1,"href":"https:\/\/eloficiodehistoriar.com.mx\/index.php?rest_route=\/wp\/v2\/posts\/31896\/revisions"}],"predecessor-version":[{"id":31898,"href":"https:\/\/eloficiodehistoriar.com.mx\/index.php?rest_route=\/wp\/v2\/posts\/31896\/revisions\/31898"}],"wp:featuredmedia":[{"embeddable":true,"href":"https:\/\/eloficiodehistoriar.com.mx\/index.php?rest_route=\/wp\/v2\/media\/31897"}],"wp:attachment":[{"href":"https:\/\/eloficiodehistoriar.com.mx\/index.php?rest_route=%2Fwp%2Fv2%2Fmedia&parent=31896"}],"wp:term":[{"taxonomy":"category","embeddable":true,"href":"https:\/\/eloficiodehistoriar.com.mx\/index.php?rest_route=%2Fwp%2Fv2%2Fcategories&post=31896"},{"taxonomy":"post_tag","embeddable":true,"href":"https:\/\/eloficiodehistoriar.com.mx\/index.php?rest_route=%2Fwp%2Fv2%2Ftags&post=31896"}],"curies":[{"name":"wp","href":"https:\/\/api.w.org\/{rel}","templated":true}]}}