{"id":31903,"date":"2023-04-14T12:26:30","date_gmt":"2023-04-14T18:26:30","guid":{"rendered":"https:\/\/eloficiodehistoriar.com.mx\/?p=31903"},"modified":"2023-04-14T12:26:42","modified_gmt":"2023-04-14T18:26:42","slug":"murakami-y-su-primera-novela-en-seis-anos-solo-publicada-en-japones","status":"publish","type":"post","link":"https:\/\/eloficiodehistoriar.com.mx\/?p=31903","title":{"rendered":"Murakami y su primera novela en seis a\u00f1os, s\u00f3lo publicada en japon\u00e9s"},"content":{"rendered":"<div id=\"article-cont\" class=\"main-cont article-cont actuality\">\n<div class=\"cabeza\">Admiradores de Murakami se agolpan para comprar su primera novela en seis a\u00f1os<\/div>\n<div class=\"sumarios\">\n<p>De momento, el libro\u00a0<em>La ciudad y sus muros inciertos<\/em>\u00a0s\u00f3lo est\u00e1 publicado en japon\u00e9s<\/p>\n<\/div>\n<div id=\"article-text\" class=\"text\">\n<div class=\"foto\">\n<div class=\"pie-foto\">Decenas de lectores de Murakami (sobre estas l\u00edneas) se reunieron la madrugada del jueves en la librer\u00eda Kinokuniya, en Tokio.<\/div>\n<div><\/div>\n<\/div>\n<div class=\"col col1\">\n<div class=\"credito-autor\">Afp<\/div>\n<div class=\"credito-titulo\"><\/div>\n<div class=\"hemero\">\n<p>La Jornada<\/p>\n<\/div>\n<p class=\"s-s\">Tokio .<\/p>\n<p class=\"s-s\">Decenas de admiradores del renombrado autor japon\u00e9s Haruki Murakami se reunieron ayer frente a una librer\u00eda de Tokio ante el lanzamiento a medianoche de su primera novela en seis a\u00f1os.<\/p>\n<p>Los ejemplares del libro\u00a0<em>The City and Its Uncertain Walls (La ciudad y sus muros inciertos)\u00a0<\/em>estaban apilados en las mesas de entrada de la cadena de librer\u00edas Kinokuniya, en un c\u00e9ntrico barrio de la capital japonesa.<\/p>\n<p>El libro s\u00f3lo est\u00e1 publicado en japon\u00e9s de momento, aunque posteriormente saldr\u00e1n las traducciones.<\/p>\n<p>Las obras del autor, surrealistas y salpicadas de referencias a la cultura popular, han sido traducidas a unos 50 idiomas.<\/p>\n<p>Shunsuke Mitsumoto fue uno de los primeros en comprar un ejemplar del libro de Murakami, que cuenta con gran reconocimiento internacional.<\/p>\n<p><q>Quiero leerlo en cuanto llegue a casa. Por mucho que quiera saborear cada frase, probablemente lo lea todo de una vez<\/q>, expres\u00f3 el hombre, de 39 a\u00f1os.<\/p>\n<\/div>\n<div class=\"col col2\">\n<p><q>Estoy emocionado de pensar que este libro nos llevar\u00e1 de nuevo a otro mundo<\/q>, agreg\u00f3 Mitsumoto, integrante de un grupo de lectura de Murakami.<\/p>\n<p>La novela anterior del escritor de 74 a\u00f1os,<em>\u00a0La muerte del comendador,<\/em>\u00a0se public\u00f3 en febrero de 2017.<\/p>\n<p>En un comunicado de la editorial Shinchosha, Murakami dijo que escribi\u00f3 la novela mientras estaba aislado durante la pandemia de covid-19.<\/p>\n<p>El autor, que ha sido aspirante al Premio Nobel de Literatura, fue muy enigm\u00e1tico al describir su proceso de creaci\u00f3n. Fue como \u201cun \u2018lector de sue\u00f1os\u2019 que cuenta un \u2018viejo sue\u00f1o\u2019 en una biblioteca\u201d, afirm\u00f3.<\/p>\n<p>Otra admiradora asegur\u00f3 el jueves que el autor era\u00a0<q>querido por una amplia gama de personas<\/q>.<\/p>\n<p><q>Muchos fans parecen ser de la generaci\u00f3n de mis padres, pero tambi\u00e9n hay muchos admiradores en mi generaci\u00f3n<\/q>, afirm\u00f3 Chikako Muramatsu, de 28 a\u00f1os.<\/p>\n<\/div>\n<\/div>\n<div class=\"go gui\">\n<div class=\"go-up\"><\/div>\n<\/div>\n<\/div>\n<div id=\"taboola-below-content-thumbnails\" class=\" trc_related_container trc_spotlight_widget tbl-feed-container tbl-feed-frame-DIVIDER render-late-effect\" data-feed-container-num=\"1\" data-feed-main-container-id=\"taboola-below-content-thumbnails\" data-parent-placement-name=\"Below Content Thumbnails\" data-pub-lang=\"es\">\n<div class=\" tbl-feed-header tbl-logo-right-position\">\n<div class=\"tbl-feed-header-logo\"><\/div>\n<\/div>\n<\/div>\n","protected":false},"excerpt":{"rendered":"<p>Admiradores de Murakami se agolpan para comprar su primera novela en seis a\u00f1os De momento, el libro\u00a0La ciudad y sus muros inciertos\u00a0s\u00f3lo est\u00e1 publicado en japon\u00e9s Decenas de lectores de Murakami (sobre estas l\u00edneas) se reunieron la madrugada del jueves en la librer\u00eda Kinokuniya, en Tokio. Afp La Jornada Tokio . Decenas de admiradores del [&hellip;]<\/p>\n","protected":false},"author":249,"featured_media":31904,"comment_status":"open","ping_status":"closed","sticky":false,"template":"","format":"standard","meta":{"footnotes":""},"categories":[26],"tags":[],"class_list":["post-31903","post","type-post","status-publish","format-standard","has-post-thumbnail","hentry","category-mundo"],"_links":{"self":[{"href":"https:\/\/eloficiodehistoriar.com.mx\/index.php?rest_route=\/wp\/v2\/posts\/31903","targetHints":{"allow":["GET"]}}],"collection":[{"href":"https:\/\/eloficiodehistoriar.com.mx\/index.php?rest_route=\/wp\/v2\/posts"}],"about":[{"href":"https:\/\/eloficiodehistoriar.com.mx\/index.php?rest_route=\/wp\/v2\/types\/post"}],"author":[{"embeddable":true,"href":"https:\/\/eloficiodehistoriar.com.mx\/index.php?rest_route=\/wp\/v2\/users\/249"}],"replies":[{"embeddable":true,"href":"https:\/\/eloficiodehistoriar.com.mx\/index.php?rest_route=%2Fwp%2Fv2%2Fcomments&post=31903"}],"version-history":[{"count":2,"href":"https:\/\/eloficiodehistoriar.com.mx\/index.php?rest_route=\/wp\/v2\/posts\/31903\/revisions"}],"predecessor-version":[{"id":31906,"href":"https:\/\/eloficiodehistoriar.com.mx\/index.php?rest_route=\/wp\/v2\/posts\/31903\/revisions\/31906"}],"wp:featuredmedia":[{"embeddable":true,"href":"https:\/\/eloficiodehistoriar.com.mx\/index.php?rest_route=\/wp\/v2\/media\/31904"}],"wp:attachment":[{"href":"https:\/\/eloficiodehistoriar.com.mx\/index.php?rest_route=%2Fwp%2Fv2%2Fmedia&parent=31903"}],"wp:term":[{"taxonomy":"category","embeddable":true,"href":"https:\/\/eloficiodehistoriar.com.mx\/index.php?rest_route=%2Fwp%2Fv2%2Fcategories&post=31903"},{"taxonomy":"post_tag","embeddable":true,"href":"https:\/\/eloficiodehistoriar.com.mx\/index.php?rest_route=%2Fwp%2Fv2%2Ftags&post=31903"}],"curies":[{"name":"wp","href":"https:\/\/api.w.org\/{rel}","templated":true}]}}