{"id":31910,"date":"2023-04-14T12:43:20","date_gmt":"2023-04-14T18:43:20","guid":{"rendered":"https:\/\/eloficiodehistoriar.com.mx\/?p=31910"},"modified":"2023-04-14T12:43:20","modified_gmt":"2023-04-14T18:43:20","slug":"james-joyce-dublin-1882-zurich-1941-escritor-irlandes-en-lengua-inglesa","status":"publish","type":"post","link":"https:\/\/eloficiodehistoriar.com.mx\/?p=31910","title":{"rendered":"James Joyce  (Dubl\u00edn, 1882 &#8211; Zurich, 1941) Escritor irland\u00e9s en lengua inglesa"},"content":{"rendered":"<h1>James Joyce<\/h1>\n<p class=\"biog\">(Dubl\u00edn, 1882 &#8211; Zurich, 1941) Escritor irland\u00e9s en lengua inglesa. Junto con el franc\u00e9s\u00a0<a href=\"https:\/\/www.biografiasyvidas.com\/biografia\/p\/proust.htm\">Marcel Proust<\/a>, el checo\u00a0<a href=\"https:\/\/www.biografiasyvidas.com\/biografia\/k\/kafka.htm\">Franz Kafka<\/a>\u00a0y el estadounidense\u00a0<a href=\"https:\/\/www.biografiasyvidas.com\/biografia\/f\/faulkner.htm\">William Faulkner<\/a>, fue uno de los principales art\u00edfices de la profunda renovaci\u00f3n de las t\u00e9cnicas narrativas que, en las primeras d\u00e9cadas del siglo XX, conducir\u00eda a la definitiva superaci\u00f3n del realismo decimon\u00f3nico.<\/p>\n<p class=\"biog\">Nacido en el seno de una familia de arraigada tradici\u00f3n cat\u00f3lica, estudi\u00f3 en el colegio de jesuitas de Belvedere entre 1893 y 1898, a\u00f1o en que se matricul\u00f3 en la National University de Dubl\u00edn, en la que comenz\u00f3 a aprender varias lenguas y a interesarse por la gram\u00e1tica comparada.<\/p>\n<p class=\"biog\">Su formaci\u00f3n jesu\u00edtica, que siempre reivindic\u00f3, le inculc\u00f3 un esp\u00edritu riguroso y met\u00f3dico que se refleja incluso en sus composiciones literarias m\u00e1s innovadoras y experimentales. Manifest\u00f3 cierto rechazo por la b\u00fasqueda nacionalista de los or\u00edgenes de la identidad irlandesa, y su voluntad de preservar su propia experiencia ling\u00fc\u00edstica, que guiar\u00eda todo su trabajo literario, le condujo a reivindicar su lengua materna, el ingl\u00e9s, en detrimento de una lengua ga\u00e9lica que estimaba readoptada y promovida artificialmente.<\/p>\n<p class=\"biog\">En 1902 se instal\u00f3 en Par\u00eds, con la intenci\u00f3n de estudiar literatura, pero en 1903 regres\u00f3 a Irlanda, donde se dedic\u00f3 a la ense\u00f1anza. En 1904 contrajo matrimonio y se traslad\u00f3 a Zurich, donde vivi\u00f3 hasta 1906, a\u00f1o en que pas\u00f3 a Trieste, donde dio clases de ingl\u00e9s en una academia de idiomas. Su primer libro, el volumen de poemas\u00a0<i>M\u00fasica de c\u00e1mara<\/i>\u00a0(<em>Chamber Music<\/em>), apareci\u00f3 en 1907; en 1912 volvi\u00f3 a su pa\u00eds con la intenci\u00f3n de publicar una serie de quince relatos cortos dedicados a la gente de Dubl\u00edn,\u00a0<i>Dublineses<\/i>\u00a0(<em>Dubliners<\/em>), que finalmente vieron la luz en 1914.<\/p>\n<p class=\"biog\">Durante la\u00a0<a href=\"https:\/\/www.biografiasyvidas.com\/historia\/primera_guerra_mundial.htm\">Primera Guerra Mundial<\/a>\u00a0vivi\u00f3 pobremente junto a su mujer y sus dos hijos en Zurich y Locarno. La novela semiautobiogr\u00e1fica\u00a0<i>Retrato del artista adolescente<\/i>\u00a0(<em>Portrait of the Artist as a Young Man<\/em>), de sentido profundamente ir\u00f3nico, que empez\u00f3 a publicarse en 1914 en la revista The Egoist y apareci\u00f3 dos a\u00f1os despu\u00e9s en forma de libro en Nueva York, lo dio a conocer a un p\u00fablico m\u00e1s amplio.<\/p>\n<p class=\"biog\">Pero su consagraci\u00f3n literaria completa s\u00f3lo le lleg\u00f3 con la publicaci\u00f3n de su obra maestra,\u00a0<i>Ulises<\/i>\u00a0(Ulysses, 1922), novela experimental en la que intent\u00f3 que cada uno de sus episodios o aventuras no s\u00f3lo condicionara, sino que tambi\u00e9n \u00abprodujera\u00bb su propia t\u00e9cnica literaria: as\u00ed, al lado del \u00abflujo de conciencia\u00bb (t\u00e9cnica que hab\u00eda usado ya en su novela anterior), se encuentran cap\u00edtulos escritos al modo period\u00edstico o incluso imitando los catecismos. Inversi\u00f3n ir\u00f3nica de\u00a0<a href=\"https:\/\/www.biografiasyvidas.com\/obra\/odisea.htm\">la\u00a0<em>Odisea<\/em><\/a>\u00a0de\u00a0<a href=\"https:\/\/www.biografiasyvidas.com\/biografia\/h\/homero.htm\">Homero<\/a>, la novela explora meticulosamente veinticuatro horas en la vida del protagonista, durante las cuales \u00e9ste intenta no volver a casa, porque sabe que su mujer le est\u00e1 siendo infiel.<\/p>\n<p class=\"biog\">Una breve estancia en Inglaterra, en 1922, le sugiri\u00f3 el tema de una nueva obra, que emprendi\u00f3 en 1923 y de la que fue publicando extractos durante muchos a\u00f1os, pero que no alcanzar\u00eda su forma definitiva hasta 1939, fecha de su publicaci\u00f3n, con el t\u00edtulo de\u00a0<i>Finnegan&#8217;s wake<\/i>. En ella, la tradicional aspiraci\u00f3n literaria al \u00abestilo propio\u00bb es llevada al extremo y, con ello, al absurdo, pues el lenguaje deriva experimentalmente, desde el ingl\u00e9s, hacia un idioma propio del texto y de Joyce. Para su composici\u00f3n, el autor amalgam\u00f3 elementos de hasta sesenta idiomas diferentes, vocablos ins\u00f3litos y formas sint\u00e1cticas completamente nuevas. Durante la\u00a0<a href=\"https:\/\/www.biografiasyvidas.com\/monografia\/hitler\/guerra_mundial.htm\">Segunda Guerra Mundial<\/a>\u00a0se traslad\u00f3 de nuevo a Zurich, donde muri\u00f3 ya casi completamente ciego.<\/p>\n<p class=\"biog\">La obra de Joyce est\u00e1 consagrada a Irlanda, aunque vivi\u00f3 poco tiempo all\u00ed, y mantuvo siempre una relaci\u00f3n conflictiva con su compleja realidad pol\u00edtica e hist\u00f3rica. Sus innovaciones narrativas, entre ellas el uso excepcional del \u00abflujo de conciencia\u00bb, as\u00ed como la exquisita t\u00e9cnica mediante la que desintegra el lenguaje convencional y lo dobla con otro, completamente personal, simb\u00f3lico e \u00edntimo a la vez, y la dimensi\u00f3n ir\u00f3nica y profundamente humana que, sin embargo, recorre toda su obra, lo convierten en uno de los novelistas m\u00e1s influyentes y renovadores del siglo XX.<\/p>\n<p>&nbsp;<\/p>\n<p>&nbsp;<\/p>\n<p class=\"citar\">Fern\u00e1ndez, Tom\u00e1s y Tamaro, Elena.<\/p>\n","protected":false},"excerpt":{"rendered":"<p>James Joyce (Dubl\u00edn, 1882 &#8211; Zurich, 1941) Escritor irland\u00e9s en lengua inglesa. Junto con el franc\u00e9s\u00a0Marcel Proust, el checo\u00a0Franz Kafka\u00a0y el estadounidense\u00a0William Faulkner, fue uno de los principales art\u00edfices de la profunda renovaci\u00f3n de las t\u00e9cnicas narrativas que, en las primeras d\u00e9cadas del siglo XX, conducir\u00eda a la definitiva superaci\u00f3n del realismo decimon\u00f3nico. Nacido en [&hellip;]<\/p>\n","protected":false},"author":249,"featured_media":31911,"comment_status":"open","ping_status":"closed","sticky":false,"template":"","format":"standard","meta":{"footnotes":""},"categories":[26],"tags":[],"class_list":["post-31910","post","type-post","status-publish","format-standard","has-post-thumbnail","hentry","category-mundo"],"_links":{"self":[{"href":"https:\/\/eloficiodehistoriar.com.mx\/index.php?rest_route=\/wp\/v2\/posts\/31910","targetHints":{"allow":["GET"]}}],"collection":[{"href":"https:\/\/eloficiodehistoriar.com.mx\/index.php?rest_route=\/wp\/v2\/posts"}],"about":[{"href":"https:\/\/eloficiodehistoriar.com.mx\/index.php?rest_route=\/wp\/v2\/types\/post"}],"author":[{"embeddable":true,"href":"https:\/\/eloficiodehistoriar.com.mx\/index.php?rest_route=\/wp\/v2\/users\/249"}],"replies":[{"embeddable":true,"href":"https:\/\/eloficiodehistoriar.com.mx\/index.php?rest_route=%2Fwp%2Fv2%2Fcomments&post=31910"}],"version-history":[{"count":1,"href":"https:\/\/eloficiodehistoriar.com.mx\/index.php?rest_route=\/wp\/v2\/posts\/31910\/revisions"}],"predecessor-version":[{"id":31912,"href":"https:\/\/eloficiodehistoriar.com.mx\/index.php?rest_route=\/wp\/v2\/posts\/31910\/revisions\/31912"}],"wp:featuredmedia":[{"embeddable":true,"href":"https:\/\/eloficiodehistoriar.com.mx\/index.php?rest_route=\/wp\/v2\/media\/31911"}],"wp:attachment":[{"href":"https:\/\/eloficiodehistoriar.com.mx\/index.php?rest_route=%2Fwp%2Fv2%2Fmedia&parent=31910"}],"wp:term":[{"taxonomy":"category","embeddable":true,"href":"https:\/\/eloficiodehistoriar.com.mx\/index.php?rest_route=%2Fwp%2Fv2%2Fcategories&post=31910"},{"taxonomy":"post_tag","embeddable":true,"href":"https:\/\/eloficiodehistoriar.com.mx\/index.php?rest_route=%2Fwp%2Fv2%2Ftags&post=31910"}],"curies":[{"name":"wp","href":"https:\/\/api.w.org\/{rel}","templated":true}]}}