{"id":31914,"date":"2023-04-15T11:11:12","date_gmt":"2023-04-15T17:11:12","guid":{"rendered":"https:\/\/eloficiodehistoriar.com.mx\/?p=31914"},"modified":"2023-04-15T11:11:12","modified_gmt":"2023-04-15T17:11:12","slug":"compositoras-como-florence-price-ayudara-a-romper-las-barreras-raciales-y-de-genero","status":"publish","type":"post","link":"https:\/\/eloficiodehistoriar.com.mx\/?p=31914","title":{"rendered":"Compositoras como Florence Price, \u00bfayudar\u00e1 a romper las barreras raciales y de g\u00e9nero ?"},"content":{"rendered":"<div id=\"article-cont\" class=\"main-cont article-cont analysis\">\n<div class=\"cabeza\">\u00a1Ideas, a falta de otras!<\/div>\n<div class=\"sumarios\"><\/div>\n<div class=\"credito-articulo\">Juan Arturo Brennan<\/div>\n<div><\/div>\n<div id=\"article-text\" class=\"text\">\n<div class=\"col col1\">\n<div class=\"inicial\">Ofrezco aqu\u00ed algunas ideas que\u00a0bien pudieran ser objeto de interesantes investigaciones musicol\u00f3gicas. El reciente auge y presencia aumentada de las directoras de orquesta en los podios del mundo, \u00bfes reflejo de un cambio de paradigma, o un asunto coyuntural de cuotas? El rescate y difusi\u00f3n de la obra de compositoras como la afroestadunidense Florence Price, \u00bfayudar\u00e1 a romper efectivamente las barreras raciales y de g\u00e9nero en las programaciones musicales de nuestro tiempo, o ser\u00e1 s\u00f3lo un gesto ef\u00edmero? La aparente regresi\u00f3n neo-nacionalista que se percibe en muchas m\u00fasicas acad\u00e9micas latinoamericanas (y mexicanas, espec\u00edficamente) recientes, \u00bfes producto de un impulso aut\u00e9ntico de rescate cultural, o una simple moda acomodaticia a los vaivenes pol\u00edticos e ideol\u00f3gicos del momento? \u00bfQu\u00e9 hay en la ra\u00edz del poderoso y al parecer imparable surgimiento de tantos compositores y compositoras de alt\u00edsima calidad en los pa\u00edses n\u00f3rdicos europeos?<\/div>\n<p>Si me he tomado la molestia de sentarme a reflexionar y luego parir las ideas aqu\u00ed compartidas (sin inter\u00e9s alguno de lucrar con ellas) se debe a que, evidentemente, a algunas prestigiosas instituciones acad\u00e9micas locales y for\u00e1neas se les han secado los respectivos cerebros y han decidido dedicarse a otros, muy diversos y admirables menesteres de investigaci\u00f3n y estudio que, sin duda, se convertir\u00e1n en contribuciones inmarcesibles, indispensables y de referencia para los futuros anales de las indagaciones en materia de cultura musical.<\/p>\n<p>Me refiero espec\u00edficamente a la noticia reciente de que la muy ilustre Universidad de Castilla-La Mancha ha decidido dedicar una jornada acad\u00e9mica de alt\u00edsimo nivel para indagar a fondo sobre las repercusiones y trascendencia de un asunto que tiene al mundo entero en vilo: una espantosa canci\u00f3n que una cantante colombiana de segunda dedica, despechada, a un futbolista catal\u00e1n defenestrado, y en cuya letra exhibe de modo diverso los l\u00edos de cama, celos, infidelidades, rencores y revanchas que dieron al traste con el ejemplar y redituable matrimonio que formaban. Supongo que en los gruesos tomos que surgir\u00e1n de tan profundo af\u00e1n de estudio, las especialistas de aquella universidad espa\u00f1ola no dejar\u00e1n de considerar como elementos de importancia se\u00f1era, por ejemplo, el hecho de que tanto la cantante como el futbolista son g\u00fceros, bonitos, ricos, famosos, medi\u00e1ticos y, de manera muy especial, altamente rentables. Y s\u00ed, m\u00e1s rentables en la medida en que sigan arroj\u00e1ndose mutuamente todo el esti\u00e9rcol del que son capaces, desparram\u00e1ndolo y distribuy\u00e9ndolo generosamente en todas las redes sociales conocidas y por conocer.<\/p>\n<\/div>\n<div class=\"col col2\">\n<p>\u00a1Ah!, \u00bfy la canci\u00f3n en cuesti\u00f3n? Se titula\u00a0<em>Sesi\u00f3n 53,<\/em>\u00a0y en ella la traicionada cantante cuenta con la colaboraci\u00f3n de una especie de mediano productor y\u00a0<em>diy\u00e9i<\/em>\u00a0que se hace llamar Bizarrap. La\u00a0<em>rola<\/em>\u00a0es atrozmente aburrida, reiterativa, derivativa, id\u00e9ntica a tantos otros millones de canciones del momento, con la infaltable reverencia al reguet\u00f3n y una asombrosa escasez de ideas musicales, a pesar de que la int\u00e9rprete afirma en el texto que\u00a0<q>yo s\u00f3lo hago m\u00fasica<\/q>\u00a0y, de paso, se compara con un Ferrari y un R\u00f3lex. \u00a1Que viva la autoestima medida en mercanc\u00edas suntuarias! As\u00ed que ahora, adem\u00e1s de la avasalladora presencia medi\u00e1tica de la pedestre canci\u00f3n (m\u00e1s de 500 millones de vistas, y todos los involucrados muri\u00e9ndose de risa mientras van camino al banco), ahora vendr\u00e1n los sesudos coloquios acad\u00e9micos a su respecto, y quiz\u00e1s un sabroso juicio legal, y tantas otras cosas que sin duda le llenar\u00e1n el ojito (y los bolsillos) a medio mundo, en particular a los autonombrados\u00a0<q>periodistas de espect\u00e1culos<\/q>, quienes, sobre todo en nuestro \u00e1mbito, no son otra cosa sino una parvada de buitres carro\u00f1eros que se dedican (claro, con la complicidad abierta de los\u00a0<q>artistas<\/q>) a hurgar sin pudor entre las s\u00e1banas y la ropa interior de los famosos, para despu\u00e9s lucrar con las secreciones que ah\u00ed encuentran y hacerse millonarios. No s\u00e9 si estoy de acuerdo con el concepto del\u00a0<q>fin de la historia<\/q>\u00a0que pregona Francis Fukuyama, pero s\u00ed temo que estamos al borde de un precipicio por el que se va a despe\u00f1ar el discurso cultural.<\/p>\n<p>Y, por favor, ya que de altos estudios se trata, av\u00edsenme\u00a0<em>ipso facto\u00a0<\/em>cuando queden oficialmente instalados el doctorado Bad Bunny y la c\u00e1tedra Grupo Firme; es mi obligaci\u00f3n profesional seguir prepar\u00e1ndome.<\/p>\n<p class=\"email\">\n<\/div>\n<\/div>\n<div class=\"go gui\">\n<div class=\"go-up\"><\/div>\n<\/div>\n<\/div>\n<div id=\"taboola-below-content-thumbnails\" class=\" trc_related_container trc_spotlight_widget tbl-feed-container tbl-feed-frame-DIVIDER  render-late-effect\" data-feed-container-num=\"1\" data-feed-main-container-id=\"taboola-below-content-thumbnails\" data-parent-placement-name=\"Below Content Thumbnails\" data-pub-lang=\"es\">\n<div class=\" tbl-feed-header tbl-logo-right-position\">\n<div class=\"tbl-feed-header-logo\"><\/div>\n<\/div>\n<\/div>\n","protected":false},"excerpt":{"rendered":"<p>\u00a1Ideas, a falta de otras! Juan Arturo Brennan Ofrezco aqu\u00ed algunas ideas que\u00a0bien pudieran ser objeto de interesantes investigaciones musicol\u00f3gicas. El reciente auge y presencia aumentada de las directoras de orquesta en los podios del mundo, \u00bfes reflejo de un cambio de paradigma, o un asunto coyuntural de cuotas? El rescate y difusi\u00f3n de la [&hellip;]<\/p>\n","protected":false},"author":249,"featured_media":31915,"comment_status":"open","ping_status":"closed","sticky":false,"template":"","format":"standard","meta":{"footnotes":""},"categories":[26],"tags":[],"class_list":["post-31914","post","type-post","status-publish","format-standard","has-post-thumbnail","hentry","category-mundo"],"_links":{"self":[{"href":"https:\/\/eloficiodehistoriar.com.mx\/index.php?rest_route=\/wp\/v2\/posts\/31914","targetHints":{"allow":["GET"]}}],"collection":[{"href":"https:\/\/eloficiodehistoriar.com.mx\/index.php?rest_route=\/wp\/v2\/posts"}],"about":[{"href":"https:\/\/eloficiodehistoriar.com.mx\/index.php?rest_route=\/wp\/v2\/types\/post"}],"author":[{"embeddable":true,"href":"https:\/\/eloficiodehistoriar.com.mx\/index.php?rest_route=\/wp\/v2\/users\/249"}],"replies":[{"embeddable":true,"href":"https:\/\/eloficiodehistoriar.com.mx\/index.php?rest_route=%2Fwp%2Fv2%2Fcomments&post=31914"}],"version-history":[{"count":1,"href":"https:\/\/eloficiodehistoriar.com.mx\/index.php?rest_route=\/wp\/v2\/posts\/31914\/revisions"}],"predecessor-version":[{"id":31916,"href":"https:\/\/eloficiodehistoriar.com.mx\/index.php?rest_route=\/wp\/v2\/posts\/31914\/revisions\/31916"}],"wp:featuredmedia":[{"embeddable":true,"href":"https:\/\/eloficiodehistoriar.com.mx\/index.php?rest_route=\/wp\/v2\/media\/31915"}],"wp:attachment":[{"href":"https:\/\/eloficiodehistoriar.com.mx\/index.php?rest_route=%2Fwp%2Fv2%2Fmedia&parent=31914"}],"wp:term":[{"taxonomy":"category","embeddable":true,"href":"https:\/\/eloficiodehistoriar.com.mx\/index.php?rest_route=%2Fwp%2Fv2%2Fcategories&post=31914"},{"taxonomy":"post_tag","embeddable":true,"href":"https:\/\/eloficiodehistoriar.com.mx\/index.php?rest_route=%2Fwp%2Fv2%2Ftags&post=31914"}],"curies":[{"name":"wp","href":"https:\/\/api.w.org\/{rel}","templated":true}]}}