{"id":31922,"date":"2023-04-15T11:29:26","date_gmt":"2023-04-15T17:29:26","guid":{"rendered":"https:\/\/eloficiodehistoriar.com.mx\/?p=31922"},"modified":"2023-04-15T11:29:26","modified_gmt":"2023-04-15T17:29:26","slug":"fernando-leon-de-aranoa-con-sintiendolo-mucho-resultado-de-15-anos-siguiendo-a-joaquin-sabina","status":"publish","type":"post","link":"https:\/\/eloficiodehistoriar.com.mx\/?p=31922","title":{"rendered":"Fernando Le\u00f3n de Aranoa con \u00abSinti\u00e9ndolo mucho\u00bb resultado de 15 a\u00f1os siguiendo a Joaqu\u00edn Sabina."},"content":{"rendered":"<div class=\"cabeza\">Sabina sin bomb\u00edn<\/div>\n<div class=\"sumarios\"><\/div>\n<div class=\"credito-articulo\">Leonardo Garc\u00eda Tsao<\/div>\n<div id=\"article-text\" class=\"text\">\n<div class=\"foto\">\n<div class=\"pie-foto\">Ciertamente la trayectoria del cineasta madrile\u00f1o Fernando Le\u00f3n de Aranoa est\u00e1 pasando por su mejor momento. Hace dos a\u00f1os consigui\u00f3 con\u00a0<em>El buen patr\u00f3n\u00a0<\/em>el que quiz\u00e1 sea su m\u00e1s logrado trabajo de ficci\u00f3n a la fecha. Y en 2022 estren\u00f3 en el festival de San Sebasti\u00e1n su documental\u00a0<em>Sinti\u00e9ndolo mucho<\/em>, el resultado de seguir con su c\u00e1mara desde hace 15 a\u00f1os al cantautor espa\u00f1ol Joaqu\u00edn Sabina.<\/div>\n<\/div>\n<div class=\"col col1\">\n<p>Lejos de ser una cr\u00f3nica lineal de ese periodo, el documental salta en sus tiempos y locaciones siguiendo la trashumante personalidad de su objeto de estudio. Y con esa visi\u00f3n caleidosc\u00f3pica acaba consiguiendo el retrato m\u00e1s cabal de Sabina, visto como un poeta de la calle y del barrio bajo, un simp\u00e1tico sinverg\u00fcenza con un gran sentido de la autocr\u00edtica, que no pierde de vista sus alcances y sus limitaciones.<\/p>\n<p>Le\u00f3n de Aranoa intercala escenas de los conciertos del m\u00fasico, yendo de Madrid a M\u00e9xico, pasando por Argentina, con atisbos a sus intercambios con diferentes personalidades \u2013Joan Manuel Serrat, el compositor Benjam\u00edn Prado, el torero Jos\u00e9 Tom\u00e1s\u2013, todo enmarcado por una larga entrevista en la que el cineasta funge de discreto interlocutor para extraer de Sabina las instancias m\u00e1s reveladoras de su particular filosof\u00eda sobre la vida. Y en cada momento, el compositor saca a relucir su sentido del humor, rematando cada frase suya con una contagiosa risa entre cordial y nerviosa.<\/p>\n<p>En especial interesante es el Sabina que se sabe hasta cierto punto domesticado. Atr\u00e1s quedaron los tiempos de\u00a0<q>sexo, drogas y rocanrol<\/q>, en sus palabras, y ahora, en compa\u00f1\u00eda de su pareja Jimena Coronado, se asume como un hombre m\u00e1s medido \u2013aunque aparece casi siempre con un cigarro y\/o un trago en las manos. El tiempo es un tema preocupante para \u00e9l y reconoce que, a sus setenta y pico a\u00f1os, ya no podr\u00e1 componer\u00a0<q>la canci\u00f3n m\u00e1s hermosa del mundo<\/q>\u00a0pues la inspiraci\u00f3n viene ligada a la juventud y a la mala vida.<\/p>\n<\/div>\n<div class=\"col col2\">\n<p>En el conmovedor ep\u00edlogo, Sabina se da cuenta que su voz est\u00e1 demasiado cascada como para entonar la canci\u00f3n tema del documental. La grabaci\u00f3n se pospone. Mientras en otra secuencia, el m\u00fasico sufre de p\u00e1nico esc\u00e9nico (<q>est\u00e1 muy acojonao<\/q>, dice uno de su equipo) antes de un concierto. Le\u00f3n de Aranoa hace bien en compararlo con el sentir del torero Jos\u00e9 Tom\u00e1s antes de una faena. Obviamente el torero enfrenta algo m\u00e1s grave, la posibilidad de la muerte, pero es una manera de expresar que la entrega de Sabina es total.<\/p>\n<p>En cuanto a su estilo, el cantautor revisa sus diferentes influencias como el rock, la balada a lo Dylan, el tango y las canciones de Jos\u00e9 Alfredo Jim\u00e9nez, a quien dedica una apolog\u00eda al decir que supo combinar el despecho amoroso, la demagogia y la cursiler\u00eda barata en un todo insuperable. Para Sabina es un honor que su composici\u00f3n de mariachi\u00a0<em>Y nos dieron las Diez<\/em>\u00a0sea considerada como aut\u00e9ntica.<\/p>\n<p>Pocos documentales han logrado resumir con tal certeza las virtudes y defectos de una personalidad entra\u00f1able que, en este caso, se niega, a pesar del tiempo, a sentirse en el ocaso.<\/p>\n<p><em>Sinti\u00e9ndolo mucho<\/em>\u00a0puede verse en la plataforma Star +.<\/p>\n<p><em>Sinti\u00e9ndolo mucho<\/em><\/p>\n<p>D y G: Fernando Le\u00f3n de Aranoa \/ F. en C: Mariano Agudo, Jos\u00e9 Mart\u00edn Rosete \/ M: Leiva; canciones varias \/ Ed: Clara Mart\u00ednez Malagelada, Polo Men\u00e1rguez \/ Con: Joaqu\u00edn Sabina, Fernando Le\u00f3n de Aranoa, Joan Manuel Serrat, Jimena Coronado, Jos\u00e9 Tom\u00e1s\/P: BTF Media, Ideal Cinema, Reposado Producciones, Sony Music Spain. Espa\u00f1a, 2022.<\/p>\n<p>Twitter:\u00a0<a href=\"https:\/\/www.twitter.com\/@walyde\" target=\"_blank\" rel=\"noopener\">@walyde<\/a><\/p>\n<\/div>\n<\/div>\n","protected":false},"excerpt":{"rendered":"<p>Sabina sin bomb\u00edn Leonardo Garc\u00eda Tsao Ciertamente la trayectoria del cineasta madrile\u00f1o Fernando Le\u00f3n de Aranoa est\u00e1 pasando por su mejor momento. Hace dos a\u00f1os consigui\u00f3 con\u00a0El buen patr\u00f3n\u00a0el que quiz\u00e1 sea su m\u00e1s logrado trabajo de ficci\u00f3n a la fecha. Y en 2022 estren\u00f3 en el festival de San Sebasti\u00e1n su documental\u00a0Sinti\u00e9ndolo mucho, el [&hellip;]<\/p>\n","protected":false},"author":249,"featured_media":31923,"comment_status":"open","ping_status":"closed","sticky":false,"template":"","format":"standard","meta":{"footnotes":""},"categories":[26],"tags":[],"class_list":["post-31922","post","type-post","status-publish","format-standard","has-post-thumbnail","hentry","category-mundo"],"_links":{"self":[{"href":"https:\/\/eloficiodehistoriar.com.mx\/index.php?rest_route=\/wp\/v2\/posts\/31922","targetHints":{"allow":["GET"]}}],"collection":[{"href":"https:\/\/eloficiodehistoriar.com.mx\/index.php?rest_route=\/wp\/v2\/posts"}],"about":[{"href":"https:\/\/eloficiodehistoriar.com.mx\/index.php?rest_route=\/wp\/v2\/types\/post"}],"author":[{"embeddable":true,"href":"https:\/\/eloficiodehistoriar.com.mx\/index.php?rest_route=\/wp\/v2\/users\/249"}],"replies":[{"embeddable":true,"href":"https:\/\/eloficiodehistoriar.com.mx\/index.php?rest_route=%2Fwp%2Fv2%2Fcomments&post=31922"}],"version-history":[{"count":1,"href":"https:\/\/eloficiodehistoriar.com.mx\/index.php?rest_route=\/wp\/v2\/posts\/31922\/revisions"}],"predecessor-version":[{"id":31924,"href":"https:\/\/eloficiodehistoriar.com.mx\/index.php?rest_route=\/wp\/v2\/posts\/31922\/revisions\/31924"}],"wp:featuredmedia":[{"embeddable":true,"href":"https:\/\/eloficiodehistoriar.com.mx\/index.php?rest_route=\/wp\/v2\/media\/31923"}],"wp:attachment":[{"href":"https:\/\/eloficiodehistoriar.com.mx\/index.php?rest_route=%2Fwp%2Fv2%2Fmedia&parent=31922"}],"wp:term":[{"taxonomy":"category","embeddable":true,"href":"https:\/\/eloficiodehistoriar.com.mx\/index.php?rest_route=%2Fwp%2Fv2%2Fcategories&post=31922"},{"taxonomy":"post_tag","embeddable":true,"href":"https:\/\/eloficiodehistoriar.com.mx\/index.php?rest_route=%2Fwp%2Fv2%2Ftags&post=31922"}],"curies":[{"name":"wp","href":"https:\/\/api.w.org\/{rel}","templated":true}]}}