{"id":31925,"date":"2023-04-15T11:34:58","date_gmt":"2023-04-15T17:34:58","guid":{"rendered":"https:\/\/eloficiodehistoriar.com.mx\/?p=31925"},"modified":"2023-04-15T11:34:58","modified_gmt":"2023-04-15T17:34:58","slug":"el-documental-jiron-sobre-la-cinta-perdida-de-enrique-taboada-su-ultimo-trabajo","status":"publish","type":"post","link":"https:\/\/eloficiodehistoriar.com.mx\/?p=31925","title":{"rendered":"El documental\u00a0\u00abJir\u00f3n\u00bb sobre la cinta perdida de Enrique Taboada, su \u00faltimo trabajo"},"content":{"rendered":"<div id=\"article-cont\" class=\"main-cont article-cont actuality\">\n<div class=\"cabeza\">El documental\u00a0<em>Jir\u00f3n\u00a0<\/em>despeja inc\u00f3gnitas sobre la cinta perdida de Enrique Taboada<\/div>\n<div class=\"sumarios\">\n<p>Es acerca del \u00faltimo trabajo del creador de\u00a0<em>El libro de piedra<\/em>\u00a0y\u00a0<em>Hasta el viento tiene miedo<\/em><\/p>\n<\/div>\n<div id=\"article-text\" class=\"text\">\n<div class=\"foto\">\n<div class=\"pie-foto\">El documental ha llegado al Festival Internacional de Cine Fant\u00e1stico y de Terror M\u00f3rbido y al de Sitges. Desde hoy, disponible en salas de la Ciudad de M\u00e9xico, Edomex, Chiapas, Puebla y Quintana Roo.<\/div>\n<div><\/div>\n<\/div>\n<div class=\"col col1\">\n<div class=\"credito-autor\">Juan Ibarra<\/div>\n<div class=\"credito-titulo\"><\/div>\n<div class=\"hemero\">La Jornada<\/p>\n<\/div>\n<p class=\"s-s\">Dirigido por Christian Cueva hoy se estrena en las salas cinematogr\u00e1ficas el documental\u00a0<em>Jir\u00f3n<\/em>, sobre la historia oculta del largometraje\u00a0<em>Jir\u00f3n de niebla<\/em>, \u00faltima pel\u00edcula de Carlos Enrique Taboada, que una vez terminada desapareci\u00f3 y que el tiempo dej\u00f3 en el olvido. Con\u00a0<em>Jir\u00f3n<\/em>, Cueva despeja algunas inc\u00f3gnitas acerca de qu\u00e9 fue lo que realmente pas\u00f3 con esta obra del emblem\u00e1tico director de cine de terror m\u00e1s importante de M\u00e9xico.<\/p>\n<p>Un d\u00eda, el director Christian Cueva se enter\u00f3 de que un grupo de cineastas ten\u00eda la intenci\u00f3n de filmar una pel\u00edcula bas\u00e1ndose en un guion del realizador Carlos Enrique Taboada.\u00a0<q>A m\u00ed eso me emocion\u00f3 mucho porque como fan\u00e1tico de Taboada y del cine de terror era estimulante poder ver finalmente esta pel\u00edcula que \u00e9l nunca hab\u00eda podido hacer<\/q>, record\u00f3 en entrevista.<\/p>\n<p>En su euforia, Christian llam\u00f3 a su amigo Pablo Guisa, director del Festival Internacional de Cine Fant\u00e1stico y de Terror M\u00f3rbido, s\u00f3lo para enterarse de que Taboada s\u00ed hab\u00eda filmado esa pel\u00edcula, que su nombre era\u00a0<em>Jir\u00f3n de niebla<\/em>, pero estaba perdida y nunca nadie la hab\u00eda visto. Por entonces Cueva se encontraba incursionando en el periodismo, y esto hizo que la noticia despertara su inter\u00e9s por indagar al respecto.<\/p>\n<p class=\"sumario\">Investigar el paradero de la obra perdida<\/p>\n<p class=\"s-s\">\u201cEse d\u00eda tuve dos grandes sorpresas y dos grandes descubrimientos. Esto que me dijo Pablo hizo que se combinaran dos cosas en mi cabeza, por un lado mi pasi\u00f3n por el cine de terror de Taboada, y por otro lado mi instinto como periodista. Y se cre\u00f3 en mi cabeza esta pregunta de \u00bfd\u00f3nde est\u00e1\u00a0<em>Jir\u00f3n de niebla<\/em>?\u201d, relat\u00f3.<\/p>\n<p>A partir de entonces, Cueva se dio a la tarea de investigar m\u00e1s sobre el paradero de la obra perdida. Carlos Enrique Taboada era el responsable de una\u00a0<q>tetralog\u00eda de terror<\/q>\u00a0que el director no s\u00f3lo conoc\u00eda sino que adem\u00e1s admiraba.\u00a0<em>Hasta el viento tiene miedo<\/em>,\u00a0<em>Veneno para las hadas<\/em>,\u00a0<em>M\u00e1s negro que la noche<\/em>\u00a0y\u00a0<em>El libro de piedra<\/em>\u00a0eran esos t\u00edtulos.<\/p>\n<p>Su primera intenci\u00f3n hab\u00eda sido escribir un reportaje al respecto, pero pronto la historia con la que empez\u00f3 a involucrarse se hizo m\u00e1s y m\u00e1s compleja.\u00a0<q>Recuerdo la sensaci\u00f3n de estar haciendo el documental, de ser esta especie de investigador o detective. Era una adicci\u00f3n que no iba a parar hasta que encontr\u00e1ramos la pel\u00edcula<\/q>, reconoci\u00f3 Cueva,\u00a0<q>y me di cuenta de que la historia era mucho m\u00e1s grande de lo que me imaginaba<\/q>.<\/p>\n<p>El formato cambi\u00f3, pero no el tema ni su inter\u00e9s.\u00a0<q>Me pareci\u00f3 que hab\u00eda tantas cosas qu\u00e9 contar y tanta gente que pod\u00eda hablar, que val\u00eda la pena que el proyecto creciera de esta manera<\/q>, sostuvo.\u00a0<q>Este es un documental que se fue construyendo poco a poco, porque m\u00e1s que certezas, ten\u00edamos muchas preguntas y cada una nos llevaba a otra pregunta<\/q>.<\/p>\n<p>El proyecto se instal\u00f3 en la mente de Cueva desde 2012, pero varios a\u00f1os m\u00e1s fueron necesarios para terminar de darle forma. Gracias a que el director tuvo la oportunidad de hablar con Roc\u00edo Am\u00e9zquita, viuda del cineasta, la investigaci\u00f3n comenz\u00f3 a tomar forma.<\/p>\n<p><q>Roc\u00edo creo que es uno de los pilares m\u00e1s importantes de este documental. Me abri\u00f3 las puertas de su casa, de su memoria, platicamos much\u00edsimo, al grado de que sent\u00eda que conoc\u00eda a Carlos Enrique Taboada. Para m\u00ed era muy importante entenderlo no s\u00f3lo como director de cine, como creador, entenderlo como persona, porque quer\u00eda entender quien era \u00e9l en general cuando sucedi\u00f3 la filmaci\u00f3n<\/q>, se\u00f1al\u00f3.<\/p>\n<p>Adem\u00e1s de hablar con Am\u00e9zquita, Chrisitian tambi\u00e9n logr\u00f3 conversar con otros de los involucrados en la filmaci\u00f3n de\u00a0<em>Jir\u00f3n de niebla<\/em>.\u00a0<q>Sab\u00eda que ten\u00eda un historia muy grande entre las manos y fue que decidimos hacer este documental de un formato m\u00e1s largo<\/q>, cont\u00f3. En sus indagatorias, el director se encontr\u00f3 con muchos fragmentos no siempre claros,\u00a0<q>todos estaban muy entusiasmados por saber qu\u00e9 hab\u00eda pasado con la pel\u00edcula. Nadie sab\u00eda<\/q>, dijo.<\/p>\n<\/div>\n<div class=\"col col2\">\n<p>Su reto era entonces encontrar la historia en la memoria de las personas.\u00a0<q>Lo que tuvimos de pronto frente a nosotros fue un rompecabezas hecho de recuerdos, porque este es un suceso que pas\u00f3 a finales de los ochenta, m\u00e1s de treinta a\u00f1os, entonces no todos se acordaban de todo y armamos esto con los recuerdos<\/q>, explic\u00f3.<\/p>\n<p>Buscando la pel\u00edcula en archivos de cine como el de la Cineteca Nacional o la Filmoteca de la UNAM, descubrieron poco, como que la producci\u00f3n hab\u00eda utilizado la emergente tecnolog\u00eda del video para filmar\u00a0<em>Jir\u00f3n de niebla<\/em>. Tambi\u00e9n ah\u00ed se encontraron casetes con material de la cinta, pero eran s\u00f3lo fragmentos poco conservados, en el archivo personal del productor Vicente Silva Lombardo.<\/p>\n<p>Otra de las aristas que buscaba plasmar Cueva en su documental era la propia figura del cineasta. \u201cTambi\u00e9n quer\u00edamos dar un poco de contexto sobre quien era Carlos Enrique Taboada y por eso hacemos este recorrido breve por sus cuatro pel\u00edculas de terror para que las personas pudieran descubrir no s\u00f3lo qu\u00e9 hab\u00eda pasado con\u00a0<em>Jir\u00f3n de niebla<\/em>, sino que tambi\u00e9n pudieran adentrarse en su obra\u201d, indic\u00f3.<\/p>\n<p>Para Cueva, Taboada no s\u00f3lo fue una figura clave del entretenimiento mexicano, al punto de considerarlo al nivel de otros como Juan Bustillo Oro, Fernando M\u00e9ndez o Juan L\u00f3pez Moctezuma.\u00a0<q>Fue un artista renacentista, porque Carlos Enrique hizo de todo. Actu\u00f3, escribi\u00f3, dirigi\u00f3, creo que era alguien que conoc\u00eda perfectamente la industria y sab\u00eda de sus virtudes y sus defectos<\/q>, detall\u00f3.<\/p>\n<p>\u201cSiempre abord\u00f3 temas muy adelantados y muy novedosos para su \u00e9poca, siempre encontr\u00f3 una manera refrescante, interesante, nueva, vanguardista y progresista de retratar a los personajes femeninos en la pel\u00edculas como en\u00a0<em>Hasta el viento tiene miedo<\/em>\u201d, destac\u00f3 Christian.<\/p>\n<p>El director tambi\u00e9n record\u00f3 que Guillermo del Toro es admirador declarado de Taboada, se\u00f1alando que el ganador del \u00d3scar alguna vez mencion\u00f3 que\u00a0<em>Hasta el viento tiene miedo<\/em>\u00a0era la mejor pel\u00edcula del g\u00e9nero hecha en M\u00e9xico.\u00a0<q>Taboada es parte de los cimientos del cine de terror mexicano y de ello han dado fe much\u00edsimas personas<\/q>, advirti\u00f3.<\/p>\n<p>Entre los pocos hallazgos que logr\u00f3 Cueva est\u00e1 el poco material rescatado, as\u00ed como las posibles causas de su p\u00e9rdida. Tambi\u00e9n pudo conocer el guion de\u00a0<em>Jir\u00f3n de niebla<\/em>, quedando convencido de lo innovadora que pudo haber sido la pel\u00edcula.\u00a0<q>A m\u00ed me parece siempre muy estimulante, muy intrigante, c\u00f3mo a veces la realidad se puede meter en la ficci\u00f3n<\/q>, explic\u00f3,\u00a0<q>a m\u00ed lo que me gusta decir es que el terror de la vida real se meti\u00f3 en la ficci\u00f3n, y el terror de la vida real fue m\u00e1s grande incluso del terror de la pel\u00edcula que estaba haciendo Carlos Enrique Taboada<\/q>.<\/p>\n<p>El documental\u00a0<em>Jir\u00f3n<\/em>\u00a0ha podido llegar a festivales como M\u00f3rbido y el reconocido Festival de Cine de Sitges. A partir de hoy, la pel\u00edcula podr\u00e1 verse en cines del estado de M\u00e9xico, Chiapas, Quintana Roo, Puebla y la Ciudad de M\u00e9xico. La cartelera completa y las salas se pueden consultar en\u00a0<a href=\"https:\/\/www.manticoramedia.com\/\" target=\"_blank\" rel=\"noopener\">www.manticoramedia.com<\/a><\/p>\n<\/div>\n<\/div>\n<div class=\"go gui\">\n<div class=\"go-up\"><\/div>\n<\/div>\n<\/div>\n<div id=\"taboola-below-content-thumbnails\" class=\" trc_related_container trc_spotlight_widget tbl-feed-container tbl-feed-frame-DIVIDER  render-late-effect\" data-feed-container-num=\"1\" data-feed-main-container-id=\"taboola-below-content-thumbnails\" data-parent-placement-name=\"Below Content Thumbnails\" data-pub-lang=\"es\">\n<div class=\" tbl-feed-header tbl-logo-right-position\">\n<div class=\"tbl-feed-header-logo\"><\/div>\n<\/div>\n<\/div>\n","protected":false},"excerpt":{"rendered":"<p>El documental\u00a0Jir\u00f3n\u00a0despeja inc\u00f3gnitas sobre la cinta perdida de Enrique Taboada Es acerca del \u00faltimo trabajo del creador de\u00a0El libro de piedra\u00a0y\u00a0Hasta el viento tiene miedo El documental ha llegado al Festival Internacional de Cine Fant\u00e1stico y de Terror M\u00f3rbido y al de Sitges. Desde hoy, disponible en salas de la Ciudad de M\u00e9xico, Edomex, Chiapas, [&hellip;]<\/p>\n","protected":false},"author":249,"featured_media":31926,"comment_status":"open","ping_status":"closed","sticky":false,"template":"","format":"standard","meta":{"footnotes":""},"categories":[26],"tags":[],"class_list":["post-31925","post","type-post","status-publish","format-standard","has-post-thumbnail","hentry","category-mundo"],"_links":{"self":[{"href":"https:\/\/eloficiodehistoriar.com.mx\/index.php?rest_route=\/wp\/v2\/posts\/31925","targetHints":{"allow":["GET"]}}],"collection":[{"href":"https:\/\/eloficiodehistoriar.com.mx\/index.php?rest_route=\/wp\/v2\/posts"}],"about":[{"href":"https:\/\/eloficiodehistoriar.com.mx\/index.php?rest_route=\/wp\/v2\/types\/post"}],"author":[{"embeddable":true,"href":"https:\/\/eloficiodehistoriar.com.mx\/index.php?rest_route=\/wp\/v2\/users\/249"}],"replies":[{"embeddable":true,"href":"https:\/\/eloficiodehistoriar.com.mx\/index.php?rest_route=%2Fwp%2Fv2%2Fcomments&post=31925"}],"version-history":[{"count":1,"href":"https:\/\/eloficiodehistoriar.com.mx\/index.php?rest_route=\/wp\/v2\/posts\/31925\/revisions"}],"predecessor-version":[{"id":31927,"href":"https:\/\/eloficiodehistoriar.com.mx\/index.php?rest_route=\/wp\/v2\/posts\/31925\/revisions\/31927"}],"wp:featuredmedia":[{"embeddable":true,"href":"https:\/\/eloficiodehistoriar.com.mx\/index.php?rest_route=\/wp\/v2\/media\/31926"}],"wp:attachment":[{"href":"https:\/\/eloficiodehistoriar.com.mx\/index.php?rest_route=%2Fwp%2Fv2%2Fmedia&parent=31925"}],"wp:term":[{"taxonomy":"category","embeddable":true,"href":"https:\/\/eloficiodehistoriar.com.mx\/index.php?rest_route=%2Fwp%2Fv2%2Fcategories&post=31925"},{"taxonomy":"post_tag","embeddable":true,"href":"https:\/\/eloficiodehistoriar.com.mx\/index.php?rest_route=%2Fwp%2Fv2%2Ftags&post=31925"}],"curies":[{"name":"wp","href":"https:\/\/api.w.org\/{rel}","templated":true}]}}