{"id":31935,"date":"2023-04-16T11:55:05","date_gmt":"2023-04-16T17:55:05","guid":{"rendered":"https:\/\/eloficiodehistoriar.com.mx\/?p=31935"},"modified":"2023-04-16T11:55:05","modified_gmt":"2023-04-16T17:55:05","slug":"que-viva-mexico-quinta-entrega-de-una-virtual-macroserie-de-denuncia-politica-transexenal","status":"publish","type":"post","link":"https:\/\/eloficiodehistoriar.com.mx\/?p=31935","title":{"rendered":"\u00a1Que viva M\u00e9xico! quinta\u00a0entrega de una virtual macroserie de denuncia pol\u00edtica transexenal"},"content":{"rendered":"<div id=\"article-cont\" class=\"main-cont article-cont analysis\">\n<div class=\"cabeza\">\u00a1Que viva M\u00e9xico!<\/div>\n<div class=\"sumarios\"><\/div>\n<div class=\"credito-articulo\">Carlos Bonfil<\/div>\n<div id=\"article-text\" class=\"text tbl-forkorts-article\">\n<div class=\"foto\">\n<div class=\"pie-foto\">.<\/div>\n<\/div>\n<div class=\"col\">\n<div class=\"inicial\">\u00a1Que viva M\u00e9xico! (2022), quinta\u00a0entrega de una virtual macroserie de denuncia pol\u00edtica transexenal urdida por Luis Estrada y su guionista Jaime Sampietro, no cumple del todo con las expectativas creadas por un pre\u00e1mbulo promocional que busc\u00f3 generar una pol\u00e9mica favorable. Durante poco m\u00e1s de dos d\u00e9cadas el p\u00fablico mexicano se acostumbr\u00f3 a ver en cada una de las pasadas realizaciones de Estrada un duro retrato de la realidad social y pol\u00edtica de nuestro pa\u00eds. Basta recordar la encendida controversia que suscit\u00f3 el estreno de\u00a0<em>La ley de Herodes<\/em>\u00a0(1999), hasta hoy la cinta m\u00e1s arriesgada y c\u00e1ustica del director, cuando las autoridades quisieron frenar a toda costa su distribuci\u00f3n e hicieron lo imposible para que se proyectara en p\u00e9simas condiciones. La embestida censora fracas\u00f3 y la pel\u00edcula fue todo un \u00e9xito y, en t\u00e9rminos generales, fue bien recibida por la cr\u00edtica.\u00a0<em>La ley de Herodes<\/em>\u00a0derrib\u00f3 tab\u00faes pol\u00edticos y se\u00f1al\u00f3 abiertamente al PRI, partido hegem\u00f3nico, como emblema y escuela de la corrupci\u00f3n en M\u00e9xico.<\/div>\n<p>A ese retrato implacable del sexenio de Zedillo, siguieron otras pel\u00edculas de calidad dispareja,\u00a0<em>Un mundo maravilloso<\/em>\u00a0(2006),\u00a0<em>El infierno<\/em>\u00a0(2010) y\u00a0<em>La dictadura perfecta<\/em>\u00a0(2014), se\u00f1alamientos puntuales de los vicios y abusos siempre impunes que caracterizaron sucesivamente a los sexenios de Vicente Fox, Felipe Calder\u00f3n y Enrique Pe\u00f1a Nieto, luego de una fallida transici\u00f3n a la democracia en el a\u00f1o 2000 que s\u00f3lo supo acentuar y naturalizar, como una fatalidad insuperable, la incapacidad del pueblo mexicano para dotarse de un sistema pol\u00edtico moderno. Ocho a\u00f1os despu\u00e9s de\u00a0<em>El infierno<\/em>, macabra y esperp\u00e9ntica cr\u00f3nica de la violencia adicional que gener\u00f3 la guerra emprendida desde el gobierno contra los carteles de la droga, quedaba pendiente el diagn\u00f3stico de Luis Estrada sobre la situaci\u00f3n imperante en el pa\u00eds bajo el sexenio, todav\u00eda inconcluso, del presidente L\u00f3pez Obrador.<\/p>\n<p>A diferencia de\u00a0<em>La ley de Herodes<\/em>, la gran pol\u00e9mica que deb\u00eda generar la nueva cinta definitivamente no prendi\u00f3 o simplemente termin\u00f3 en un cohete mojado, mientras que buena parte de la cr\u00edtica le ha sido hasta hoy desfavorable y el \u00e9xito en taquilla inferior a lo que desmesuradamente se esper\u00f3 con su lanzamiento en m\u00e1s de tres mil pantallas en el pa\u00eds. El problema no parece haber sido el guion de Jaime Sampietro, sin mayores sorpresas en su habitual recurso a volverse una vistosa pasarela de estereotipos y lugares comunes sobre la naturaleza del ser mexicano: resentido y corrupto, sentimental y resignado, poco agraciado y mal hablado; en definitiva, impresentable, sino la dispersi\u00f3n tan caprichosa de los blancos en la habitual cr\u00edtica social de Luis Estrada. Con tantos flancos abiertos como ofrece una figura presidencial como la actual, tan protag\u00f3nica como contravertida, por qu\u00e9 se content\u00f3 el director con se\u00f1alar en\u00a0<em>\u00a1Que viva M\u00e9xico!<\/em>\u00a0algo tan burdo como el clich\u00e9 de un pueblo bueno y sabio muy f\u00e1cil de corromper en su ignorancia, atribuy\u00e9ndole de paso un insaciable apetito de codicia, o suponer, con ingenuidad sorprendente, que la polarizaci\u00f3n social apenas surgi\u00f3 en este sexenio, cuando figuraba subyacente en\u00a0<em>La dictadura perfecta<\/em>, donde el t\u00edtulo alud\u00eda a la eficacia de un sistema de gobierno especializado en fabricar la ilusi\u00f3n de una armon\u00eda social perfecta, ma\u00f1osamente alejada de toda idea de polarizaci\u00f3n. El resultado de la deliberada indefinici\u00f3n pol\u00edtica de Estrada es que su esfuerzo todo abarcador por transformar la cr\u00edtica social en una ambiciosa farsa iconoclasta, ha dejado insatisfechos lo mismo a los antiobradoristas furibundos que esperaban ver en ella una embestida sat\u00edrica contra un gobierno pretendidamente perpetuador de viejas impunidades y abusos, que a los propios defensores de la 4T que muy poco tendr\u00e1n que objetar a una cr\u00edtica tan descafeinada como la que ahora ofrece el otrora inc\u00f3modo cineasta Luis Estrada. Queda una pel\u00edcula insubstancial y llamativa, atenta al muy rentable morbo colectivo, y tributaria de f\u00f3rmulas narrativas tan gastadas hoy como su malogrado intento de denuncia pol\u00edtica.<\/p>\n<p>Se exhibe en la Cineteca Nacional y en salas comerciales.<\/p>\n<p class=\"email\">\n<\/div>\n<\/div>\n<\/div>\n<div id=\"taboola-below-content-thumbnails\" class=\" trc_related_container trc_spotlight_widget tbl-feed-container tbl-feed-frame-DIVIDER  render-late-effect\" data-feed-container-num=\"1\" data-feed-main-container-id=\"taboola-below-content-thumbnails\" data-parent-placement-name=\"Below Content Thumbnails\" data-pub-lang=\"es\">\n<div class=\" tbl-feed-header tbl-logo-right-position\">\n<div class=\"tbl-feed-header-logo\"><\/div>\n<\/div>\n<\/div>\n","protected":false},"excerpt":{"rendered":"<p>\u00a1Que viva M\u00e9xico! Carlos Bonfil . \u00a1Que viva M\u00e9xico! (2022), quinta\u00a0entrega de una virtual macroserie de denuncia pol\u00edtica transexenal urdida por Luis Estrada y su guionista Jaime Sampietro, no cumple del todo con las expectativas creadas por un pre\u00e1mbulo promocional que busc\u00f3 generar una pol\u00e9mica favorable. Durante poco m\u00e1s de dos d\u00e9cadas el p\u00fablico mexicano [&hellip;]<\/p>\n","protected":false},"author":249,"featured_media":31936,"comment_status":"open","ping_status":"closed","sticky":false,"template":"","format":"standard","meta":{"footnotes":""},"categories":[26],"tags":[],"class_list":["post-31935","post","type-post","status-publish","format-standard","has-post-thumbnail","hentry","category-mundo"],"_links":{"self":[{"href":"https:\/\/eloficiodehistoriar.com.mx\/index.php?rest_route=\/wp\/v2\/posts\/31935","targetHints":{"allow":["GET"]}}],"collection":[{"href":"https:\/\/eloficiodehistoriar.com.mx\/index.php?rest_route=\/wp\/v2\/posts"}],"about":[{"href":"https:\/\/eloficiodehistoriar.com.mx\/index.php?rest_route=\/wp\/v2\/types\/post"}],"author":[{"embeddable":true,"href":"https:\/\/eloficiodehistoriar.com.mx\/index.php?rest_route=\/wp\/v2\/users\/249"}],"replies":[{"embeddable":true,"href":"https:\/\/eloficiodehistoriar.com.mx\/index.php?rest_route=%2Fwp%2Fv2%2Fcomments&post=31935"}],"version-history":[{"count":1,"href":"https:\/\/eloficiodehistoriar.com.mx\/index.php?rest_route=\/wp\/v2\/posts\/31935\/revisions"}],"predecessor-version":[{"id":31937,"href":"https:\/\/eloficiodehistoriar.com.mx\/index.php?rest_route=\/wp\/v2\/posts\/31935\/revisions\/31937"}],"wp:featuredmedia":[{"embeddable":true,"href":"https:\/\/eloficiodehistoriar.com.mx\/index.php?rest_route=\/wp\/v2\/media\/31936"}],"wp:attachment":[{"href":"https:\/\/eloficiodehistoriar.com.mx\/index.php?rest_route=%2Fwp%2Fv2%2Fmedia&parent=31935"}],"wp:term":[{"taxonomy":"category","embeddable":true,"href":"https:\/\/eloficiodehistoriar.com.mx\/index.php?rest_route=%2Fwp%2Fv2%2Fcategories&post=31935"},{"taxonomy":"post_tag","embeddable":true,"href":"https:\/\/eloficiodehistoriar.com.mx\/index.php?rest_route=%2Fwp%2Fv2%2Ftags&post=31935"}],"curies":[{"name":"wp","href":"https:\/\/api.w.org\/{rel}","templated":true}]}}