{"id":31938,"date":"2023-04-16T12:03:18","date_gmt":"2023-04-16T18:03:18","guid":{"rendered":"https:\/\/eloficiodehistoriar.com.mx\/?p=31938"},"modified":"2023-04-16T12:03:18","modified_gmt":"2023-04-16T18:03:18","slug":"la-calle-de-moneda-en-el-centro-de-la-ciudad-de-mexico","status":"publish","type":"post","link":"https:\/\/eloficiodehistoriar.com.mx\/?p=31938","title":{"rendered":"La calle de Moneda en el centro de La Ciudad de M\u00e9xico"},"content":{"rendered":"<div id=\"article-cont\" class=\"main-cont article-cont analysis\">\n<div class=\"cabeza\">Cuna de instituciones<\/div>\n<div class=\"sumarios\"><\/div>\n<div class=\"credito-articulo\">\u00c1ngeles Gonz\u00e1lez Gamio<\/div>\n<div><\/div>\n<div id=\"article-text\" class=\"text tbl-forkorts-article\">\n<div class=\"col\">\n<div class=\"inicial\">Ya hemos mencionado que en\u00a0la calle de Moneda nacieron varias de las instituciones m\u00e1s importantes del continente americano: la Real y Pontificia Universidad, las primeras imprenta, casa de moneda, museo, arzobispado y academia de arte.<\/div>\n<p>En el costado sur de la v\u00eda se levanta el Palacio Nacional, en el sitio donde estuvo el del gran\u00a0<em>tlatoani<\/em>\u00a0Moctezuma. Aqu\u00ed se dice que estuvieron las llamadas\u00a0<q>casas denegridas<\/q>, que eran unos cuartos pintados de negro, donde el monarca mexica sol\u00eda recluirse a meditar cuando lo agobiaban los problemas.<\/p>\n<p>A fines del siglo XVI se edific\u00f3 en el predio la Casa de Moneda, que bautiz\u00f3 la calle (antes era arzobispado). Fue obra del arquitecto Juan Peinado y en la segunda mitad del siglo XVIII fue reconstruida por el ingeniero Miguel Constanz\u00f3, quien dise\u00f1\u00f3 un soberbio palacio en estilo barroco con elementos neocl\u00e1sicos. La raz\u00f3n fue que se realiz\u00f3 en el momento en que el segundo ven\u00eda a desplazar al primero.<\/p>\n<p>En 1848, la instituci\u00f3n se traslad\u00f3 al Palacio del Apartado, y el edificio fue ocupado por la Suprema Corte de Justicia. En 1868 se instal\u00f3 ah\u00ed el primer museo de Am\u00e9rica, denominado Museo P\u00fablico de Historia Natural, Arqueolog\u00eda y de Historia.<\/p>\n<p>De aqu\u00ed salieron las colecciones para crear los recintos de Historia Natural, que se instal\u00f3 en la\u00a0<q>moderna<\/q>\u00a0edificaci\u00f3n de hierro y cristal que iba ser conocida como Museo del Chopo; el de Historia, que se aloj\u00f3 en el Castillo de Chapultepec; el del Virreinato, en el antiguo convento de Tepotzotl\u00e1n, y el soberbio de Antropolog\u00eda, en su portentosa sede del Bosque de Chapultepec. Por esa raz\u00f3n le hemos llamado la madre de los museos.<\/p>\n<p>Recientemente estren\u00f3 directora y exposici\u00f3n; en sustituci\u00f3n de la antrop\u00f3loga Gloria Artis Mercadet, quien desarroll\u00f3 fruct\u00edfera labor, nombraron a Alejandra G\u00f3mez Colorado, quien ha colaborado en varias posiciones dentro de la instituci\u00f3n y llega con gran conocimiento y entusiasmo a materializar la nueva muestra.<\/p>\n<p>Con la colaboraci\u00f3n de la Boris Lurie Art Foundation, se estren\u00f3 la exhibici\u00f3n retrospectiva\u00a0<em>No Complaciente. Boris Lurie en M\u00e9xico<\/em>, que re\u00fane 95 obras de uno de los artistas m\u00e1s radicales en la historia del arte, para reflexionar que\u00a0<q>el olvido de los horrores del fascismo es la inminencia de la repetici\u00f3n<\/q>.<\/p>\n<p>Boris Lurie fue el hijo m\u00e1s peque\u00f1o de una familia jud\u00eda de or\u00edgenes rusos. El control de Letonia por los nazis condujo a que, en 1941, fuera enviada al gueto de Riga. Su abuela, madre, hermana y su novia fueron asesinadas en la masacre de Rumbula. Mientras, \u00e9l y su padre pasaron por varios campos de concentraci\u00f3n y permanecieron un tiempo en Alemania al terminar la Segunda Guerra Mundial, para despu\u00e9s emigrar a Nueva York, Estados Unidos.<\/p>\n<p>La dram\u00e1tica vida del artista ruso-estadunidense se refleja en los dibujos, acuarelas, pinturas al pastel y\u00a0<em>gouaches<\/em>\u00a0de su \u00e9poca m\u00e1s temprana, en la d\u00e9cada de 1940, y es parte de la serie denominada\u00a0<q>Guerra<\/q>.<\/p>\n<p>El curador de la exposici\u00f3n e investigador del mismo recinto, Reynier Vald\u00e9s Pi\u00f1eiro, explica que es imposible separar vida y obra para comprender las inquietudes y tormentos de un artista como Lurie, quien s\u00f3lo en la creaci\u00f3n pudo sobrellevar la culpa que suele acompa\u00f1ar a los sobrevivientes de masacres inimaginables.<\/p>\n<p>A\u00f1adi\u00f3 que los n\u00facleos tem\u00e1ticos que componen la exposici\u00f3n (<q>Fragmentos de la guerra<\/q>,\u00a0<q>Mujeres desmembradas<\/q>,\u00a0<q>Pop art es barbarie<\/q>\u00a0y\u00a0<q>Estrellas heridas<\/q>) poseen car\u00e1cter biogr\u00e1fico.<\/p>\n<p>Lurie visit\u00f3 M\u00e9xico en 1959 y en 1994 y se encontraron huellas de la cultura mexicana en dos piezas:\u00a0<em>Mexican woman<\/em>\u00a0y un\u00a0<em>collage<\/em>, donde entre chicas\u00a0<em>pin-up\u00a0<\/em>y otras im\u00e1genes publicitarias se inserta la m\u00e1scara de Tezcatlipoca, la cual, tal vez, se incluy\u00f3 para criticar su custodia en un museo extranjero, el Museo Brit\u00e1nico, y no en su pa\u00eds, refiri\u00f3 Reynier Vald\u00e9s.<\/p>\n<p>Una exposici\u00f3n intensa, como bien dice el t\u00edtulo,\u00a0<em>No complaciente<\/em>\u00a0pero muy interesante. Para bajar la tensi\u00f3n al salir de la muestra, hay que darse una vuelta por el museo y cargarse de belleza con lo que exhiben las distintas salas. Para que se den una idea, s\u00f3lo les menciono la del Mediterr\u00e1neo, que muestra colecciones de Grecia, Roma, Egipto, El Levante, Mesopotamia y Persia.<\/p>\n<p>Y v\u00e1monos a la vuelta, a la esquina de Argentina y Luis Gonz\u00e1lez Obreg\u00f3n, a la cantina Sal\u00f3n Espa\u00f1a, que por cierto abre los domingos. Ofrece buena botana y sabrosas tortas. Presume una vasta colecci\u00f3n de tequilas.<\/p>\n<p class=\"email\">\n<\/div>\n<\/div>\n<\/div>\n<div id=\"taboola-below-content-thumbnails\" class=\" trc_related_container trc_spotlight_widget tbl-feed-container tbl-feed-frame-DIVIDER  render-late-effect\" data-feed-container-num=\"1\" data-feed-main-container-id=\"taboola-below-content-thumbnails\" data-parent-placement-name=\"Below Content Thumbnails\" data-pub-lang=\"es\">\n<div class=\" tbl-feed-header tbl-logo-right-position\">\n<div class=\"tbl-feed-header-logo\"><\/div>\n<\/div>\n<\/div>\n","protected":false},"excerpt":{"rendered":"<p>Cuna de instituciones \u00c1ngeles Gonz\u00e1lez Gamio Ya hemos mencionado que en\u00a0la calle de Moneda nacieron varias de las instituciones m\u00e1s importantes del continente americano: la Real y Pontificia Universidad, las primeras imprenta, casa de moneda, museo, arzobispado y academia de arte. En el costado sur de la v\u00eda se levanta el Palacio Nacional, en el [&hellip;]<\/p>\n","protected":false},"author":249,"featured_media":31939,"comment_status":"open","ping_status":"closed","sticky":false,"template":"","format":"standard","meta":{"footnotes":""},"categories":[26],"tags":[],"class_list":["post-31938","post","type-post","status-publish","format-standard","has-post-thumbnail","hentry","category-mundo"],"_links":{"self":[{"href":"https:\/\/eloficiodehistoriar.com.mx\/index.php?rest_route=\/wp\/v2\/posts\/31938","targetHints":{"allow":["GET"]}}],"collection":[{"href":"https:\/\/eloficiodehistoriar.com.mx\/index.php?rest_route=\/wp\/v2\/posts"}],"about":[{"href":"https:\/\/eloficiodehistoriar.com.mx\/index.php?rest_route=\/wp\/v2\/types\/post"}],"author":[{"embeddable":true,"href":"https:\/\/eloficiodehistoriar.com.mx\/index.php?rest_route=\/wp\/v2\/users\/249"}],"replies":[{"embeddable":true,"href":"https:\/\/eloficiodehistoriar.com.mx\/index.php?rest_route=%2Fwp%2Fv2%2Fcomments&post=31938"}],"version-history":[{"count":1,"href":"https:\/\/eloficiodehistoriar.com.mx\/index.php?rest_route=\/wp\/v2\/posts\/31938\/revisions"}],"predecessor-version":[{"id":31940,"href":"https:\/\/eloficiodehistoriar.com.mx\/index.php?rest_route=\/wp\/v2\/posts\/31938\/revisions\/31940"}],"wp:featuredmedia":[{"embeddable":true,"href":"https:\/\/eloficiodehistoriar.com.mx\/index.php?rest_route=\/wp\/v2\/media\/31939"}],"wp:attachment":[{"href":"https:\/\/eloficiodehistoriar.com.mx\/index.php?rest_route=%2Fwp%2Fv2%2Fmedia&parent=31938"}],"wp:term":[{"taxonomy":"category","embeddable":true,"href":"https:\/\/eloficiodehistoriar.com.mx\/index.php?rest_route=%2Fwp%2Fv2%2Fcategories&post=31938"},{"taxonomy":"post_tag","embeddable":true,"href":"https:\/\/eloficiodehistoriar.com.mx\/index.php?rest_route=%2Fwp%2Fv2%2Ftags&post=31938"}],"curies":[{"name":"wp","href":"https:\/\/api.w.org\/{rel}","templated":true}]}}