{"id":31941,"date":"2023-04-16T12:13:42","date_gmt":"2023-04-16T18:13:42","guid":{"rendered":"https:\/\/eloficiodehistoriar.com.mx\/?p=31941"},"modified":"2023-04-16T12:13:42","modified_gmt":"2023-04-16T18:13:42","slug":"504-anos-de-grandeza-el-primer-cabildo-con-llegada-de-hernan-cortes-el-22-de-abril-de-1519","status":"publish","type":"post","link":"https:\/\/eloficiodehistoriar.com.mx\/?p=31941","title":{"rendered":"504 a\u00f1os de grandeza! el primer cabildo con llegada de Hern\u00e1n Cortes el 22 de abril de 1519"},"content":{"rendered":"<div>\n<h1 class=\"title\">504 a\u00f1os de grandeza! Conoce el origen y la historia de Veracruz<\/h1>\n<\/div>\n<h3 class=\"subtitle\">La celebraci\u00f3n de la fundaci\u00f3n del primer cabildo se celebra justamente el d\u00eda de la llegada de Hern\u00e1n Cortes el 22 de abril de 1519<\/h3>\n<div class=\"lead-gallery \">\n<div class=\"teaser  owl-carousel owl-theme\">\n<div class=\"owl-wrapper-outer\">\n<div class=\"owl-wrapper\">\n<div class=\"owl-item\">\n<div class=\"img-container picture\">\n<div id=\"standard_1\" class=\"st-placement standard_1 inImage\">\n<div class=\"st-adunit st-adunit-tagged st-reset st-show\">Veracruz es el municipio m\u00e1s antiguo con 504 a\u00f1os de historia<\/div>\n<\/div>\n<\/div>\n<\/div>\n<\/div>\n<\/div>\n<\/div>\n<\/div>\n<div id=\"affix-share\" class=\"sharing-menu no-affix\">\n<ul>\n<li>Ingrid Ruiz<\/li>\n<li>\u00a0Diario de Xalapa<\/li>\n<\/ul>\n<\/div>\n<div class=\"content-body clearfix \">\n<div id=\"content-body-225-9922712\">\n<p>Veracruz, Ver.-<\/p>\n<p>Aunque el primer cabildo en tierra firme de Am\u00e9rica continental pudo crearse d\u00edas despu\u00e9s de la llegada de\u00a0<b>Hern\u00e1n Cort\u00e9s a las playas de Chalchihuecan,<\/b>\u00a0el robo de documentos oblig\u00f3 a hacer un ajuste a la historia y\u00a0<b>coloca a Veracruz como el municipio m\u00e1s antiguo con 504 a\u00f1os de historia.<\/b><\/p>\n<p>De acuerdo con el historiador veracruzano,\u00a0<b>Ricardo Ca\u00f1as Montalvo,<\/b>\u00a0la celebraci\u00f3n de la fundaci\u00f3n del primer cabildo se celebra justamente\u00a0<b>el d\u00eda de la llegada de Hern\u00e1n Cortes el 22 de abril de 1519.<\/b><\/p>\n<\/div>\n<\/div>\n<div class=\"advertisment \"><\/div>\n<article class=\"content-continued-body clearfix \">\n<div id=\"content-body-5851641-9922712\">\n<ul>\n<li><\/li>\n<\/ul>\n<p>La raz\u00f3n es que el acta que se mand\u00f3 a Espa\u00f1a para su reconocimiento as\u00ed como la primera carta de relaci\u00f3n de Hern\u00e1n Cort\u00e9s fue robada en altamar y se desconoce con exactitud la fecha en que se cre\u00f3 el primer cabildo.<\/p>\n<div class=\"teads-inread\">\n<div>\n<div id=\"teads0\" class=\"teads-player\"><i>\u201cEl 22 de abril de 1519 fue el d\u00eda del desembarco de Hern\u00e1n Cort\u00e9s en las antiguas playas de Chalchihuecan y semanas m\u00e1s tarde se hizo la fundaci\u00f3n del cabildo de la Villa Rica de la Vera Cruz, se preguntar\u00e1n, \u00bfpor qu\u00e9 no celebramos el d\u00eda en que se fund\u00f3 el cabildo? Lamentablemente el documento est\u00e1 perdido, no hay registro que d\u00eda fue en que el escribano Diego Godoy redact\u00f3 el acta de fundaci\u00f3n, el acta fue robada por el pirata Jean Florie en altamar cuando iban para Espa\u00f1a por eso se celebra el d\u00eda del desembarco de Hern\u00e1n Cort\u00e9s que fue pr\u00e1cticamente que empez\u00f3 toda la historia\u201d,<\/i>\u00a0explica.<\/div>\n<\/div>\n<\/div>\n<p>Por ello la celebraci\u00f3n se ha hecho el\u00a0<b>22 de abril desde tiempos inmemorables, una de ellas fue el 1969 que en medio de un gran festejo se fund\u00f3 el museo de la Ciudad para contar la historia de Veracruz.<\/b><\/p>\n<h2><b>\u00bfCu\u00e1l es el origen del nombre de Veracruz?<\/b><\/h2>\n<p>El historiador relata que\u00a0<b>el nombre de Veracruz se remonta a una vieja leyenda<\/b>\u00a0en la cual el emperador Constantino de Italia tuvo una visi\u00f3n que le dijo\u00a0<i>\u201ccon la se\u00f1al de la cruz vencer\u00e1s\u201d<\/i>\u00a0por lo que se dio a la tarea de buscar la cruz en la que fue crucificado el cuerpo de Cristo.<\/p>\n<p><i>\u201cConstantino mand\u00f3 a sumar a la emperatriz Elena a buscar la cruz que hab\u00eda portado el cuerpo de Cristo, ella llega hasta Jerusal\u00e9n y empieza a preguntar, han pasado 300 a\u00f1os de la crucifixi\u00f3n de Cristo y alguien le dice que en el cerro est\u00e1n enterradas las cruces de toda la gente, suben, empiezan a excavar, encontraron restos y para saber cu\u00e1l de todas era la verdadera se hizo un experimento, la que haya portado el cuerpo de Cristo tendr\u00eda que ser milagrosa, por lo tanto traen un cad\u00e1ver y le empiezan a pasar los restos de las cruces, de repente uno de esos pedazos hace que resucite por lo tanto esa era la verdadera cruz o la vera croce como se mencionaba en lat\u00edn, que significa la se\u00f1al que todo lo puede vencer\u201d,<\/i>\u00a0detalla.<\/p>\n<ul>\n<li><\/li>\n<\/ul>\n<p><b>Bajo este precepto de la se\u00f1al de la verdadera Cruz y que la llegada de Hern\u00e1n Cort\u00e9s se dio en un viernes santo de la Cruz, fue se le puso por nombre a este cabildo.<\/b><\/p>\n<h2><b>\u00bfC\u00f3mo era Veracruz?<\/b><\/h2>\n<p><i>Antes de la llegada de Hern\u00e1n Cortes, Veracruz era un arenal desierto, desprovisto de vegetaci\u00f3n donde ni siquiera hab\u00eda agua.<\/i><\/p>\n<p><b>Los \u00e1rboles y plantas que actualmente se conocen fueron tra\u00eddos desde muchas partes del mundo y se lograron adaptar; por ejemplo las llamadas casuarinas o pinos fueron tra\u00eddos por Miguel \u00c1ngel de Quevedo desde Australia.<\/b><\/p>\n<h2><b>Detalles de la historia de Veracruz<\/b><\/h2>\n<p>Destaca que\u00a0<b>Veracruz es la \u00fanica ciudad en M\u00e9xico reconocida por la legislatura como cuatro veces hist\u00f3rica<\/b>\u00a0porque en cuatro ocasiones enfrent\u00f3 a potencias extranjeras para defender la soberan\u00eda nacional.<\/p>\n<p><b>La primera<\/b>\u00a0fue el bombardeo del \u00faltimo reducto espa\u00f1ol en 1823;\u00a0<b>la segunda<\/b>\u00a0el bombardeo franc\u00e9s de 1838 en la llamada Guerra de los pasteles;\u00a0<b>la tercera\u00a0<\/b>fue el bombardeo de las fuerzas norteamericanas en 1847 y la\u00a0<b>cuarta\u00a0<\/b>cuando nuevamente los Estados Unidos invadieron Veracruz en una defensa de civiles contra militares porque fue en su 90 por ciento la poblaci\u00f3n civil la que defendi\u00f3 su autonom\u00eda nacional.<\/p>\n<p>Un dato que forma parte de la historia es que en el a\u00f1o de\u00a0<b>1804 se inocul\u00f3 la primera vacuna en M\u00e9xico, que fue la de la viruela.<\/b><\/p>\n<div class=\"local\nmedia \"><\/p>\n<div class=\"teaser \">\n<div class=\"img-container picture\">\n<div id=\"standard_10\" class=\"st-placement standard_10 inImage\">\n<div class=\"st-adunit st-adunit-tagged st-reset st-show\">La celebraci\u00f3n de la fundaci\u00f3n del primer cabildo se celebra justamente el d\u00eda de la llegada de Hern\u00e1n Cortes el 22 de abril de 1519 | Foto: Ra\u00fal Solis | Diario de Xalapa<\/div>\n<\/div>\n<\/div>\n<\/div>\n<\/div>\n<p><b>En Veracruz se dictaron seis de las m\u00e1s importantes Leyes de Reforma<\/b>\u00a0que dieron la libertad y la base de lo que se vive actualmente entre ellas el estado laico, la ley del Registro Civil donde se redactaron las primeras actas de matrimonio civil, de nacimiento y de defunci\u00f3n.<\/p>\n<p><b>Tambi\u00e9n Veracruz fue dos veces capital de la rep\u00fablica mexicana, una con Benito Ju\u00e1rez y otra con Venustiano Carranza; este \u00faltimo redact\u00f3 la Ley Agraria de 1915.<\/b><\/p>\n<h2><b>Personajes veracruzanos en la historia<\/b><\/h2>\n<p>Ricardo Ca\u00f1as hace referencia que entre los personajes ilustres de Veracruz se encuentra el expresidente\u00a0<b>Adolfo Ruiz Cortines<\/b>\u00a0nacido en este puerto quien junto con\u00a0<b>Miguel Alem\u00e1n Vald\u00e9s,<\/b>\u00a0otro personaje que vivi\u00f3 en Veracruz, cambiaron la ley y la constituci\u00f3n para que las mujeres tuvieran el derecho de votar y ser electas.<\/p>\n<div class=\"local\nmedia \"><\/p>\n<div class=\"teaser \">\n<div class=\"img-container picture\">\n<div id=\"standard_11\" class=\"st-placement standard_11 inImage\">\n<div class=\"st-adunit st-adunit-tagged st-reset st-show\">En el \u00e1mbito cultural, Veracruz ha dado personajes como <b>To\u00f1a La negra y Agust\u00edn Lara<\/b>\u00a0que aunque no haya nacido aqu\u00ed, siempre dijo\u00a0<i>\u201csoy de Veracruz\u201d.<\/i><\/div>\n<\/div>\n<\/div>\n<\/div>\n<\/div>\n<\/div>\n<\/article>\n<div id=\"google-news\" class=\"col-md-12 google-news-btn \"><\/div>\n<div class=\"tags-list \">\n<ul class=\"list-inline\">\n<li><\/li>\n<li><\/li>\n<li><\/li>\n<\/ul>\n<\/div>\n<div class=\"advertisment content-banner hidden-m \">\n<div id=\"dfp-nota-top2\" data-google-query-id=\"CLKC8OH-rv4CFezS4wcdIkgBJA\"><\/div>\n<\/div>\n","protected":false},"excerpt":{"rendered":"<p>504 a\u00f1os de grandeza! Conoce el origen y la historia de Veracruz La celebraci\u00f3n de la fundaci\u00f3n del primer cabildo se celebra justamente el d\u00eda de la llegada de Hern\u00e1n Cortes el 22 de abril de 1519 Veracruz es el municipio m\u00e1s antiguo con 504 a\u00f1os de historia Ingrid Ruiz \u00a0Diario de Xalapa Veracruz, Ver.- [&hellip;]<\/p>\n","protected":false},"author":249,"featured_media":31942,"comment_status":"open","ping_status":"closed","sticky":false,"template":"","format":"standard","meta":{"footnotes":""},"categories":[26],"tags":[],"class_list":["post-31941","post","type-post","status-publish","format-standard","has-post-thumbnail","hentry","category-mundo"],"_links":{"self":[{"href":"https:\/\/eloficiodehistoriar.com.mx\/index.php?rest_route=\/wp\/v2\/posts\/31941","targetHints":{"allow":["GET"]}}],"collection":[{"href":"https:\/\/eloficiodehistoriar.com.mx\/index.php?rest_route=\/wp\/v2\/posts"}],"about":[{"href":"https:\/\/eloficiodehistoriar.com.mx\/index.php?rest_route=\/wp\/v2\/types\/post"}],"author":[{"embeddable":true,"href":"https:\/\/eloficiodehistoriar.com.mx\/index.php?rest_route=\/wp\/v2\/users\/249"}],"replies":[{"embeddable":true,"href":"https:\/\/eloficiodehistoriar.com.mx\/index.php?rest_route=%2Fwp%2Fv2%2Fcomments&post=31941"}],"version-history":[{"count":1,"href":"https:\/\/eloficiodehistoriar.com.mx\/index.php?rest_route=\/wp\/v2\/posts\/31941\/revisions"}],"predecessor-version":[{"id":31943,"href":"https:\/\/eloficiodehistoriar.com.mx\/index.php?rest_route=\/wp\/v2\/posts\/31941\/revisions\/31943"}],"wp:featuredmedia":[{"embeddable":true,"href":"https:\/\/eloficiodehistoriar.com.mx\/index.php?rest_route=\/wp\/v2\/media\/31942"}],"wp:attachment":[{"href":"https:\/\/eloficiodehistoriar.com.mx\/index.php?rest_route=%2Fwp%2Fv2%2Fmedia&parent=31941"}],"wp:term":[{"taxonomy":"category","embeddable":true,"href":"https:\/\/eloficiodehistoriar.com.mx\/index.php?rest_route=%2Fwp%2Fv2%2Fcategories&post=31941"},{"taxonomy":"post_tag","embeddable":true,"href":"https:\/\/eloficiodehistoriar.com.mx\/index.php?rest_route=%2Fwp%2Fv2%2Ftags&post=31941"}],"curies":[{"name":"wp","href":"https:\/\/api.w.org\/{rel}","templated":true}]}}