{"id":31945,"date":"2023-04-17T12:19:37","date_gmt":"2023-04-17T18:19:37","guid":{"rendered":"https:\/\/eloficiodehistoriar.com.mx\/?p=31945"},"modified":"2023-04-17T12:19:37","modified_gmt":"2023-04-17T18:19:37","slug":"el-ano-picasso-38-exposiciones-museo-del-prado-centro-pompidou-y-el-met-de-nueva-york","status":"publish","type":"post","link":"https:\/\/eloficiodehistoriar.com.mx\/?p=31945","title":{"rendered":"\u00abEl A\u00f1o Picasso\u00bb 38 exposiciones: Museo del Prado, Centro Pompidou y el Met de Nueva York."},"content":{"rendered":"<div id=\"article-cont\" class=\"main-cont article-cont analysis\">\n<div class=\"cabeza\">Picasso: el precio de la gloria<\/div>\n<div class=\"sumarios\"><\/div>\n<div class=\"credito-articulo\">Vilma Fuentes<\/div>\n<div><\/div>\n<div id=\"article-text\" class=\"text\">\n<div class=\"col col1\">\n<div class=\"inicial\">Movilizaci\u00f3n\u00a0art\u00edstica\u00a0<q>sin precedente<\/q>, se\u00f1alan los organizadores, preparada desde hace 18 meses en Francia y Espa\u00f1a por una cuarentena de las instituciones culturales mayores de Europa y Estados Unidos, el A\u00f1o Picasso presenta 38 gigantescas exposiciones del Museo del Prado al Centro Pompidou de Par\u00eds o el Met de Nueva York, con motivo del cincuentenario del fallecimiento del pintor malague\u00f1o en abril de 1973.<\/div>\n<p>M\u00faltiples actividades en museos y universidades, as\u00ed como difusi\u00f3n de documentales sobre su vida y su obra en la televisi\u00f3n y la radio, se llevar\u00e1n a cabo este a\u00f1o para rendir homenaje al\u00a0<q>artista m\u00e1s c\u00e9lebre y emblem\u00e1tico del arte moderno<\/q>, seg\u00fan la ministra francesa de la Cultura.<\/p>\n<p>Todas estas celebraciones podr\u00edan hacer creer que nadie ignora a qui\u00e9n o a qu\u00e9 corresponde la palabra\u00a0<q>Picasso<\/q>.<\/p>\n<p>Sin embargo, las respuestas pueden sorprender: \u00bfPicasso? Un perfume. Un autom\u00f3vil Citro\u00ebn. Una sala de cine. Una pel\u00edcula. Un museo. Una calle. Un restaurante. La palabra\u00a0<q>Picasso<\/q>\u00a0designa hoy d\u00eda los m\u00e1s variados productos. Y esto a pesar de que el derecho a utilizar esta apelaci\u00f3n tiene precio. Los herederos tuvieron el atino de crear la Sociedad Picasso con el fin de\u00a0<q>gestionar los derechos sobre el nombre y la obra<\/q>\u00a0del pintor espa\u00f1ol, dando lugar a llamar Picasso a una marca cualquiera.<\/p>\n<p>La celebridad de Picasso hace olvidar al pintor, cuyo nombre se vuelve una cosa. Se olvida tambi\u00e9n su pintura al ver los documentales donde su vida privada ocupa m\u00e1s espacio que su obra.<\/p>\n<p>Podr\u00eda decirse que\u00a0<q>Picasso<\/q>\u00a0es igualmente un enorme negocio para la familia y, para los iniciados, un pintor cubista. Fuente generadora, al parecer, de beneficios superiores a los de una mina de oro. Durante una cena en la magn\u00edfica Fundaci\u00f3n Soriano, en Polonia, creada gracias a la amorosa admiraci\u00f3n de Marek Keller por el inolvidable pintor mexicano que fue su compa\u00f1ero, Claude Picasso, encargado de la gesti\u00f3n de la herencia, me relat\u00f3 por qu\u00e9 se ve\u00eda obligado a la errancia y a residir legalmente en Suiza.<\/p>\n<\/div>\n<div class=\"col col2\">\n<p>Quedarse m\u00e1s de tres meses en ciudades tan atractivas como Par\u00eds o Nueva York, o inscribir a su hijo ah\u00ed en una escuela, era ver a un agente del fisco tocar a su puerta para hacerlo pagar sus impuestos en ese pa\u00eds. Los empleados fiscales tienen un olfato refinado cuando se trata de husmear o rastrear fortunas.<\/p>\n<p>Por otro lado, la gerencia de los derechos lo obliga tambi\u00e9n a desplazarse a trav\u00e9s del planeta&#8230; si desea escapar al escamoteo de las jugosas ganancias.<\/p>\n<p>Desde luego, la Sociedad Picasso se auxilia de otros organismos tanto para hacerse pagar como para autorizar el uso del nombre y la obra de Picasso. La empresa Citro\u00ebn no es precisamente lo mismo, ni puede pagar igual, que el caf\u00e9 de la esquina que se atribuye el nombre de Rinc\u00f3n Picasso. Utilizar abogados para cobrar derechos o hacerlo borrar el nombre del pintor saldr\u00eda m\u00e1s caro que cerrar los ojos.<\/p>\n<p>Si es evidente que las actividades del A\u00f1o Picasso aumentar\u00e1n los beneficios durante este periodo, no son tan evidentes las consecuencias que pueden tener estas celebraciones que dejan salir a la luz, como de la caja de Pandora, tantos secretos y sucesos no tan secretos de la vida del pintor. No se trata s\u00f3lo de la conducta, a veces incluso cruel, del pintor con las mujeres.<\/p>\n<p>No s\u00f3lo las feministas pueden reprobar sus sarcasmos sobre\u00a0<q>la mujer que llora<\/q>\u00a0o su actitud casi gozosa al verlas disputarse entre ellas. Ver a Braque partir a la guerra como un franc\u00e9s, pero tambi\u00e9n a Apollinaire, extranjero, quien decide luchar contra los alemanes voluntariamente, mientras \u00e9l se queda en Par\u00eds, cuidadoso de su propia vida que siempre situ\u00f3 por encima de todo.<\/p>\n<p>Arrogancia rival ante el genio que trata de negar a Matisse, adioses del olvido para Braque, con quien explor\u00f3 y descubri\u00f3 las primeras formas del cubismo.<\/p>\n<p>Y si a la oportunidad la pintan calva, Picasso debi\u00f3 haber conservado en su colecci\u00f3n de amuletos y m\u00e1scaras los \u00faltimos cabellos de su calva.<\/p>\n<p class=\"email\"><a href=\"mailto:%76%69%6c%6d%61%66%75%65%6e%74%65%73%32%32@%67%6d%61%69%6c.%63%6f%6d\">vilmafuentes22@gmail.com<\/a><\/p>\n<\/div>\n<\/div>\n<div class=\"go gui\">\n<div class=\"go-up\"><\/div>\n<\/div>\n<\/div>\n<div id=\"taboola-below-content-thumbnails\" class=\" trc_related_container trc_spotlight_widget tbl-feed-container tbl-feed-frame-DIVIDER  render-late-effect\" data-feed-container-num=\"1\" data-feed-main-container-id=\"taboola-below-content-thumbnails\" data-parent-placement-name=\"Below Content Thumbnails\" data-pub-lang=\"es\">\n<div class=\" tbl-feed-header tbl-logo-right-position\">\n<div class=\"tbl-feed-header-logo\"><\/div>\n<\/div>\n<\/div>\n","protected":false},"excerpt":{"rendered":"<p>Picasso: el precio de la gloria Vilma Fuentes Movilizaci\u00f3n\u00a0art\u00edstica\u00a0sin precedente, se\u00f1alan los organizadores, preparada desde hace 18 meses en Francia y Espa\u00f1a por una cuarentena de las instituciones culturales mayores de Europa y Estados Unidos, el A\u00f1o Picasso presenta 38 gigantescas exposiciones del Museo del Prado al Centro Pompidou de Par\u00eds o el Met de [&hellip;]<\/p>\n","protected":false},"author":249,"featured_media":31946,"comment_status":"open","ping_status":"closed","sticky":false,"template":"","format":"standard","meta":{"footnotes":""},"categories":[26],"tags":[],"class_list":["post-31945","post","type-post","status-publish","format-standard","has-post-thumbnail","hentry","category-mundo"],"_links":{"self":[{"href":"https:\/\/eloficiodehistoriar.com.mx\/index.php?rest_route=\/wp\/v2\/posts\/31945","targetHints":{"allow":["GET"]}}],"collection":[{"href":"https:\/\/eloficiodehistoriar.com.mx\/index.php?rest_route=\/wp\/v2\/posts"}],"about":[{"href":"https:\/\/eloficiodehistoriar.com.mx\/index.php?rest_route=\/wp\/v2\/types\/post"}],"author":[{"embeddable":true,"href":"https:\/\/eloficiodehistoriar.com.mx\/index.php?rest_route=\/wp\/v2\/users\/249"}],"replies":[{"embeddable":true,"href":"https:\/\/eloficiodehistoriar.com.mx\/index.php?rest_route=%2Fwp%2Fv2%2Fcomments&post=31945"}],"version-history":[{"count":1,"href":"https:\/\/eloficiodehistoriar.com.mx\/index.php?rest_route=\/wp\/v2\/posts\/31945\/revisions"}],"predecessor-version":[{"id":31947,"href":"https:\/\/eloficiodehistoriar.com.mx\/index.php?rest_route=\/wp\/v2\/posts\/31945\/revisions\/31947"}],"wp:featuredmedia":[{"embeddable":true,"href":"https:\/\/eloficiodehistoriar.com.mx\/index.php?rest_route=\/wp\/v2\/media\/31946"}],"wp:attachment":[{"href":"https:\/\/eloficiodehistoriar.com.mx\/index.php?rest_route=%2Fwp%2Fv2%2Fmedia&parent=31945"}],"wp:term":[{"taxonomy":"category","embeddable":true,"href":"https:\/\/eloficiodehistoriar.com.mx\/index.php?rest_route=%2Fwp%2Fv2%2Fcategories&post=31945"},{"taxonomy":"post_tag","embeddable":true,"href":"https:\/\/eloficiodehistoriar.com.mx\/index.php?rest_route=%2Fwp%2Fv2%2Ftags&post=31945"}],"curies":[{"name":"wp","href":"https:\/\/api.w.org\/{rel}","templated":true}]}}