{"id":31948,"date":"2023-04-17T12:28:14","date_gmt":"2023-04-17T18:28:14","guid":{"rendered":"https:\/\/eloficiodehistoriar.com.mx\/?p=31948"},"modified":"2023-04-17T12:28:14","modified_gmt":"2023-04-17T18:28:14","slug":"furor-dialogo-en-torno-al-dolor-las-oportunidades-y-las-injusticias-dirigida-por-luis-de-tavira","status":"publish","type":"post","link":"https:\/\/eloficiodehistoriar.com.mx\/?p=31948","title":{"rendered":"\u00abFuror\u00bb di\u00e1logo en torno al dolor, las oportunidades y las injusticias, dirigida por Luis de Tavira"},"content":{"rendered":"<div id=\"article-cont\" class=\"main-cont article-cont actuality\">\n<div class=\"cabeza\"><em>Furor<\/em>\u00a0presenta\u00a0<q>un di\u00e1logo filos\u00f3fico en torno al dolor, las oportunidades y las injusticias<\/q><\/div>\n<div class=\"sumarios\">\n<p>La obra, dirigida por Luis de Tavira en el teatro Julio Castillo, revisa temas como el impacto de las redes sociales y las emociones<\/p>\n<\/div>\n<div id=\"article-text\" class=\"text\">\n<div class=\"foto\">\n<div class=\"pie-foto\"><\/div>\n<\/div>\n<div class=\"col col1\">\n<div class=\"credito-autor\">Ana M\u00f3nica Rodr\u00edguez<\/div>\n<div class=\"credito-titulo\"><\/div>\n<div class=\"hemero\">Peri\u00f3dico La Jornada<br \/>\nLunes 17 de abril de 2023, p. a10<\/div>\n<p class=\"s-s\">A casi tres semanas de haber atropellado a un joven, Heiko Braubach, un funcionario de gobierno, llega al departamento de la madre de la v\u00edctima para proponer un acuerdo, pero tras su sorpresivo arribo los \u00e1nimos se detonan y el conflicto se transforma de manera paulatina en un cerco y espacio de inminente peligro.<\/p>\n<p>En la obra\u00a0<em>Furor,<\/em>\u00a0dirigida por Luis de Tavira, que inici\u00f3 temporada en el teatro Julio Castillo del Centro Cultural del Bosque, la reflexi\u00f3n gira en torno\u00a0<q>a tem\u00e1ticas que es importante revisar<\/q>\u00a0como son las injusticias, el impacto de las redes sociales, c\u00f3mo se exacerban las emociones entre los internautas, las\u00a0<em>fake news,<\/em>\u00a0la posverdad de los medios y el agotamiento de una sociedad indignada que no se siente representada por la clase pol\u00edtica.<\/p>\n<p>De Lutz H\u00fcber y S N, la puesta en escena describe un espacio de opresi\u00f3n que remite al olvido y desesperanza, a trav\u00e9s de la escenograf\u00eda. Al departamento de Nele Siebold (Stefanie Weiss), madre de Enno, quien fue atropellado, llega el afamado pol\u00edtico Heiko Braubach (Juan Carlos Vives) para ofrecer ayuda y opciones a la mujer, luego de que a su hijo se le amput\u00f3 una pierna y se encuentra en estado cr\u00edtico.<\/p>\n<p>Ante una serie de propuestas, Siebold se muestra incr\u00e9dula, porque el ministerio determin\u00f3 que el joven cruz\u00f3 la calle intempestivamente y declar\u00f3 inocente a Braubach, quien podr\u00eda haber recurrido a sus influencias para salir limpio de la tragedia.<\/p>\n<p>Tras varias explicaciones, el pol\u00edtico convence a la desesperada mujer de llegar a un acuerdo, lo cual se se transforma cuando aparece el sobrino Jerome (Rodrigo Virago), quien se convierte en f\u00e9rreo defensor de la familia y de la sociedad olvidada. Es usuario constante de redes sociales.<\/p>\n<p>Este hombre plantea a Braubach un discurso en torno a la clase trabajadora, la democracia y la decepci\u00f3n que existe en torno a la clase pol\u00edtica. Por momentos es reflexivo, en otros amenazante, pero llega un punto en que se genera un ambiente peligroso en el peque\u00f1o departamento.<\/p>\n<p class=\"sumario\">Varias aristas<\/p>\n<p class=\"s-s\">Para el actor Rodrigo Virago, quien produce el montaje junto a David Castillo,\u00a0<em>\u201cFuror\u00a0<\/em>es teatro de las ideas, donde existen dos posturas, la del pol\u00edtico y la de Jerome; ambos tratan de tener un di\u00e1logo filos\u00f3fico, de postura social y moral respecto de la vida, oportunidades, carencias, dolor e injusticias\u201d.<\/p>\n<\/div>\n<div class=\"col col2\">\n<p>Subray\u00f3:\u00a0<q>La obra tiene muchas aristas; por un lado, est\u00e1 el chavo en el hospital; la madre con un sufrimiento por no saber de qu\u00e9 manera solucionar\u00e1 todo; est\u00e1 el pol\u00edtico, que tambi\u00e9n tiene un conflicto interno en cuanto hacer lo correcto sobre el accidente que \u00e9l caus\u00f3 y, por \u00faltimo, est\u00e1 Jerome quien busca velar por los intereses de la familia, pero tambi\u00e9n por los de una sociedad cansada de las injusticias, de no tener posibilidades y de padecer hambre<\/q>.<\/p>\n<p>Virago record\u00f3 que construy\u00f3 como personaje a Jerome a partir de la frase:\u00a0<q>Si el r\u00edo suena es porque las piedras abajo se est\u00e1n moviendo; porque este hombre no s\u00f3lo habla del accidente o de defender a la familia, sino pugna por los intereses de una clase social cansada y falta de oportunidades<\/q>.<\/p>\n<p>Otro aspecto que resalta el montaje\u00a0<q>es el que se refiere a la verdad; qu\u00e9 pasa con lo que se habla en redes sociales o lo que dice un perito, un pol\u00edtico o un medio de comunicaci\u00f3n; vivimos tiempos en los que la verdad tiene muchas caras<\/q>, puntualiz\u00f3.<\/p>\n<p>As\u00ed, en escena, se refleja a una sociedad exhausta y se detonan discursos de odio y polarizaci\u00f3n; adem\u00e1s, se devela a una civilizaci\u00f3n en crisis, atrapada en la era de la posverdad de los medios y de las redes sociales que generan noticias falsas y la confusi\u00f3n que se provoca por el uso y abuso de los tel\u00e9fonos inteligentes.<\/p>\n<p><em>Furor,<\/em>\u00a0con traducci\u00f3n de Stefanie Weiss, concluir\u00e1 temporada hasta el 14 de mayo en el teatro del Bosque Julio Castillo del Centro Cultural del Bosque, ubicado junto al Auditorio Nacional y Campo Marte. Las funciones son jueves y viernes a las 20 horas; s\u00e1bados a las 19, y domingos a las 18. Ceicilia Sordo Mor\u00e1n forma parte del elenco.<\/p>\n<\/div>\n<\/div>\n<div class=\"go gui\">\n<div class=\"go-up\"><\/div>\n<\/div>\n<\/div>\n","protected":false},"excerpt":{"rendered":"<p>Furor\u00a0presenta\u00a0un di\u00e1logo filos\u00f3fico en torno al dolor, las oportunidades y las injusticias La obra, dirigida por Luis de Tavira en el teatro Julio Castillo, revisa temas como el impacto de las redes sociales y las emociones Ana M\u00f3nica Rodr\u00edguez Peri\u00f3dico La Jornada Lunes 17 de abril de 2023, p. a10 A casi tres semanas de [&hellip;]<\/p>\n","protected":false},"author":249,"featured_media":31949,"comment_status":"open","ping_status":"closed","sticky":false,"template":"","format":"standard","meta":{"footnotes":""},"categories":[26],"tags":[],"class_list":["post-31948","post","type-post","status-publish","format-standard","has-post-thumbnail","hentry","category-mundo"],"_links":{"self":[{"href":"https:\/\/eloficiodehistoriar.com.mx\/index.php?rest_route=\/wp\/v2\/posts\/31948","targetHints":{"allow":["GET"]}}],"collection":[{"href":"https:\/\/eloficiodehistoriar.com.mx\/index.php?rest_route=\/wp\/v2\/posts"}],"about":[{"href":"https:\/\/eloficiodehistoriar.com.mx\/index.php?rest_route=\/wp\/v2\/types\/post"}],"author":[{"embeddable":true,"href":"https:\/\/eloficiodehistoriar.com.mx\/index.php?rest_route=\/wp\/v2\/users\/249"}],"replies":[{"embeddable":true,"href":"https:\/\/eloficiodehistoriar.com.mx\/index.php?rest_route=%2Fwp%2Fv2%2Fcomments&post=31948"}],"version-history":[{"count":1,"href":"https:\/\/eloficiodehistoriar.com.mx\/index.php?rest_route=\/wp\/v2\/posts\/31948\/revisions"}],"predecessor-version":[{"id":31950,"href":"https:\/\/eloficiodehistoriar.com.mx\/index.php?rest_route=\/wp\/v2\/posts\/31948\/revisions\/31950"}],"wp:featuredmedia":[{"embeddable":true,"href":"https:\/\/eloficiodehistoriar.com.mx\/index.php?rest_route=\/wp\/v2\/media\/31949"}],"wp:attachment":[{"href":"https:\/\/eloficiodehistoriar.com.mx\/index.php?rest_route=%2Fwp%2Fv2%2Fmedia&parent=31948"}],"wp:term":[{"taxonomy":"category","embeddable":true,"href":"https:\/\/eloficiodehistoriar.com.mx\/index.php?rest_route=%2Fwp%2Fv2%2Fcategories&post=31948"},{"taxonomy":"post_tag","embeddable":true,"href":"https:\/\/eloficiodehistoriar.com.mx\/index.php?rest_route=%2Fwp%2Fv2%2Ftags&post=31948"}],"curies":[{"name":"wp","href":"https:\/\/api.w.org\/{rel}","templated":true}]}}