{"id":31985,"date":"2023-04-19T11:46:17","date_gmt":"2023-04-19T17:46:17","guid":{"rendered":"https:\/\/eloficiodehistoriar.com.mx\/?p=31985"},"modified":"2023-04-19T11:46:17","modified_gmt":"2023-04-19T17:46:17","slug":"25-anos-sin-el-poeta-en-sor-juana-ines-de-la-cruz-octavio-paz-analizo-el-legado-de-otra-poeta","status":"publish","type":"post","link":"https:\/\/eloficiodehistoriar.com.mx\/?p=31985","title":{"rendered":"25 a\u00f1os sin el poeta. \u00abEn\u00a0Sor Juana In\u00e9s de la Cruz\u00bb Octavio Paz analiz\u00f3 el legado de otra poeta"},"content":{"rendered":"<div id=\"article-cont\" class=\"main-cont article-cont actuality\">\n<div class=\"cabeza\">25 a\u00f1os sin el poeta<\/div>\n<div class=\"sumarios\">\n<p>En\u00a0<em>Sor Juana In\u00e9s de la Cruz o las trampas de la fe<\/em>, Octavio Paz analiz\u00f3 el legado de otra poeta que muri\u00f3 un domingo de abril<\/p>\n<\/div>\n<div id=\"article-text\" class=\"text\">\n<div class=\"col col1\">\n<div class=\"credito-autor\">Reyes Mart\u00ednez Torrijos<\/div>\n<div class=\"credito-titulo\"><\/div>\n<div class=\"hemero\">La Jornada<\/p>\n<\/div>\n<p class=\"s-s\">Hace 25 a\u00f1os el fallecimiento del Nobel de Literatura mexicano Octavio Paz conmocion\u00f3 al pa\u00eds.<\/p>\n<p>La noche del domingo 19 de abril de 1998 se difundi\u00f3 la noticia del deceso a sus 84 a\u00f1os de edad a causa de un c\u00e1ncer.<\/p>\n<p><em>La Jornada\u00a0<\/em>le dedic\u00f3 su primera plana completa al d\u00eda siguiente con el t\u00edtulo\u00a0<q>Muri\u00f3 el poeta<\/q>\u00a0y los versos del intelectual como despedida:\u00a0<q>&#8230;estoy presente en todas partes y para ver mejor, para mejor arder, me apago<\/q>.<\/p>\n<p>La partida del consagrado escritor ocurri\u00f3 casi en la misma fecha que el de otra autora cumbre de la literatura mexicana: la tambi\u00e9n pol\u00edmata Sor Juana In\u00e9s de la Cruz, quien muri\u00f3 el domingo 17 de abril de 1695, dos d\u00edas y 303 a\u00f1os antes que Octavio Paz, quien analiz\u00f3 su trascendencia y legado en el imprescindible ensayo\u00a0<em>Sor Juana In\u00e9s de la Cruz o las trampas de la fe<\/em>.<\/p>\n<p>Como forma de homenaje, este diario reprodujo el discurso de recepci\u00f3n del Nobel de Literatura que Octavio Paz desarroll\u00f3 el 10 de diciembre de 1990. En esa lectura, el intelectual sostuvo: \u201cLa vida en nuestro planeta corre graves riesgos. Nuestro irreflexivo culto al progreso y los avances mismos de nuestra lucha por dominar a la naturaleza se han convertido en una carrera suicida\u2026<\/p>\n<p>\u201cEstrellas, colinas, nubes, \u00e1rboles, p\u00e1jaros, grillos, hombres: cada uno en su mundo, cada uno un mundo \u2013y no obstante todos esos mundos se corresponden\u2013. S\u00f3lo si renace entre nosotros el sentimiento de hermandad con la naturaleza, podremos defender a la vida. No es imposible: fraternidad es una palabra que pertenece por igual a la tradici\u00f3n liberal y a la socialista, a la cient\u00edfica y a la religiosa.\u201d<\/p>\n<\/div>\n<div class=\"col col2\">\n<div class=\"foto\">\n<div class=\"pie-foto\">El centro cultural Casa Marie Jos\u00e9 y Octavio Paz, ubicado en el norte de la capital mexicana, anunci\u00f3 un amplio programa para homenajear al autor de <em>El laberinto de la soledad<\/em>, que incluye conferencias, conversatorios, talleres, narraciones orales \u2013de forma presencial y virtual\u2013, as\u00ed como visitas guiadas a dos exposiciones temporales. Imagen capturada en 1988.<\/div>\n<\/div>\n<p>Hoy la directora general del Sistema DIF capitalino, Rebeca S\u00e1nchez Sand\u00edn, y la directora de la Casa Marie Jos\u00e9 y Octavio Paz, Leticia Luna, dar\u00e1n la bienvenida oficial en el recinto, cuya finalidad es preservar y difundir el legado del intelectual y la artista francesa. A las 12 horas, el poeta y cr\u00edtico literario Adolfo Casta\u00f1\u00f3n realizar\u00e1 ah\u00ed una lectura comentada de\u00a0<em>Tr\u00e1nsito<\/em>, de Paz.<\/p>\n<p>La casa museo, ubicada en Felipe Carrillo Puerto 445, colonia Tacuba, desarrollar\u00e1 un amplio programa en torno al autor de\u00a0<em>El laberinto de la soledad<\/em>, que incluye conferencias, conversatorios, talleres, narraciones orales \u2013de forma presencial y virtual\u2013, as\u00ed como visitas guiadas a dos exposiciones temporales. La informaci\u00f3n detallada de las actividades se pueden consultar en la p\u00e1gina de Facebook del recinto.<\/p>\n<p>Las visitas al recinto de Tacuba se llevar\u00e1n a cabo los martes, jueves y s\u00e1bados, previa cita concertada a trav\u00e9s del correo electr\u00f3nico:\u00a0<a href=\"mailto:casamariejoseoctaviopaz@dif.cdmx.gob.mx\">casamariejoseoctaviopaz@dif.cdmx.gob.mx<\/a><\/p>\n<\/div>\n<\/div>\n<div class=\"go gui\">\n<div class=\"go-up\"><\/div>\n<\/div>\n<\/div>\n<div id=\"taboola-below-content-thumbnails\" class=\" trc_related_container trc_spotlight_widget tbl-feed-container tbl-feed-frame-DIVIDER  render-late-effect\" data-feed-container-num=\"1\" data-feed-main-container-id=\"taboola-below-content-thumbnails\" data-parent-placement-name=\"Below Content Thumbnails\" data-pub-lang=\"es\">\n<div class=\" tbl-feed-header tbl-logo-right-position\">\n<div class=\"tbl-feed-header-logo\"><\/div>\n<\/div>\n<\/div>\n","protected":false},"excerpt":{"rendered":"<p>25 a\u00f1os sin el poeta En\u00a0Sor Juana In\u00e9s de la Cruz o las trampas de la fe, Octavio Paz analiz\u00f3 el legado de otra poeta que muri\u00f3 un domingo de abril Reyes Mart\u00ednez Torrijos La Jornada Hace 25 a\u00f1os el fallecimiento del Nobel de Literatura mexicano Octavio Paz conmocion\u00f3 al pa\u00eds. La noche del domingo [&hellip;]<\/p>\n","protected":false},"author":249,"featured_media":31986,"comment_status":"open","ping_status":"closed","sticky":false,"template":"","format":"standard","meta":{"footnotes":""},"categories":[26],"tags":[],"class_list":["post-31985","post","type-post","status-publish","format-standard","has-post-thumbnail","hentry","category-mundo"],"_links":{"self":[{"href":"https:\/\/eloficiodehistoriar.com.mx\/index.php?rest_route=\/wp\/v2\/posts\/31985","targetHints":{"allow":["GET"]}}],"collection":[{"href":"https:\/\/eloficiodehistoriar.com.mx\/index.php?rest_route=\/wp\/v2\/posts"}],"about":[{"href":"https:\/\/eloficiodehistoriar.com.mx\/index.php?rest_route=\/wp\/v2\/types\/post"}],"author":[{"embeddable":true,"href":"https:\/\/eloficiodehistoriar.com.mx\/index.php?rest_route=\/wp\/v2\/users\/249"}],"replies":[{"embeddable":true,"href":"https:\/\/eloficiodehistoriar.com.mx\/index.php?rest_route=%2Fwp%2Fv2%2Fcomments&post=31985"}],"version-history":[{"count":1,"href":"https:\/\/eloficiodehistoriar.com.mx\/index.php?rest_route=\/wp\/v2\/posts\/31985\/revisions"}],"predecessor-version":[{"id":31987,"href":"https:\/\/eloficiodehistoriar.com.mx\/index.php?rest_route=\/wp\/v2\/posts\/31985\/revisions\/31987"}],"wp:featuredmedia":[{"embeddable":true,"href":"https:\/\/eloficiodehistoriar.com.mx\/index.php?rest_route=\/wp\/v2\/media\/31986"}],"wp:attachment":[{"href":"https:\/\/eloficiodehistoriar.com.mx\/index.php?rest_route=%2Fwp%2Fv2%2Fmedia&parent=31985"}],"wp:term":[{"taxonomy":"category","embeddable":true,"href":"https:\/\/eloficiodehistoriar.com.mx\/index.php?rest_route=%2Fwp%2Fv2%2Fcategories&post=31985"},{"taxonomy":"post_tag","embeddable":true,"href":"https:\/\/eloficiodehistoriar.com.mx\/index.php?rest_route=%2Fwp%2Fv2%2Ftags&post=31985"}],"curies":[{"name":"wp","href":"https:\/\/api.w.org\/{rel}","templated":true}]}}