{"id":31992,"date":"2023-04-20T12:41:00","date_gmt":"2023-04-20T18:41:00","guid":{"rendered":"https:\/\/eloficiodehistoriar.com.mx\/?p=31992"},"modified":"2023-04-20T12:41:00","modified_gmt":"2023-04-20T18:41:00","slug":"las-matas-es-el-tiradero-a-cielo-abierto-mas-grande-del-pais-y-uno-de-los-mayores-focos-de-contaminacion","status":"publish","type":"post","link":"https:\/\/eloficiodehistoriar.com.mx\/?p=31992","title":{"rendered":"Las Matas, es el tiradero a cielo abierto m\u00e1s grande del pa\u00eds y uno de los mayores focos de contaminaci\u00f3n"},"content":{"rendered":"<div id=\"article-cont\" class=\"main-cont article-cont actuality\">\n<div class=\"series\">El mundo de la basura \/ II<\/div>\n<div class=\"sumarios\">\n<p>Es el tiradero m\u00e1s grande del pa\u00eds<\/p>\n<\/div>\n<div class=\"cabeza\">La clausura de Las Matas, un arduo proceso<\/div>\n<div class=\"sumarios\"><\/div>\n<div id=\"article-text\" class=\"text\">\n<div class=\"foto\">\n<div class=\"pie-foto\">Uno de los riesgos del basurero, ubicado en el sur de Veracruz, es que se encuentra sobre ductos de Pemex y en medio de torres de la CFE, se\u00f1alaron universidades locales y el Conacyt.<\/div>\n<div><\/div>\n<\/div>\n<div class=\"col col1\">\n<div class=\"credito-autor\">Sayda Chi\u00f1as y Eirinet G\u00f3mez<\/div>\n<div class=\"credito-titulo\"><\/div>\n<div class=\"hemero\">La Jornada<\/p>\n<\/div>\n<p class=\"s-s\">Coatzacoalcos, Ver.,<\/p>\n<p class=\"s-s\">Las Matas, en el sur de Veracruz, es el tiradero a cielo abierto m\u00e1s grande del pa\u00eds y uno de los mayores focos de contaminaci\u00f3n, cuyo cierre se iniciar\u00e1 en julio de este a\u00f1o, seg\u00fan tiene previsto el gobierno federal.<\/p>\n<p>Ubicado entre los municipios conurbados de Minatitl\u00e1n y Cosoleacaque, el sitio abarca 26 hect\u00e1reas del pantano que conecta con el r\u00edo Coatzacoalcos. Se estima que durante casi 25 a\u00f1os ha recibido entre 2 y 4 millones de toneladas de desechos s\u00f3lidos, es decir, unas 450 toneladas al d\u00eda.<\/p>\n<p>Tambi\u00e9n han terminado en el lugar lodos t\u00f3xicos de Petr\u00f3leos Mexicanos (Pemex) y residuos peligrosos biol\u00f3gico-infecciosos de hospitales. Incluso organizaciones criminales lo han utilizado para abandonar restos humanos.<\/p>\n<p>El ayuntamiento de Minatitl\u00e1n comenz\u00f3 la operaci\u00f3n de este tiradero en 1997, en terrenos del ejido Tacoteno, que ahora es \u00e1rea industrial. Ese mismo a\u00f1o, del otro lado de la carretera Trans\u00edstmica, el municipio de Cosoleacaque empez\u00f3 tambi\u00e9n a depositar su basura, con lo cual la v\u00eda qued\u00f3 flanqueada por el dep\u00f3sito de desechos, que creci\u00f3 con los a\u00f1os.<\/p>\n<p>Coatzacoalcos empez\u00f3 a llevar sus residuos al lugar en 2007, pero dej\u00f3 de hacerlo dos a\u00f1os y medio despu\u00e9s ante la inconformidad de los pobladores. El municipio ahora vierte sus desechos en un sistema lagunar que se encuentra en Villa de Allende.<\/p>\n<p class=\"sumario\">Afectaci\u00f3n a los humedales<\/p>\n<p class=\"s-s\">El Atlas de Justicia Ambiental, creado por investigadores del Instituto de Ciencia y Tecnolog\u00eda Ambientales de la Universidad Aut\u00f3noma de Barcelona, refiere que Las Matas viola la norma oficial mexicana NOM-083-Semarnat 2003, la cual se\u00f1ala que no deben ubicarse este tipo de sitios en \u00e1reas de marismas, manglares, esteros, pantanos, humedales ni acu\u00edferos.<\/p>\n<p>Un estudio de universidades locales y el Consejo Nacional de Ciencia y Tecnolog\u00eda (Conacyt) concluye que uno de los riesgos del basurero es que se encuentra sobre ductos de Pemex y en medio de torres de la Comisi\u00f3n Federal de Electricidad.<\/p>\n<p>Adem\u00e1s, al encontrarse el vertedero sobre un humedal y no tener fosas de contenci\u00f3n de lixiviados (residuos l\u00edquidos), la contaminaci\u00f3n se extiende hasta 60 hect\u00e1reas y llega al sistema lagunar del r\u00edo Coatzacoalcos, lo que afecta a la fauna que a\u00fan habita en el \u00e1rea, as\u00ed como a la actividad pesquera.<\/p>\n<p>Juan Manuel Quintero Soto, bi\u00f3logo y representante de la organizaci\u00f3n ambientalista Limbo, indic\u00f3 que el Consejo de Cuenca del R\u00edo Coatzacoalcos ha presentado propuestas para vigilar el afluente con el prop\u00f3sito de medir tanto lixiviados como aguas negras y grises.<\/p>\n<p>No obstante, explic\u00f3, no hay recursos para efectuar estos an\u00e1lisis, los cuales permitir\u00edan saber el nivel de poluci\u00f3n y los da\u00f1os que puede causar en la salud de los habitantes de municipios cercanos.<\/p>\n<p>Otro perjuicio del basurero es que durante la temporada de estiaje, el biog\u00e1s que se concentra, generado por la descomposici\u00f3n de los residuos org\u00e1nicos, provoca incendios que pueden durar semanas, lo que obliga a cerrar la carretera por el riesgo de explosiones.<\/p>\n<p>Los gases t\u00f3xicos que surgen en estos casos pueden llegar a la zona urbana de Minatitl\u00e1n y a la parte sur de Cosoleacaque y Coatzacoalcos, pero no hay informaci\u00f3n sobre el impacto en la poblaci\u00f3n.<\/p>\n<p class=\"sumario\">El cierre del colector, promesa de AMLO<\/p>\n<p class=\"s-s\">En campa\u00f1a electoral, el entonces candidato a la Presidencia Andr\u00e9s Manuel L\u00f3pez Obrador hizo el 27 de mayo de 2018 el compromiso de clausurar definitivamente este tiradero a cielo abierto, as\u00ed como todos los de la zona, para instalar un relleno sanitario regional, propuesta que desde 2015 impulsaban organizaciones ambientalistas.<\/p>\n<p>Cuando triunf\u00f3 el morenista, la entonces senadora por Veracruz Roc\u00edo Nahle, y Josefa Gonz\u00e1lez-Blanco Ortiz-Mena, reci\u00e9n nombrada secretaria de Medio Ambiente, visitaron Las Matas y presentaron el programa Basura Cero, con la finalidad de comenzar acciones encaminadas a dicho objetivo.<\/p>\n<\/div>\n<div class=\"col col2\">\n<p>Sin embargo, a menos de dos a\u00f1os de que concluya la administraci\u00f3n federal, son pocos los avances para el saneamiento del sitio y escasa la informaci\u00f3n del proyecto que se difunde, mientras las autoridades municipales buscan llegar a acuerdos y alternativas al respecto.<\/p>\n<p>El gobierno de Veracruz ten\u00eda dispuesto en enero de 2019 un terreno en Chinameca para colocar ah\u00ed el relleno sanitario y una planta de tratamiento de residuos, pero la poblaci\u00f3n ind\u00edgena de la localidad se opuso, para evitar un foco de infecci\u00f3n.<\/p>\n<p>Recientemente, se consider\u00f3 como opci\u00f3n un predio ubicado en Nanchital, cerca del \u00e1rea industrial, lo que obligar\u00eda a todos los ayuntamientos que lo usen a trasladar sus residuos desde grandes distancias.<\/p>\n<p>Los camiones recolectores deber\u00e1n recorrer desde Coatzacoalcos 15 kil\u00f3metros; de Minatitl\u00e1n, 28 kil\u00f3metros por la autopista y 49 por la carretera federal; desde Cosoleacaque son 38 kil\u00f3metros por autopista y 42 por la v\u00eda federal.<\/p>\n<p>Seg\u00fan un informe oficial del 19 de diciembre de 2022, las autoridades realizaban a finales del a\u00f1o pasado trabajos de presaneamiento en Las Matas, que consistieron en compactar y sepultar los residuos s\u00f3lidos con arena.<\/p>\n<p>Hasta entonces se hab\u00edan retirado los desechos que estaban en zonas de riesgo y en los puntos m\u00e1s cercanos a la carretera federal, inform\u00f3 la titular de la Secretar\u00eda del Medio Ambiente y Recursos Naturales (Semarnat), Mar\u00eda Luisa Albores Gonz\u00e1lez.<\/p>\n<p>El pasado 22 de febrero, la directora general del Conacyt, Mar\u00eda Elena \u00c1lvarez-Buylla, asegur\u00f3 a\u00a0<em>La Jornada<\/em>\u00a0que el organismo y la Semarnat avanzan en el cierre ordenado del tiradero. Agreg\u00f3 que ya disponen de un estudio t\u00e9cnico para elegir el lugar adecuado donde instalar un relleno sanitario que no genere da\u00f1os al ambiente.<\/p>\n<p>El 16 de marzo, Albores Gonz\u00e1lez sostuvo que el cierre de Las Matas comenzar\u00e1 en julio de este a\u00f1o y antes de que concluya este sexenio estar\u00e1 clausurado de manera definitiva, como lo prometi\u00f3 el presidente L\u00f3pez Obrador.<\/p>\n<p class=\"sumario\">Nuevo organismo<\/p>\n<p class=\"s-s\">Los cabildos de Minatitl\u00e1n, Cosoleacaque y Coatzacoalcos aprobaron la creaci\u00f3n de un organismo p\u00fablico descentralizado intermunicipal que ser\u00e1 el encargado de los estudios t\u00e9cnicos que se realizar\u00e1n sobre el nuevo sitio de disposici\u00f3n de residuos de la regi\u00f3n. La decisi\u00f3n fue ratificada por el Congreso del estado.<\/p>\n<p>En una reuni\u00f3n a mediados de marzo, la titular de la Semarnat; el gobernador Cuitl\u00e1huac Garc\u00eda; la alcaldesa de Minatitl\u00e1n, Carmen Medel; el edil de Coatzacolacos, Amado Cruz (ambos de Morena), y el de Cosoloacaque, Ponciano V\u00e1zquez (del PRI), designaron como director administrativo de dicho ente a Leonardo P\u00e9rez Sosa.<\/p>\n<p>Blino Hern\u00e1ndez, regidor de la Comisi\u00f3n de Medio Ambiente de Minatitl\u00e1n, indic\u00f3 que lo \u00fanico que saben hasta el momento es que el nuevo organismo, entre otras cosas, trabajar\u00e1 en la clausura de Las Matas y del tiradero de Villa Allende, en Coatzacoalcos, adem\u00e1s de que habr\u00e1 un monitoreo de lixiviados y emisi\u00f3n de biog\u00e1s.<\/p>\n<p>Quintero Soto indic\u00f3 que ning\u00fan nivel de gobierno ha facilitado detalles sobre el proyecto. Asegur\u00f3 que \u00e9l y la organizaci\u00f3n que encabeza propusieron instalar juntas municipales de medio ambiente para auditar las labores del sector. Esa figura, afirm\u00f3, permitir\u00eda a los especialistas de la sociedad civil participar en un seguimiento a largo plazo, que incluya estudios sobre el impacto de la contaminaci\u00f3n en la salud p\u00fablica.<\/p>\n<p>El nuevo organismo descentralizado tendr\u00e1 un consejo consultivo ciudadano, con representantes de universidades de la regi\u00f3n, con voz pero sin voto. Seg\u00fan el plan, los presidentes municipales y la Semarnat ser\u00e1n los encargados de orientar la operaci\u00f3n.<\/p>\n<\/div>\n<\/div>\n<div class=\"go gui\">\n<div class=\"go-up\"><\/div>\n<\/div>\n<\/div>\n<div id=\"taboola-below-content-thumbnails\" class=\" trc_related_container trc_spotlight_widget tbl-feed-container tbl-feed-frame-DIVIDER  render-late-effect\" data-feed-container-num=\"1\" data-feed-main-container-id=\"taboola-below-content-thumbnails\" data-parent-placement-name=\"Below Content Thumbnails\" data-pub-lang=\"es\">\n<div class=\" tbl-feed-header tbl-logo-right-position\">\n<div class=\"tbl-feed-header-logo\"><\/div>\n<\/div>\n<\/div>\n","protected":false},"excerpt":{"rendered":"<p>El mundo de la basura \/ II Es el tiradero m\u00e1s grande del pa\u00eds La clausura de Las Matas, un arduo proceso Uno de los riesgos del basurero, ubicado en el sur de Veracruz, es que se encuentra sobre ductos de Pemex y en medio de torres de la CFE, se\u00f1alaron universidades locales y el [&hellip;]<\/p>\n","protected":false},"author":249,"featured_media":31993,"comment_status":"open","ping_status":"closed","sticky":false,"template":"","format":"standard","meta":{"footnotes":""},"categories":[26],"tags":[],"class_list":["post-31992","post","type-post","status-publish","format-standard","has-post-thumbnail","hentry","category-mundo"],"_links":{"self":[{"href":"https:\/\/eloficiodehistoriar.com.mx\/index.php?rest_route=\/wp\/v2\/posts\/31992","targetHints":{"allow":["GET"]}}],"collection":[{"href":"https:\/\/eloficiodehistoriar.com.mx\/index.php?rest_route=\/wp\/v2\/posts"}],"about":[{"href":"https:\/\/eloficiodehistoriar.com.mx\/index.php?rest_route=\/wp\/v2\/types\/post"}],"author":[{"embeddable":true,"href":"https:\/\/eloficiodehistoriar.com.mx\/index.php?rest_route=\/wp\/v2\/users\/249"}],"replies":[{"embeddable":true,"href":"https:\/\/eloficiodehistoriar.com.mx\/index.php?rest_route=%2Fwp%2Fv2%2Fcomments&post=31992"}],"version-history":[{"count":1,"href":"https:\/\/eloficiodehistoriar.com.mx\/index.php?rest_route=\/wp\/v2\/posts\/31992\/revisions"}],"predecessor-version":[{"id":31994,"href":"https:\/\/eloficiodehistoriar.com.mx\/index.php?rest_route=\/wp\/v2\/posts\/31992\/revisions\/31994"}],"wp:featuredmedia":[{"embeddable":true,"href":"https:\/\/eloficiodehistoriar.com.mx\/index.php?rest_route=\/wp\/v2\/media\/31993"}],"wp:attachment":[{"href":"https:\/\/eloficiodehistoriar.com.mx\/index.php?rest_route=%2Fwp%2Fv2%2Fmedia&parent=31992"}],"wp:term":[{"taxonomy":"category","embeddable":true,"href":"https:\/\/eloficiodehistoriar.com.mx\/index.php?rest_route=%2Fwp%2Fv2%2Fcategories&post=31992"},{"taxonomy":"post_tag","embeddable":true,"href":"https:\/\/eloficiodehistoriar.com.mx\/index.php?rest_route=%2Fwp%2Fv2%2Ftags&post=31992"}],"curies":[{"name":"wp","href":"https:\/\/api.w.org\/{rel}","templated":true}]}}