{"id":31998,"date":"2023-04-20T12:57:09","date_gmt":"2023-04-20T18:57:09","guid":{"rendered":"https:\/\/eloficiodehistoriar.com.mx\/?p=31998"},"modified":"2023-04-20T12:57:09","modified_gmt":"2023-04-20T18:57:09","slug":"el-oceano-de-imagenes-contenidas-en-los-poemas-de-octavio-paz-inunda-tacuba","status":"publish","type":"post","link":"https:\/\/eloficiodehistoriar.com.mx\/?p=31998","title":{"rendered":"El oc\u00e9ano de im\u00e1genes contenidas en los poemas de Octavio Paz inunda Tacuba"},"content":{"rendered":"<div id=\"article-cont\" class=\"main-cont article-cont actuality\">\n<div class=\"cabeza\">El oc\u00e9ano de im\u00e1genes contenidas en los poemas de Octavio Paz inunda Tacuba<\/div>\n<div class=\"sumarios\">\n<p>Abren las puertas de la casa que resguarda el archivo del poeta<\/p>\n<\/div>\n<div id=\"article-text\" class=\"text\">\n<div class=\"foto\">\n<div class=\"pie-foto\">Hoy contin\u00faa el homenaje para conmemorar el 25 aniversario luctuoso del premio Nobel de Literatura 1990.<\/div>\n<div><\/div>\n<\/div>\n<div class=\"col col1\">\n<div class=\"credito-autor\">\u00c1ngel Vargas<\/div>\n<div class=\"credito-titulo\"><\/div>\n<div class=\"hemero\">La Jornada<\/p>\n<\/div>\n<p class=\"s-s\">La Casa Marie Jos\u00e9 y Octavio Paz, ubicada en el barrio de Tacuba, donde se resguarda el archivo del poeta y algunos de sus bienes personales, abri\u00f3 ayer formalmente sus puertas al p\u00fablico para conmemorar el 25 aniversario luctuoso del Premio Nobel de Literatura 1990.<\/p>\n<p>El recinto, inaugurado el pasado 31 de marzo en el contexto del 109 aniversario del natalicio del intelectual mexicano, program\u00f3 ayer una serie de actividades en las que se evoc\u00f3 la persona y la obra del poeta.<\/p>\n<p>La primera fue la lectura comentada del poema\u00a0<em>Tr\u00e1nsito de Octavio Paz<\/em>, escrito por Adolfo Casta\u00f1\u00f3n con motivo del deceso del autor de\u00a0<em>Sor Juana In\u00e9s de la Cruz o<\/em><em>\u00a0las<\/em><em>\u00a0trampas de la fe<\/em>, ocurrido el domingo 19 de abril de 1998, d\u00eda que se registr\u00f3 un sismo de magnitud 3.5 y en el que\u00a0<q>nuestra lengua y los dem\u00e1s idiomas se quedaron de luto<\/q>, afirm\u00f3 en ese acto el tambi\u00e9n investigador y editor.<\/p>\n<p>En tanto, el poeta Jos\u00e9 Mar\u00eda Espinasa dict\u00f3 la conferencia\u00a0<q>Octavio Paz y las artes pl\u00e1sticas<\/q>, adem\u00e1s de realizarse un par de narraciones orales:\u00a0<em>Dej\u00e9monos de Octavio Paz<\/em>, espect\u00e1culo sobre la vida del autor con kamishibai (t\u00e9cnica japonesa de teatro infantil en papel), y\u00a0<em>Sor Juana de viva voz<\/em>, con la participaci\u00f3n de Janet Pankowsky.<\/p>\n<p>Al dar la bienvenida al recinto, la directora de la Casa Marie Jos\u00e9 y Octavio Paz, Leticia Luna, asegur\u00f3 que \u201cel gran poeta de M\u00e9xico \u2013como design\u00f3 a Paz\u2013 sigue vivo a trav\u00e9s de sus lectores\u201d e hizo un llamado a la sociedad para continuar teni\u00e9ndolo presente.<\/p>\n<p><q>Indudablemente, Paz es una galaxia intelectual; la lucidez de su pensamiento, el oc\u00e9ano de las im\u00e1genes contenidas en sus poemas, su actitud cr\u00edtica, sus vastas y certeras reflexiones sobre M\u00e9xico y el mexicano, sobre las artes pl\u00e1sticas y las tradiciones art\u00edsticas y culturales m\u00e1s importantes de la humanidad constituyen un legado que es preciso seguir comunicando.<\/q><\/p>\n<\/div>\n<div class=\"col col2\">\n<p>Consider\u00f3 que\u00a0<q>quiz\u00e1 el legado de Octavio Paz, m\u00e1s all\u00e1 de los libros, documentos, fotograf\u00edas, los viajes a partir de su labor diplom\u00e1tica, as\u00ed como las noticias y reflexiones que nos trajo de India, Jap\u00f3n, Nueva York o Par\u00eds, no sea sino un patrimonio intangible, espiritual, art\u00edstico, que se alza precisamente de ese patrimonio tangible que habita hoy esta casa<\/q>.<\/p>\n<p>La Casa Jos\u00e9 Marie y Octavio Paz proseguir\u00e1 su homenaje al poeta y a partir de hoy comenzar\u00e1 las visitas guiadas a las dos exposiciones montadas en el recinto, a las 11, 13 y 16 horas; ma\u00f1ana realizar\u00e1 una serie de narrativas visuales y el s\u00e1bado, adem\u00e1s de una serie de visitas guiadas, ofrecer\u00e1 un taller infantil a las 12 horas y una mediaci\u00f3n de lectura a las 13 horas.<\/p>\n<p>Este espacio, ubicado en Felipe Carrillo Puerto 445, Tacuba, fue abierto con la encomienda de preservar el legado del autor de\u00a0<em>El arco y la lira<\/em>, y ser\u00e1 sede de talleres, conferencias, narraciones orales y visitas guiadas por dos exposiciones.<\/p>\n<p>En \u00e9ste se resguarda el patrimonio de Paz, tal como era su deseo, de que su archivo personal y biblioteca permanecieran en M\u00e9xico, as\u00ed como obras de arte, entre \u00e9stas de Antoni T\u00e1pies, Rufino Tamayo y Alberto Gironella.<\/p>\n<\/div>\n<\/div>\n<div class=\"go gui\">\n<div class=\"go-up\"><\/div>\n<\/div>\n<\/div>\n<div id=\"taboola-below-content-thumbnails\" class=\" trc_related_container trc_spotlight_widget tbl-feed-container tbl-feed-frame-DIVIDER  render-late-effect\" data-feed-container-num=\"1\" data-feed-main-container-id=\"taboola-below-content-thumbnails\" data-parent-placement-name=\"Below Content Thumbnails\" data-pub-lang=\"es\">\n<div class=\" tbl-feed-header tbl-logo-right-position\">\n<div class=\"tbl-feed-header-logo\"><\/div>\n<\/div>\n<\/div>\n","protected":false},"excerpt":{"rendered":"<p>El oc\u00e9ano de im\u00e1genes contenidas en los poemas de Octavio Paz inunda Tacuba Abren las puertas de la casa que resguarda el archivo del poeta Hoy contin\u00faa el homenaje para conmemorar el 25 aniversario luctuoso del premio Nobel de Literatura 1990. \u00c1ngel Vargas La Jornada La Casa Marie Jos\u00e9 y Octavio Paz, ubicada en el [&hellip;]<\/p>\n","protected":false},"author":249,"featured_media":31999,"comment_status":"open","ping_status":"closed","sticky":false,"template":"","format":"standard","meta":{"footnotes":""},"categories":[26],"tags":[],"class_list":["post-31998","post","type-post","status-publish","format-standard","has-post-thumbnail","hentry","category-mundo"],"_links":{"self":[{"href":"https:\/\/eloficiodehistoriar.com.mx\/index.php?rest_route=\/wp\/v2\/posts\/31998","targetHints":{"allow":["GET"]}}],"collection":[{"href":"https:\/\/eloficiodehistoriar.com.mx\/index.php?rest_route=\/wp\/v2\/posts"}],"about":[{"href":"https:\/\/eloficiodehistoriar.com.mx\/index.php?rest_route=\/wp\/v2\/types\/post"}],"author":[{"embeddable":true,"href":"https:\/\/eloficiodehistoriar.com.mx\/index.php?rest_route=\/wp\/v2\/users\/249"}],"replies":[{"embeddable":true,"href":"https:\/\/eloficiodehistoriar.com.mx\/index.php?rest_route=%2Fwp%2Fv2%2Fcomments&post=31998"}],"version-history":[{"count":1,"href":"https:\/\/eloficiodehistoriar.com.mx\/index.php?rest_route=\/wp\/v2\/posts\/31998\/revisions"}],"predecessor-version":[{"id":32000,"href":"https:\/\/eloficiodehistoriar.com.mx\/index.php?rest_route=\/wp\/v2\/posts\/31998\/revisions\/32000"}],"wp:featuredmedia":[{"embeddable":true,"href":"https:\/\/eloficiodehistoriar.com.mx\/index.php?rest_route=\/wp\/v2\/media\/31999"}],"wp:attachment":[{"href":"https:\/\/eloficiodehistoriar.com.mx\/index.php?rest_route=%2Fwp%2Fv2%2Fmedia&parent=31998"}],"wp:term":[{"taxonomy":"category","embeddable":true,"href":"https:\/\/eloficiodehistoriar.com.mx\/index.php?rest_route=%2Fwp%2Fv2%2Fcategories&post=31998"},{"taxonomy":"post_tag","embeddable":true,"href":"https:\/\/eloficiodehistoriar.com.mx\/index.php?rest_route=%2Fwp%2Fv2%2Ftags&post=31998"}],"curies":[{"name":"wp","href":"https:\/\/api.w.org\/{rel}","templated":true}]}}