{"id":32002,"date":"2023-04-21T12:44:51","date_gmt":"2023-04-21T18:44:51","guid":{"rendered":"https:\/\/eloficiodehistoriar.com.mx\/?p=32002"},"modified":"2023-04-21T12:44:51","modified_gmt":"2023-04-21T18:44:51","slug":"el-mundo-de-la-basura-el-sistema-actual-de-manejo-es-un-fracaso-investigador-de-la-unam","status":"publish","type":"post","link":"https:\/\/eloficiodehistoriar.com.mx\/?p=32002","title":{"rendered":"El mundo de la basura   El sistema actual de manejo es un fracaso: investigador de la UNAM"},"content":{"rendered":"<div id=\"article-cont\" class=\"main-cont article-cont actuality\">\n<div class=\"series\">El mundo de la basura<\/div>\n<div><\/div>\n<div class=\"series\">El sistema actual de manejo es un <q>fracaso<\/q>: investigador de la UNAM<\/div>\n<div><\/div>\n<div class=\"cabeza\">Separaci\u00f3n de residuos y pol\u00edtica de Estado para recolectarlos, claves contra el problema<\/div>\n<div class=\"sumarios\">\n<p>Con estas medidas, s\u00f3lo llegar\u00edan a los rellenos sanitarios 30 mil de 120 mil toneladas, se\u00f1ala<\/p>\n<\/div>\n<div id=\"article-text\" class=\"text\">\n<div class=\"foto\">\n<div class=\"pie-foto\">De los 2 mil tiraderos que hay en el pa\u00eds, ninguno cumple con las normas ambientales, advierte el experto.<\/div>\n<\/div>\n<div class=\"foto\">\n<div class=\"pie-foto\">Se requiere de una acci\u00f3n decidida del gobierno federal, dice el economista Jos\u00e9 Ra\u00fal Garc\u00eda.<\/div>\n<div><\/div>\n<\/div>\n<div class=\"col col1\">\n<div class=\"credito-autor\">Rubicela Morelos Cruz<\/div>\n<div class=\"credito-titulo\"><\/div>\n<div class=\"hemero\">La Jornada<\/p>\n<\/div>\n<p class=\"s-s\">Cuernavaca, Mor.,<\/p>\n<p class=\"s-s\">Ante el\u00a0<q>fracaso<\/q>\u00a0del sistema de recolecci\u00f3n y disposici\u00f3n final de residuos s\u00f3lidos en casi todo el pa\u00eds, Jos\u00e9 Ra\u00fal Garc\u00eda Barrios, economista e investigador de la Universidad Nacional Aut\u00f3noma de M\u00e9xico (UNAM), expuso que\u00a0<q>una sola medida<\/q>\u00a0puede impulsar la reversi\u00f3n del problema y frenar el deterioro sanitario y ambiental del pa\u00eds: la separaci\u00f3n de residuos org\u00e1nicos e inorg\u00e1nicos.<\/p>\n<p>Garc\u00eda Barrios, especializado en recursos naturales y adscrito al Centro Regional de Investigaciones Multidisciplinarias (CRIM) de la UNAM, dijo a La Jornada, sin embargo, que una acci\u00f3n as\u00ed requiere una decisi\u00f3n pol\u00edtica del gobierno federal.<\/p>\n<p>El experto destac\u00f3 que de las 120 mil toneladas de residuos s\u00f3lidos que se generan a diario en todo el pa\u00eds s\u00f3lo 7 por ciento se recicla. Subray\u00f3, adem\u00e1s, que de los cerca de 2 mil rellenos sanitarios que hay en M\u00e9xico, ninguno cumple al cien por ciento con las normas ambientales para su operaci\u00f3n.<\/p>\n<p>El acad\u00e9mico apunt\u00f3 que hay diversas causas de la situaci\u00f3n a la que ha llegado la recolecci\u00f3n y disposici\u00f3n final de residuos, pero entre ellas est\u00e1 el\u00a0<q>desmantelamiento de la capacidad del Estado<\/q>\u00a0para cumplir el servicio p\u00fablico.<\/p>\n<p class=\"sumario\">La estrategia privatizadora<\/p>\n<p class=\"s-s\">Los gobiernos neoliberales del PRI y el PAN buscaron en las \u00faltimas tres d\u00e9cadas una\u00a0<q>estrategia para la privatizaci\u00f3n<\/q>\u00a0de los servicios de recolecci\u00f3n de basura en casi todos los municipios del pa\u00eds, resalt\u00f3.<\/p>\n<p>Pero el tiempo ha demostrado que la privatizaci\u00f3n no soluciona este\u00a0<q>problema multifactorial<\/q>, porque el negocio de las empresas\u00a0<q>est\u00e1 en enterrar los residuos, o sea, en recolectarlos y disponerlos en rellenos sanitarios<\/q>.<\/p>\n<p>Precis\u00f3 que unos 15 rellenos sanitarios cumplen con 75 por ciento de la normatividad, a entre 150 y 200 se les llama\u00a0<q>controlados<\/q>, con menor rango de cumplimiento y el resto son tiraderos a cielo abierto.<\/p>\n<p>Casi todos los rellenos sanitarios del pa\u00eds est\u00e1n contaminando de manera directa el medio ambiente, el agua, el aire, la tierra y la vida humana, animal y vegetal de M\u00e9xico, a\u00f1adi\u00f3.<\/p>\n<p class=\"sumario\">Desorden legal<\/p>\n<p class=\"s-s\">Garc\u00eda Barrios cit\u00f3, adem\u00e1s, como agravantes, que M\u00e9xico tiene una legislaci\u00f3n obsoleta en la materia, falta de coordinaci\u00f3n entre gobiernos, ayuntamientos con participaci\u00f3n limitada, sin rendici\u00f3n de cuentas y operando como juez y parte, as\u00ed como causas sociales, culturales y econ\u00f3micas.<\/p>\n<p>El mismo marco legal\u00a0<q>es una invitaci\u00f3n a la descoordinaci\u00f3n<\/q>, expuso el investigador. El servicio es de competencia municipal, pero hay regulaciones para que intervengan, si es necesario, el estado o la Federaci\u00f3n, lo que pocas veces ocurre.<\/p>\n<\/div>\n<div class=\"col col2\">\n<p>El resultado\u00a0<q>es un fracaso general<\/q>\u00a0en todos los niveles, puntualiz\u00f3. Los municipios est\u00e1n rebasados en sus capacidades para disponer de las 120 mil toneladas de residuos s\u00f3lidos que generan los habitantes del pa\u00eds.<\/p>\n<p>Pero no bastar\u00e1 s\u00f3lo con una campa\u00f1a de reciclaje, advirti\u00f3 Garc\u00eda Barrios. Se requiere una verdadera pol\u00edtica de Estado que disponga de la infraestructura necesaria para la recolecci\u00f3n separada (org\u00e1nica e inorg\u00e1nica) y la disposici\u00f3n de residuos.<\/p>\n<p>Para lograr ese objetivo hay que comenzar con cambios de h\u00e1bitos en los hogares, en las escuelas, en los gobiernos y en las universidades p\u00fablicas y privadas del pa\u00eds, con mejores pr\u00e1cticas de re\u00faso y recuperaci\u00f3n.<\/p>\n<p class=\"sumario\">Mucho menor impacto<\/p>\n<p class=\"s-s\">Con la separaci\u00f3n de residuos org\u00e1nicos e inorg\u00e1nicos, expres\u00f3, de las 120 mil toneladas diarias de desechos, 45 mil toneladas de basura org\u00e1nica podr\u00edan reutilizarse como fertilizante; otras 45 mil toneladas de fracci\u00f3n inorg\u00e1nica pueden recuperarse en el reciclaje y s\u00f3lo unas 30 mil toneladas llegar\u00edan a los rellenos sanitarios.<\/p>\n<p><q>El costo econ\u00f3mico y los impactos ambientales ser\u00edan much\u00edsimo menores<\/q>, subray\u00f3. Pero una pol\u00edtica de ese perfil requiere el apoyo del gobierno federal y acciones como una revisi\u00f3n cuidadosa de todos los convenios y contratos establecidos de los municipios con empresas recolectoras, que\u00a0<q>podr\u00eda encontrar verdaderas violaciones a la ley<\/q>.<\/p>\n<p>Indic\u00f3 que la fracci\u00f3n org\u00e1nica de los desechos en la actualidad no se valoriza, a nadie le interesa capitalizarla. En cambio, el Estado no tiene por qu\u00e9 seguir una pol\u00edtica mercantil.<\/p>\n<p>Los materiales org\u00e1nicos, agreg\u00f3, si no los separan de los inorg\u00e1nicos, se pudren y provocan los virus, las bacterias, la putrefacci\u00f3n, la fauna nociva, mientras la materia inorg\u00e1nica separada es pr\u00e1cticamente inerte.<\/p>\n<p>Esta fracci\u00f3n org\u00e1nica podr\u00eda usarse como composta para fertilizar el campo y evitar qu\u00edmicos que han da\u00f1ado a la tierra y a los campesinos mexicanos en su salud y econom\u00eda, se\u00f1al\u00f3.<\/p>\n<p>Si no hay una acci\u00f3n decidida del gobierno del presidente Andr\u00e9s Manuel L\u00f3pez Obrador, persistir\u00e1 la crisis sanitaria, consider\u00f3 el acad\u00e9mico. Esas 120 mil toneladas de basura en el pa\u00eds afectan la salud de los trabajadores de este sector y a los recicladores (pepenadores), que est\u00e1n expuestos a muchas enfermedades por la contaminaci\u00f3n del aire, el suelo y el agua de su entorno.<\/p>\n<\/div>\n<\/div>\n<div class=\"go gui\">\n<div class=\"go-up\"><\/div>\n<\/div>\n<\/div>\n<div id=\"taboola-below-content-thumbnails\" class=\" trc_related_container trc_spotlight_widget tbl-feed-container tbl-feed-frame-DIVIDER  render-late-effect\" data-feed-container-num=\"1\" data-feed-main-container-id=\"taboola-below-content-thumbnails\" data-parent-placement-name=\"Below Content Thumbnails\" data-pub-lang=\"es\">\n<div class=\" tbl-feed-header tbl-logo-right-position\">\n<div class=\"tbl-feed-header-logo\"><\/div>\n<\/div>\n<\/div>\n","protected":false},"excerpt":{"rendered":"<p>El mundo de la basura El sistema actual de manejo es un fracaso: investigador de la UNAM Separaci\u00f3n de residuos y pol\u00edtica de Estado para recolectarlos, claves contra el problema Con estas medidas, s\u00f3lo llegar\u00edan a los rellenos sanitarios 30 mil de 120 mil toneladas, se\u00f1ala De los 2 mil tiraderos que hay en el [&hellip;]<\/p>\n","protected":false},"author":249,"featured_media":32003,"comment_status":"open","ping_status":"closed","sticky":false,"template":"","format":"standard","meta":{"footnotes":""},"categories":[26],"tags":[],"class_list":["post-32002","post","type-post","status-publish","format-standard","has-post-thumbnail","hentry","category-mundo"],"_links":{"self":[{"href":"https:\/\/eloficiodehistoriar.com.mx\/index.php?rest_route=\/wp\/v2\/posts\/32002","targetHints":{"allow":["GET"]}}],"collection":[{"href":"https:\/\/eloficiodehistoriar.com.mx\/index.php?rest_route=\/wp\/v2\/posts"}],"about":[{"href":"https:\/\/eloficiodehistoriar.com.mx\/index.php?rest_route=\/wp\/v2\/types\/post"}],"author":[{"embeddable":true,"href":"https:\/\/eloficiodehistoriar.com.mx\/index.php?rest_route=\/wp\/v2\/users\/249"}],"replies":[{"embeddable":true,"href":"https:\/\/eloficiodehistoriar.com.mx\/index.php?rest_route=%2Fwp%2Fv2%2Fcomments&post=32002"}],"version-history":[{"count":1,"href":"https:\/\/eloficiodehistoriar.com.mx\/index.php?rest_route=\/wp\/v2\/posts\/32002\/revisions"}],"predecessor-version":[{"id":32004,"href":"https:\/\/eloficiodehistoriar.com.mx\/index.php?rest_route=\/wp\/v2\/posts\/32002\/revisions\/32004"}],"wp:featuredmedia":[{"embeddable":true,"href":"https:\/\/eloficiodehistoriar.com.mx\/index.php?rest_route=\/wp\/v2\/media\/32003"}],"wp:attachment":[{"href":"https:\/\/eloficiodehistoriar.com.mx\/index.php?rest_route=%2Fwp%2Fv2%2Fmedia&parent=32002"}],"wp:term":[{"taxonomy":"category","embeddable":true,"href":"https:\/\/eloficiodehistoriar.com.mx\/index.php?rest_route=%2Fwp%2Fv2%2Fcategories&post=32002"},{"taxonomy":"post_tag","embeddable":true,"href":"https:\/\/eloficiodehistoriar.com.mx\/index.php?rest_route=%2Fwp%2Fv2%2Ftags&post=32002"}],"curies":[{"name":"wp","href":"https:\/\/api.w.org\/{rel}","templated":true}]}}