{"id":32010,"date":"2023-04-21T13:03:42","date_gmt":"2023-04-21T19:03:42","guid":{"rendered":"https:\/\/eloficiodehistoriar.com.mx\/?p=32010"},"modified":"2023-04-21T13:03:42","modified_gmt":"2023-04-21T19:03:42","slug":"antonio-lucio-vivaldi-venecia-1678-viena-1741-compositor-y-violinista-italiano","status":"publish","type":"post","link":"https:\/\/eloficiodehistoriar.com.mx\/?p=32010","title":{"rendered":"Antonio Lucio Vivaldi; Venecia, 1678 &#8211; Viena, 1741, compositor y violinista italiano"},"content":{"rendered":"<h1>Antonio Vivaldi<\/h1>\n<p>(Antonio Lucio Vivaldi; Venecia, 1678 &#8211; Viena, 1741) Compositor y violinista italiano cuya abundante obra concert\u00edstica ejerci\u00f3 una influencia determinante en la evoluci\u00f3n hist\u00f3rica que llev\u00f3 al afianzamiento de la sinfon\u00eda.\u00a0<a href=\"https:\/\/www.biografiasyvidas.com\/biografia\/s\/stravinski.htm\">Igor Stravinsky<\/a>\u00a0coment\u00f3 en una ocasi\u00f3n que Vivaldi no hab\u00eda escrito nunca quinientos conciertos, sino \u00abquinientas veces el mismo concierto\u00bb. No deja de ser cierto en lo que concierne al original e inconfundible tono que el compositor veneciano supo imprimir a su m\u00fasica y que la hace r\u00e1pidamente reconocible.<\/p>\n<p>Autor prol\u00edfico, la producci\u00f3n de Vivaldi abarca no s\u00f3lo el g\u00e9nero concertante, sino tambi\u00e9n abundante m\u00fasica de c\u00e1mara, vocal y oper\u00edstica. C\u00e9lebre sobre todo por sus cuatro conciertos para viol\u00edn y orquesta reunidos bajo el t\u00edtulo\u00a0<em>Las cuatro estaciones<\/em>, cuya fama ha eclipsado otras de sus obras igualmente valiosas, si no m\u00e1s, Vivaldi es por derecho propio uno de los m\u00e1s grandes compositores del per\u00edodo barroco, impulsor de la llamada Escuela veneciana (a la que tambi\u00e9n pertenecieron\u00a0<a href=\"https:\/\/www.biografiasyvidas.com\/biografia\/a\/albinoni.htm\">Tommaso Albinoni<\/a>\u00a0y los hermanos Benedetto y Alessandro Marcello) y equiparable, por la calidad y originalidad de su aportaci\u00f3n, a sus contempor\u00e1neos\u00a0<a href=\"https:\/\/www.biografiasyvidas.com\/monografia\/bach\/\">Bach<\/a>\u00a0y\u00a0<a href=\"https:\/\/www.biografiasyvidas.com\/biografia\/h\/haendel.htm\">Haendel<\/a>.<\/p>\n<p>Poco se sabe de la infancia de Vivaldi. Hijo del violinista Giovanni Battista Vivaldi, el peque\u00f1o Antonio se inici\u00f3 en el mundo de la m\u00fasica probablemente de la mano de su padre. Orientado hacia la carrera eclesi\u00e1stica, fue ordenado sacerdote en 1703, aunque s\u00f3lo un a\u00f1o m\u00e1s tarde se vio obligado a renunciar a celebrar misa a consecuencia de una enfermedad bronquial, posiblemente asma.<\/p>\n<p>Tambi\u00e9n en 1703 ingres\u00f3 como profesor de viol\u00edn en el Pio Ospedale della Piet\u00e0, una instituci\u00f3n dedicada a la formaci\u00f3n musical de muchachas hu\u00e9rfanas. Ligado durante largos a\u00f1os a ella, muchas de sus composiciones fueron interpretadas por primera vez por su orquesta femenina. En este marco vieron la luz sus primeras obras, como las\u00a0<em>Suonate da camera Op. 1<\/em>, publicadas en 1705, y los doce conciertos que conforman la colecci\u00f3n\u00a0<em>L&#8217;estro armonico Op. 3<\/em>, publicada en \u00c1msterdam en 1711.<\/p>\n<p>Aun cuando en tales composiciones se dan todav\u00eda las formas del \u00abconcerto grosso\u00bb, la vivacidad y la fantas\u00eda de la invenci\u00f3n superan ya cualquier esquema y atestiguan una tendencia resuelta hacia la concepci\u00f3n individualista y por ende solista del concierto, que se halla mejor definida en los doce conciertos de\u00a0<em>La stravaganza Op. 4<\/em>: estructura en tres movimientos (<em>allegro<\/em>&#8211;<em>adagio<\/em>&#8211;<em>allegro<\/em>), composici\u00f3n m\u00e1s ligera y r\u00e1pida, casi exclusivamente homof\u00f3nica, y modulaci\u00f3n din\u00e1mica y expresiva, inclinada al desarrollo del proceso creador y fuente de nuevas emociones e invenciones.<\/p>\n<p>Con estas colecciones, Antonio Vivaldi alcanz\u00f3 en poco tiempo renombre en todo el territorio italiano, desde donde su nombrad\u00eda se extendi\u00f3 al resto del continente europeo, y no s\u00f3lo como compositor, sino tambi\u00e9n, y no en menor medida, como violinista, pues fue uno de los m\u00e1s grandes de su tiempo. Basta con observar las dificultades de las partes solistas de sus conciertos o sus sonatas de c\u00e1mara para advertir el nivel t\u00e9cnico del m\u00fasico en este campo.<\/p>\n<p>Conocido y solicitado, la \u00f3pera, el \u00fanico g\u00e9nero que garantizaba grandes beneficios a los compositores de la \u00e9poca, atrajo tambi\u00e9n la atenci\u00f3n de Vivaldi, a pesar de que su condici\u00f3n de eclesi\u00e1stico le imped\u00eda en principio abordar un espect\u00e1culo considerado en exceso mundano y poco edificante. De hecho, sus superiores siempre recriminaron a Vivaldi su escasa dedicaci\u00f3n al culto y sus costumbres laxas.<\/p>\n<p>Inmerso en el mundo teatral como compositor y empresario,\u00a0<em>Ottone in Villa<\/em>\u00a0(1713) fue la primera de las \u00f3peras de Vivaldi de la que se tiene noticia. A ella siguieron t\u00edtulos como\u00a0<em>Orlando furioso<\/em>,\u00a0<em>Armida al campo d&#8217;Egitto<\/em>,\u00a0<em>Tito Manlio<\/em>\u00a0y\u00a0<em>L&#8217;Olimpiade<\/em>, hoy d\u00eda s\u00f3lo espor\u00e1dicamente representadas.<\/p>\n<p>La fama del m\u00fasico alcanz\u00f3 la c\u00faspide en el meridiano de su vida con la publicaci\u00f3n de sus m\u00e1s importantes colecciones instrumentales:\u00a0<em>Il cimento dell&#8217;armonia e dell&#8217;inventione Op. 8<\/em>\u00a0y\u00a0<em>La cetra Op. 9<\/em>. La primera colecci\u00f3n, publicada en \u00c1msterdam en 1725, conten\u00eda un total de doce conciertos y se iniciaba con el conjunto de cuatro conciertos con viol\u00edn solista titulado\u00a0<em>Las cuatro estaciones<\/em>, los mejores de la colecci\u00f3n y los m\u00e1s c\u00e9lebres de su obra.<\/p>\n<p><strong><em>Las cuatro estaciones<\/em><\/strong><\/p>\n<p>En\u00a0<a href=\"https:\/\/www.biografiasyvidas.com\/obra\/cuatro_estaciones.htm\"><em>Las cuatro estaciones<\/em><\/a>, Vivaldi muestra no s\u00f3lo la capacidad sem\u00e1ntica de la m\u00fasica sino tambi\u00e9n su habilidad para crear climas sonoros, a la vez evocadores e intimistas. La obra describe el ciclo anual de la naturaleza, de los hombres que la trabajan y de los animales que la habitan. Cada uno de los cuatro conciertos desarrolla musicalmente el soneto de autor desconocido que lo precede, en cuyos versos se dibuja un cuadrito de la estaci\u00f3n. As\u00ed,\u00a0<em>La primavera<\/em>, siguiendo lo representado en el soneto, imita el canto de los p\u00e1jaros y el temporal; y el af\u00e1n descriptivo llega hasta detalles como representar a trav\u00e9s del viol\u00edn solista al pastor que duerme, mientras los restantes violines imitan el murmullo de las plantas y la viola los ladridos del perro.<\/p>\n<p><em>El verano<\/em>\u00a0describe primero el sopor de la naturaleza bajo la aridez del sol y despu\u00e9s una tormenta, ya anunciada en el primer movimiento y que alcanza el m\u00e1ximo de su violencia en la parte final.\u00a0<em>El oto\u00f1o<\/em>\u00a0parece presidido por el dios Baco; el compositor presenta la embriaguez sopor\u00edfera de un aldeano, feliz por la cosecha; luego, al alba, parte el cazador con sus cuernos y sus perros en busca de una presa. En\u00a0<em>El invierno<\/em>\u00a0predominan las im\u00e1genes sonoras de la nieve y el hielo.<\/p>\n<p>&nbsp;<\/p>\n<p>&nbsp;<\/p>\n<p>La popularidad de esta obra se remonta a la \u00e9poca misma de su creaci\u00f3n. Especialmente del primero de los conciertos,\u00a0<em>La primavera<\/em>, circularon enseguida en Francia copias manuscritas, arreglos e imitaciones. Pero a fines de la d\u00e9cada de 1730 el p\u00fablico veneciano empez\u00f3 a mostrar menor inter\u00e9s por su m\u00fasica, por lo que Vivaldi decidi\u00f3 en 1741 probar fortuna en Viena, donde muri\u00f3 en la m\u00e1s absoluta pobreza un mes despu\u00e9s de su llegada.<\/p>\n<p>Ca\u00eddo en el olvido tras su muerte, el redescubrimiento de Vivaldi no tuvo lugar hasta el siglo XX, merced a la m\u00fasica de Bach, quien hab\u00eda trascrito doce conciertos vivaldianos a diferentes instrumentos. El inter\u00e9s por el m\u00fasico alem\u00e1n fue precisamente el que abri\u00f3 el camino hacia el conocimiento de un artista habilidoso en extremo, prol\u00edfico como pocos y uno de los art\u00edfices de la evoluci\u00f3n del concierto solista tal y como hoy lo conocemos.<\/p>\n<p>Tras la Segunda Guerra Mundial, apenas dos d\u00e9cadas despu\u00e9s de iniciarse la recuperaci\u00f3n y divulgaci\u00f3n de su obra, Vivaldi se convirti\u00f3 en uno de los autores m\u00e1s interpretados en el mundo. A pesar del triste final del compositor y del largo per\u00edodo de olvido, la obra de Vivaldi contribuy\u00f3, a trav\u00e9s de Bach, a sentar las bases de lo que ser\u00eda la m\u00fasica de los maestros del clasicismo, sobre todo en Francia, y a consolidar la estructura del concierto solista.<\/p>\n<p class=\"citar\">Fern\u00e1ndez, Tom\u00e1s y Tamaro, Elena.<\/p>\n","protected":false},"excerpt":{"rendered":"<p>Antonio Vivaldi (Antonio Lucio Vivaldi; Venecia, 1678 &#8211; Viena, 1741) Compositor y violinista italiano cuya abundante obra concert\u00edstica ejerci\u00f3 una influencia determinante en la evoluci\u00f3n hist\u00f3rica que llev\u00f3 al afianzamiento de la sinfon\u00eda.\u00a0Igor Stravinsky\u00a0coment\u00f3 en una ocasi\u00f3n que Vivaldi no hab\u00eda escrito nunca quinientos conciertos, sino \u00abquinientas veces el mismo concierto\u00bb. No deja de ser [&hellip;]<\/p>\n","protected":false},"author":249,"featured_media":32011,"comment_status":"open","ping_status":"closed","sticky":false,"template":"","format":"standard","meta":{"footnotes":""},"categories":[26],"tags":[],"class_list":["post-32010","post","type-post","status-publish","format-standard","has-post-thumbnail","hentry","category-mundo"],"_links":{"self":[{"href":"https:\/\/eloficiodehistoriar.com.mx\/index.php?rest_route=\/wp\/v2\/posts\/32010","targetHints":{"allow":["GET"]}}],"collection":[{"href":"https:\/\/eloficiodehistoriar.com.mx\/index.php?rest_route=\/wp\/v2\/posts"}],"about":[{"href":"https:\/\/eloficiodehistoriar.com.mx\/index.php?rest_route=\/wp\/v2\/types\/post"}],"author":[{"embeddable":true,"href":"https:\/\/eloficiodehistoriar.com.mx\/index.php?rest_route=\/wp\/v2\/users\/249"}],"replies":[{"embeddable":true,"href":"https:\/\/eloficiodehistoriar.com.mx\/index.php?rest_route=%2Fwp%2Fv2%2Fcomments&post=32010"}],"version-history":[{"count":1,"href":"https:\/\/eloficiodehistoriar.com.mx\/index.php?rest_route=\/wp\/v2\/posts\/32010\/revisions"}],"predecessor-version":[{"id":32012,"href":"https:\/\/eloficiodehistoriar.com.mx\/index.php?rest_route=\/wp\/v2\/posts\/32010\/revisions\/32012"}],"wp:featuredmedia":[{"embeddable":true,"href":"https:\/\/eloficiodehistoriar.com.mx\/index.php?rest_route=\/wp\/v2\/media\/32011"}],"wp:attachment":[{"href":"https:\/\/eloficiodehistoriar.com.mx\/index.php?rest_route=%2Fwp%2Fv2%2Fmedia&parent=32010"}],"wp:term":[{"taxonomy":"category","embeddable":true,"href":"https:\/\/eloficiodehistoriar.com.mx\/index.php?rest_route=%2Fwp%2Fv2%2Fcategories&post=32010"},{"taxonomy":"post_tag","embeddable":true,"href":"https:\/\/eloficiodehistoriar.com.mx\/index.php?rest_route=%2Fwp%2Fv2%2Ftags&post=32010"}],"curies":[{"name":"wp","href":"https:\/\/api.w.org\/{rel}","templated":true}]}}