{"id":32014,"date":"2023-04-22T11:21:19","date_gmt":"2023-04-22T17:21:19","guid":{"rendered":"https:\/\/eloficiodehistoriar.com.mx\/?p=32014"},"modified":"2023-04-22T11:21:19","modified_gmt":"2023-04-22T17:21:19","slug":"cuatro-siglos-atras-los-jardines-botanicos-eran-exclusivos-para-los-reyes-o-los-emperadores","status":"publish","type":"post","link":"https:\/\/eloficiodehistoriar.com.mx\/?p=32014","title":{"rendered":"Cuatro siglos atr\u00e1s los jardines bot\u00e1nicos eran exclusivos para los reyes o los emperadores"},"content":{"rendered":"<div id=\"article-cont\" class=\"main-cont article-cont actuality\">\n<div class=\"cabeza\">La UNAM invita a visitar sus para\u00edsos de cact\u00e1ceas, orqu\u00eddeas y plantas tropicales<\/div>\n<div class=\"sumarios\">\n<p><q>El jard\u00edn es un museo viviente<\/q>, espacio para que la gente conozca, se maraville y aprenda sobre la gran diversidad de flora, se\u00f1ala el director de este sitio universitario<\/p>\n<\/div>\n<div id=\"article-text\" class=\"text\">\n<div class=\"foto\">\n<div class=\"pie-foto\">Salvador Arias, director del Jard\u00edn Bot\u00e1nico del Instituto de Biolog\u00eda de la UNAM, durante un recorrido por las Colecciones, explica la muestra de plantas agrupadas en recopilaciones vivas que forman parte de la interesante diversidad de la flora nativa de Mexico, que proceden de regiones tropicales, templadas, \u00e1ridas y semi\u00e1ridas.<\/div>\n<div><\/div>\n<\/div>\n<div class=\"col col1\">\n<div class=\"credito-autor\">Alondra Flores Soto<\/div>\n<div class=\"credito-titulo\"><\/div>\n<div class=\"hemero\">La Jornada<\/div>\n<div class=\"hemero\">\nCuatro siglos atr\u00e1s los jardines bot\u00e1nicos eran espacios cerrados, exclusivos para los reyes o los emperadores, relata el bi\u00f3logo Salvador Arias. Pero hoy en d\u00eda se puede caminar y aprender entre veredas rodeadas de tesoros vegetales, como el que resguarda Ciudad Universitaria y que hoy invita a sus para\u00edsos de cact\u00e1ceas, agaves, orqu\u00eddeas y plantas tropicales para recibir a todo el p\u00fablico con medio centenar de actividades con motivo del D\u00eda Nacional de los Jardines Bot\u00e1nicos.<\/div>\n<p><q>El jard\u00edn es un museo viviente<\/q>\u00a0explica Arias Montes, quien dirige esta \u00e1rea universitaria de investigaci\u00f3n y difusi\u00f3n.\u00a0<q>Es un espacio para que las personas conozcan, se maravillen, aprendan sobre la gran diversidad de plantas<\/q>. En lugar de objetos inertes en espacios cerrados, como en un museo, cuidan de colecciones como si fueran las distintas salas.\u00a0<q>Nosotros tenemos 14 diferentes, cada una de ellas con un objetivo particular<\/q>.<\/p>\n<p>Durante una visita al sitio, el especialista coment\u00f3:\u00a0<q>los jardines bot\u00e1nicos son espacios muy relevantes para la sociedad humana desde \u00e9pocas pret\u00e9ritas hasta la actualidad, porque conjugan una serie de elementos<\/q>, afirm\u00f3 en entrevista el jefe del jard\u00edn adscrito al Instituto de Biolog\u00eda (IB) de la Universidad Nacional Aut\u00f3noma de M\u00e9xico (UNAM), durante un recorrido.\u00a0<q>Aqu\u00ed se genera conocimiento sobre el uso, la conservaci\u00f3n y el estudio interno de las plantas<\/q>.<\/p>\n<p>Luego, el conocimiento debe ser divulgado a la sociedad.\u00a0<q>Un jard\u00edn bot\u00e1nico es m\u00e1s que un parque, porque sus colecciones vivas est\u00e1n integradas precisamente para el estudio de esas plantas y con c\u00e9dulas informativas de c\u00f3mo se llama, de d\u00f3nde viene, para qu\u00e9 sirve y decirle a los visitantes la relevancia de esa planta. Unas son medicinales, otras alimento, algunas est\u00e1n en peligro de extinci\u00f3n<\/q>.<\/p>\n<p>Finalmente, a\u00f1ade,\u00a0<q>funciona para que los visitantes encuentren un espacio de descanso, reflexi\u00f3n; m\u00e1s en los momentos actuales por estr\u00e9s, pandemia y situaciones de riesgo, un jard\u00edn se vuelve ese espacio maravilloso para que el p\u00fablico salga recargado y siga su vida cotidiana<\/q>, dice el cient\u00edfico que con gozo recorre y admira los distintos grupos de colecciones, entre ellas su planta favorita, la biznaga dorada, clasificada en peligro de extinci\u00f3n.<\/p>\n<p>Hoy d\u00eda los espacios son para ellos, comenta el doctor Arias, mirando a gran n\u00famero de j\u00f3venes recostados bajo los pinos, abetos, encinos y ahuehuetes que crecen el \u00e1rea del\u00a0<em>arboretum<\/em>, unos llegan desde la Universidad, otros desde el CCH Sur. Al fondo de la gran \u00e1rea verde, un peque\u00f1o sal\u00f3n resguarda un rinc\u00f3n, que al entrar permite sumergirse a otro mundo, al estilo Julio Verne, en un paisaje rocoso y abundante de selva, como en el sureste mexicano. El invernadero, actualmente cerrado para su renovaci\u00f3n, abrir\u00e1 como una ocasi\u00f3n especial este s\u00e1bado, con visitas guiadas y con acceso controlado.<\/p>\n<\/div>\n<div class=\"col col2\">\n<p class=\"sumario\">Bellezas accesibles para todos los admiradores<\/p>\n<p class=\"s-s\">Fundado en 1959, en sus 12.7 hect\u00e1reas se resguardan unas mil 200 especies, la gran mayor\u00eda nativas en M\u00e9xico, crecen de manera silvestre en alguna parte del territorio, con un total de unos 7 mil ejemplares vivos, incluida la colecci\u00f3n de agaves m\u00e1s grande e importante en el mundo. Y de ellas unas 300 est\u00e1n en alguna categor\u00eda de peligro de extinci\u00f3n. Son plantas de zonas \u00e1ridas, templadas y tropicales.<\/p>\n<p>Despu\u00e9s de a\u00f1os complicados por el cierre a causa de la emergencia sanitaria, el Jard\u00edn Bot\u00e1nico impulsa nuevamente la llegada de visitantes a la zona instalada junto a la reserva ecol\u00f3gica del Pedregal de San \u00c1ngel, revestida de roca volc\u00e1nica al noroeste del estadio universitario. La celebraci\u00f3n de este d\u00eda nacional es la primera vez que invita a un gran acto presencial despu\u00e9s de la pandemia, celebra el doctor Arias, emocionado por mostrar las bellezas accesibles para todos los admiradores.<\/p>\n<p><q>Lo que tenemos que divulgar es que no hay una sola manera en que se exprese el cambio clim\u00e1tico, no es solamente que llueva demasiado o deje de llover<\/q>, opina el investigador. Hace un par de a\u00f1os se fund\u00f3 una nueva colecci\u00f3n llamada Jard\u00edn de las interacciones, justo para entender la relaci\u00f3n entre plantas y polinizadores. Un tema importante tambi\u00e9n son las plantas en peligro de extinci\u00f3n. Por ejemplo, en M\u00e9xico hay conjuntos de cact\u00e1ceas, c\u00edcadas y orqu\u00eddeas en alto riesgo.<\/p>\n<p>Hay otro fen\u00f3meno importante que se est\u00e1 revalorando en los cinco a\u00f1os recientes, es el valor biocultural de muchas plantas y animales. \u201cNuestro pa\u00eds es uno de los principales con alto n\u00famero de especies de plantas, tambi\u00e9n un alto n\u00famero de pueblos originarios, quienes tienen ya una tradici\u00f3n de siglos sobre el manejo de sus propios recursos. Esto es hist\u00f3rico, desde los tarahumaras hasta los tsotsiles en Chiapas saben lo que tienen que hacer con sus plantas, eso es algo que tenemos que refrendar. Nuestro jard\u00edn ha desarrollado la propuesta de una floresta etnobiol\u00f3gica para mostrar estos manejos de los recursos.\u00a0<q>Entender la condici\u00f3n biocultural es algo que ya no podemos dejar de hacer<\/q>.<\/p>\n<p>De adolescente, dos actos cambiaron su perspectiva, una la visita al planetario y otra,\u00a0<q>me trajeron aqu\u00ed, me impact\u00f3. Ahora que trabajamos en este lugar<\/q>, dice mientras mira a los j\u00f3venes descansar, esos que espera que alg\u00fan d\u00eda sean los bi\u00f3logos que aprendan sobre plantas y propaguen el conocimiento. Porque ahora cualquiera, no s\u00f3lo los reyes, pueden admirar los tesoros resguardados bajo el cielo de la ciudad.<\/p>\n<\/div>\n<\/div>\n<div class=\"go gui\">\n<div class=\"go-up\"><\/div>\n<\/div>\n<\/div>\n<div id=\"taboola-below-content-thumbnails\" class=\" trc_related_container trc_spotlight_widget tbl-feed-container tbl-feed-frame-DIVIDER  render-late-effect\" data-feed-container-num=\"1\" data-feed-main-container-id=\"taboola-below-content-thumbnails\" data-parent-placement-name=\"Below Content Thumbnails\" data-pub-lang=\"es\">\n<div class=\" tbl-feed-header tbl-logo-right-position\">\n<div class=\"tbl-feed-header-logo\"><\/div>\n<\/div>\n<\/div>\n","protected":false},"excerpt":{"rendered":"<p>La UNAM invita a visitar sus para\u00edsos de cact\u00e1ceas, orqu\u00eddeas y plantas tropicales El jard\u00edn es un museo viviente, espacio para que la gente conozca, se maraville y aprenda sobre la gran diversidad de flora, se\u00f1ala el director de este sitio universitario Salvador Arias, director del Jard\u00edn Bot\u00e1nico del Instituto de Biolog\u00eda de la UNAM, [&hellip;]<\/p>\n","protected":false},"author":249,"featured_media":32015,"comment_status":"open","ping_status":"closed","sticky":false,"template":"","format":"standard","meta":{"footnotes":""},"categories":[26],"tags":[],"class_list":["post-32014","post","type-post","status-publish","format-standard","has-post-thumbnail","hentry","category-mundo"],"_links":{"self":[{"href":"https:\/\/eloficiodehistoriar.com.mx\/index.php?rest_route=\/wp\/v2\/posts\/32014","targetHints":{"allow":["GET"]}}],"collection":[{"href":"https:\/\/eloficiodehistoriar.com.mx\/index.php?rest_route=\/wp\/v2\/posts"}],"about":[{"href":"https:\/\/eloficiodehistoriar.com.mx\/index.php?rest_route=\/wp\/v2\/types\/post"}],"author":[{"embeddable":true,"href":"https:\/\/eloficiodehistoriar.com.mx\/index.php?rest_route=\/wp\/v2\/users\/249"}],"replies":[{"embeddable":true,"href":"https:\/\/eloficiodehistoriar.com.mx\/index.php?rest_route=%2Fwp%2Fv2%2Fcomments&post=32014"}],"version-history":[{"count":1,"href":"https:\/\/eloficiodehistoriar.com.mx\/index.php?rest_route=\/wp\/v2\/posts\/32014\/revisions"}],"predecessor-version":[{"id":32016,"href":"https:\/\/eloficiodehistoriar.com.mx\/index.php?rest_route=\/wp\/v2\/posts\/32014\/revisions\/32016"}],"wp:featuredmedia":[{"embeddable":true,"href":"https:\/\/eloficiodehistoriar.com.mx\/index.php?rest_route=\/wp\/v2\/media\/32015"}],"wp:attachment":[{"href":"https:\/\/eloficiodehistoriar.com.mx\/index.php?rest_route=%2Fwp%2Fv2%2Fmedia&parent=32014"}],"wp:term":[{"taxonomy":"category","embeddable":true,"href":"https:\/\/eloficiodehistoriar.com.mx\/index.php?rest_route=%2Fwp%2Fv2%2Fcategories&post=32014"},{"taxonomy":"post_tag","embeddable":true,"href":"https:\/\/eloficiodehistoriar.com.mx\/index.php?rest_route=%2Fwp%2Fv2%2Ftags&post=32014"}],"curies":[{"name":"wp","href":"https:\/\/api.w.org\/{rel}","templated":true}]}}