{"id":32020,"date":"2023-04-22T11:30:41","date_gmt":"2023-04-22T17:30:41","guid":{"rendered":"https:\/\/eloficiodehistoriar.com.mx\/?p=32020"},"modified":"2023-04-22T11:30:41","modified_gmt":"2023-04-22T17:30:41","slug":"leer-y-escribir-son-actos-de-alto-riesgo","status":"publish","type":"post","link":"https:\/\/eloficiodehistoriar.com.mx\/?p=32020","title":{"rendered":"\u00abLeer y escribir son actos de alto riesgo\u00bb"},"content":{"rendered":"<div id=\"article-cont\" class=\"main-cont article-cont actuality\">\n<div class=\"cabeza\"><q>Leer y escribir son actos de alto riesgo<\/q>, reson\u00f3 en el inicio de la celebraci\u00f3n editorial universitaria<\/div>\n<div class=\"sumarios\"><\/div>\n<div id=\"article-text\" class=\"text\">\n<div class=\"col col1\">\n<div class=\"credito-autor\">\u00c1ngel Vargas<\/div>\n<div class=\"credito-titulo\"><\/div>\n<div class=\"hemero\">La Jornada<\/p>\n<\/div>\n<p class=\"s-s\">Leer y escribir son, hasta la fecha,\u00a0<q>actos de alto riesgo. Por eso las situaciones que hemos visto recientemente de muertes de periodistas, de atentados en contra de escritores y escritoras (como Salman Rushdie o Malala), de censuras o actos que justamente se imponen contra la libertad<\/q>, dijo Anel P\u00e9rez, directora de Literatura y Fomento a la Lectura de la Universidad Nacional Aut\u00f3noma de M\u00e9xico (UNAM) durante la inauguraci\u00f3n de la 15 Fiesta del Libro y la Rosa.<\/p>\n<p>En la ceremonia que se realiz\u00f3 este viernes en el Centro Cultural Universitario, la tambi\u00e9n acad\u00e9mica en la Facultad de Filosof\u00eda y Letras sostuvo que hist\u00f3ricamente la historia de la lectura ha sido un relato del poder, de la censura, del acceso a los libros, pero tambi\u00e9n\u00a0<q>la historia de qui\u00e9n los preserva y conserva<\/q>.<\/p>\n<p>La escritora Rosa Beltr\u00e1n, coordinadora de Difusi\u00f3n Cultural de la UNAM, subray\u00f3 que en este encuentro en torno del libro, que cumple su edici\u00f3n 15, han participado y participan, infinidad de personas interesadas en leer y que conciben a esa pr\u00e1ctica como un acto de resistencia.<\/p>\n<p>Mencion\u00f3 que el lema de este a\u00f1o es, precisamente,\u00a0<q>Resistir con la palabra: utop\u00edas posibles<\/q>, y que las actividades tienen como hilos conductores la libertad y la lectura como un derecho humano,\u00a0<q>como un acto de resistencia contra las desigualdades y las m\u00faltiples caras de las violencias<\/q>.<\/p>\n<p>Con la representaci\u00f3n del rector Enrique Graue, el protocolo inaugural estuvo a cargo del secretario general de la UNAM, Leonardo Lomel\u00ed, quien consider\u00f3 que este encuentro se ha convertido en\u00a0<q>una de las celebraciones culturales m\u00e1s importantes<\/q>, no s\u00f3lo de esa instituci\u00f3n, sino del pa\u00eds.<\/p>\n<\/div>\n<div class=\"col col2\">\n<p><q>La permanencia de esta celebraci\u00f3n literaria, po\u00e9tica y musical es muestra de la resonancia que tiene la lectura y la escritura en nuestra comunidad. Que las juventudes de la UNAM lean de forma aut\u00f3noma, gozosa, frecuente, l\u00fadica, en soledad o con amigos, maestras, investigadoras, familiares, implica la formaci\u00f3n de j\u00f3venes que comprendan e incidan en el mundo actual<\/q>, a\u00f1adi\u00f3.<\/p>\n<p>Seg\u00fan Socorro Venegas, directora de Libros UNAM, esta edici\u00f3n\u00a0<q>es el momento perfecto para que esta fiesta crezca<\/q>. Anot\u00f3 que se registr\u00f3 un aumento de 40 por ciento en exposici\u00f3n, con la participaci\u00f3n de m\u00e1s sellos, y que el m\u00f3dulo de la UNAM tiene el doble de oferta, con m\u00e1s de 11 mil ejemplares.<\/p>\n<p>El programa de este a\u00f1o, que concluir\u00e1 ma\u00f1ana, est\u00e1 conformado por m\u00e1s de 300 actividades, de las cuales 115 son presentaciones de libros y cerca de 40 mesas de reflexi\u00f3n, adem\u00e1s de obras de teatro, lectura de poes\u00eda, narraciones orales y eventos musicales.<\/p>\n<p>A la par de Ciudad Universitaria, hay ocho sedes alternas, como el centro cultural Tlatelolco, la Casa Universitaria del Libro, la Casa del Lago, el Museo del Chopo y San Ildefonso, as\u00ed como Morelos y sedes en Michoac\u00e1n: Zamora, Jiquilpan, P\u00e1tzcuaro y Morelia.<\/p>\n<\/div>\n<\/div>\n<div class=\"go gui\">\n<div class=\"go-up\"><\/div>\n<\/div>\n<\/div>\n<div id=\"taboola-below-content-thumbnails\" class=\" trc_related_container trc_spotlight_widget tbl-feed-container tbl-feed-frame-DIVIDER  render-late-effect\" data-feed-container-num=\"1\" data-feed-main-container-id=\"taboola-below-content-thumbnails\" data-parent-placement-name=\"Below Content Thumbnails\" data-pub-lang=\"es\">\n<div class=\" tbl-feed-header tbl-logo-right-position\">\n<div class=\"tbl-feed-header-logo\"><\/div>\n<\/div>\n<\/div>\n","protected":false},"excerpt":{"rendered":"<p>Leer y escribir son actos de alto riesgo, reson\u00f3 en el inicio de la celebraci\u00f3n editorial universitaria \u00c1ngel Vargas La Jornada Leer y escribir son, hasta la fecha,\u00a0actos de alto riesgo. Por eso las situaciones que hemos visto recientemente de muertes de periodistas, de atentados en contra de escritores y escritoras (como Salman Rushdie o [&hellip;]<\/p>\n","protected":false},"author":249,"featured_media":32021,"comment_status":"open","ping_status":"closed","sticky":false,"template":"","format":"standard","meta":{"footnotes":""},"categories":[26],"tags":[],"class_list":["post-32020","post","type-post","status-publish","format-standard","has-post-thumbnail","hentry","category-mundo"],"_links":{"self":[{"href":"https:\/\/eloficiodehistoriar.com.mx\/index.php?rest_route=\/wp\/v2\/posts\/32020","targetHints":{"allow":["GET"]}}],"collection":[{"href":"https:\/\/eloficiodehistoriar.com.mx\/index.php?rest_route=\/wp\/v2\/posts"}],"about":[{"href":"https:\/\/eloficiodehistoriar.com.mx\/index.php?rest_route=\/wp\/v2\/types\/post"}],"author":[{"embeddable":true,"href":"https:\/\/eloficiodehistoriar.com.mx\/index.php?rest_route=\/wp\/v2\/users\/249"}],"replies":[{"embeddable":true,"href":"https:\/\/eloficiodehistoriar.com.mx\/index.php?rest_route=%2Fwp%2Fv2%2Fcomments&post=32020"}],"version-history":[{"count":1,"href":"https:\/\/eloficiodehistoriar.com.mx\/index.php?rest_route=\/wp\/v2\/posts\/32020\/revisions"}],"predecessor-version":[{"id":32022,"href":"https:\/\/eloficiodehistoriar.com.mx\/index.php?rest_route=\/wp\/v2\/posts\/32020\/revisions\/32022"}],"wp:featuredmedia":[{"embeddable":true,"href":"https:\/\/eloficiodehistoriar.com.mx\/index.php?rest_route=\/wp\/v2\/media\/32021"}],"wp:attachment":[{"href":"https:\/\/eloficiodehistoriar.com.mx\/index.php?rest_route=%2Fwp%2Fv2%2Fmedia&parent=32020"}],"wp:term":[{"taxonomy":"category","embeddable":true,"href":"https:\/\/eloficiodehistoriar.com.mx\/index.php?rest_route=%2Fwp%2Fv2%2Fcategories&post=32020"},{"taxonomy":"post_tag","embeddable":true,"href":"https:\/\/eloficiodehistoriar.com.mx\/index.php?rest_route=%2Fwp%2Fv2%2Ftags&post=32020"}],"curies":[{"name":"wp","href":"https:\/\/api.w.org\/{rel}","templated":true}]}}