{"id":32023,"date":"2023-04-22T11:35:01","date_gmt":"2023-04-22T17:35:01","guid":{"rendered":"https:\/\/eloficiodehistoriar.com.mx\/?p=32023"},"modified":"2023-04-22T11:35:01","modified_gmt":"2023-04-22T17:35:01","slug":"dia-mundial-del-libro-me-tocara-pasarlo-en-el-lugar-de-su-natalicio-barcelona","status":"publish","type":"post","link":"https:\/\/eloficiodehistoriar.com.mx\/?p=32023","title":{"rendered":"D\u00eda mundial del libro\u00a0me tocar\u00e1 pasarlo en el lugar de su natalicio: Barcelona."},"content":{"rendered":"<div id=\"article-cont\" class=\"main-cont article-cont analysis\">\n<div class=\"cabeza\">El D\u00eda del Libro en Barcelona<\/div>\n<div class=\"sumarios\"><\/div>\n<div class=\"credito-articulo\">Jos\u00e9 M. Muri\u00e0<\/div>\n<div><\/div>\n<div id=\"article-text\" class=\"text\">\n<div class=\"col col1\">\n<div class=\"inicial\">Esta vez el\u00a0<q>D\u00eda mundial del libro<\/q>\u00a0me tocar\u00e1 pasarlo en el lugar de su natalicio: Barcelona. Se espera que en esta ocasi\u00f3n, habiendo quedado la pandemia atr\u00e1s y que cayera en domingo, resulte mucho m\u00e1s lucido que en otros a\u00f1os. La gente se muere de ganas de festejar, comprar y leer.<\/div>\n<p>Vale decir que ser\u00e1 tambi\u00e9n una jornada de cohesi\u00f3n social, pues aunque sean muchas las calles donde habr\u00e1\u00a0<q>tenderetes<\/q>\u00a0bibliogr\u00e1ficos, no son tantas como para que la gente que se conoce no se encuentre.<\/p>\n<p>El 23 de abril es el d\u00eda de San Jorge que, aun habi\u00e9ndose\u00a0<q>discontinuado<\/q>, sigue siendo el patrono de los catalanes sin que les importe mayor cosa la decisi\u00f3n de aquel Papa franquista. Por eso es el d\u00eda que se decidi\u00f3 celebrar al libro, arquetipo de la cultura, digan lo que digan los ciberfan\u00e1ticos.<\/p>\n<p>Oficialmente, en la era de Franco, era una fiesta apol\u00edtica, con la \u00fanica pretensi\u00f3n de favorecer a la industria editorial, mas por el solo hecho de que la gente se encontrara y hablara, se tornar\u00eda subversiva, m\u00e1xime que, entre el alud de libros que la poderosa industria editorial de Barcelona sacaba cada a\u00f1o, se hallaban ejemplares prohibidos e incendiarios que la poco l\u00facida polic\u00eda espa\u00f1ola era incapaz de identificar.<\/p>\n<p>Pero cuando Franco y el mundo como se conoc\u00eda\u00a0<q>pasaron a mejor vida<\/q>\u00a0la inercia era ya incontenible y la intensidad de la feria subi\u00f3 sobremanera. Pronto los t\u00edtulos en catal\u00e1n pr\u00e1cticamente igualaron a los de otros idiomas y los editores y libreros hac\u00edan su agosto.<\/p>\n<p>No es raro pues que otros pa\u00edses se hayan contaminado con la epidemia y en el d\u00eda de hoy en una cauda de ciudades del mundo, d\u00edas m\u00e1s d\u00edas menos que el 23 de abril, de acuerdo con la conveniencia de cada lugar, se desarrollan actividades tendentes a vender libros: desde los tianguis convencionales, hasta la realizaci\u00f3n de presentaciones, conferencias y mesas redondas en torno a las novedades editoriales o los temas m\u00e1s atractivos del momento.<\/p>\n<\/div>\n<div class=\"col col2\">\n<p>M\u00e9xico no es la excepci\u00f3n y, gracias a la UNAM la\u00a0<q>feria del libro y de la rosa<\/q>\u00a0se lleva a cabo en su espacioso recinto. Hasta en Guadalajara, tambi\u00e9n por cuenta de la Universidad oficial, que es la \u00fanica universidad verdadera, se lleva a cabo un modesto tianguis bibliogr\u00e1fico.<\/p>\n<p>\u00bfDe d\u00f3nde viene ligar el libro y la rosa? Pues en sus or\u00edgenes la feria de Barcelona implicaba que el var\u00f3n obsequiara una rosa a quien correspondiera, y \u00e9sta, a cambio le obsequiaba un libro. Dicen que al principio se vend\u00eda el mismo n\u00famero de rosas que de libros, pero ahora que las mujeres tambi\u00e9n leen tanto o m\u00e1s que los varones y reclaman que tambi\u00e9n tienen todo el derecho de recibir libros, el n\u00famero de ejemplares que se vende es mayor que el de flores\u2026 aunque el olor de ellas no deja de llamar la atenci\u00f3n cuando se circula por las calles de Barcelona.<\/p>\n<p>De un tiempo ac\u00e1, las editoriales suelen ofrecer un desayuno a sus autores, antes de que estos salgan a trotar las calles, a comparar y a dedicar ejemplares de su autor\u00eda en lugares determinados o donde los pesque un lector. Los m\u00e1s famosos, claro, anuncian d\u00f3nde estar\u00e1n y a qu\u00e9 hora y no es raro ver largas filas de personas de todas las edades que libro en ristre esperan que el autor se los dedique.<\/p>\n<p>D\u00e9jenme presumir que este a\u00f1o, la editorial Pag\u00e8s, que tiene mucho que ver con nuestra Guadalajara, me honra pidi\u00e9ndome que haga yo el discurso en el desayuno que organiza. S\u00f3lo que su taller est\u00e1 en la ciudad de Lleida, a 180 kil\u00f3metros de Barcelona. Por fortuna hay unos buenos trenes que hacen el viaje en una hora y salen con mucha frecuencia, de manera que ma\u00f1ana, despu\u00e9s de desayunar, correr\u00e9 a la estaci\u00f3n para regresar a Barcelona y seguir ah\u00ed la fiesta\u00a0<em>.<\/em><\/p>\n<p class=\"email\">\n<\/div>\n<\/div>\n<div class=\"go gui\">\n<div class=\"go-up\"><\/div>\n<\/div>\n<\/div>\n<div id=\"taboola-below-content-thumbnails\" class=\" trc_related_container trc_spotlight_widget tbl-feed-container tbl-feed-frame-DIVIDER  render-late-effect\" data-feed-container-num=\"1\" data-feed-main-container-id=\"taboola-below-content-thumbnails\" data-parent-placement-name=\"Below Content Thumbnails\" data-pub-lang=\"es\">\n<div class=\" tbl-feed-header tbl-logo-right-position\">\n<div class=\"tbl-feed-header-logo\"><\/div>\n<\/div>\n<\/div>\n","protected":false},"excerpt":{"rendered":"<p>El D\u00eda del Libro en Barcelona Jos\u00e9 M. Muri\u00e0 Esta vez el\u00a0D\u00eda mundial del libro\u00a0me tocar\u00e1 pasarlo en el lugar de su natalicio: Barcelona. Se espera que en esta ocasi\u00f3n, habiendo quedado la pandemia atr\u00e1s y que cayera en domingo, resulte mucho m\u00e1s lucido que en otros a\u00f1os. La gente se muere de ganas de [&hellip;]<\/p>\n","protected":false},"author":249,"featured_media":32024,"comment_status":"open","ping_status":"closed","sticky":false,"template":"","format":"standard","meta":{"footnotes":""},"categories":[26],"tags":[],"class_list":["post-32023","post","type-post","status-publish","format-standard","has-post-thumbnail","hentry","category-mundo"],"_links":{"self":[{"href":"https:\/\/eloficiodehistoriar.com.mx\/index.php?rest_route=\/wp\/v2\/posts\/32023","targetHints":{"allow":["GET"]}}],"collection":[{"href":"https:\/\/eloficiodehistoriar.com.mx\/index.php?rest_route=\/wp\/v2\/posts"}],"about":[{"href":"https:\/\/eloficiodehistoriar.com.mx\/index.php?rest_route=\/wp\/v2\/types\/post"}],"author":[{"embeddable":true,"href":"https:\/\/eloficiodehistoriar.com.mx\/index.php?rest_route=\/wp\/v2\/users\/249"}],"replies":[{"embeddable":true,"href":"https:\/\/eloficiodehistoriar.com.mx\/index.php?rest_route=%2Fwp%2Fv2%2Fcomments&post=32023"}],"version-history":[{"count":1,"href":"https:\/\/eloficiodehistoriar.com.mx\/index.php?rest_route=\/wp\/v2\/posts\/32023\/revisions"}],"predecessor-version":[{"id":32025,"href":"https:\/\/eloficiodehistoriar.com.mx\/index.php?rest_route=\/wp\/v2\/posts\/32023\/revisions\/32025"}],"wp:featuredmedia":[{"embeddable":true,"href":"https:\/\/eloficiodehistoriar.com.mx\/index.php?rest_route=\/wp\/v2\/media\/32024"}],"wp:attachment":[{"href":"https:\/\/eloficiodehistoriar.com.mx\/index.php?rest_route=%2Fwp%2Fv2%2Fmedia&parent=32023"}],"wp:term":[{"taxonomy":"category","embeddable":true,"href":"https:\/\/eloficiodehistoriar.com.mx\/index.php?rest_route=%2Fwp%2Fv2%2Fcategories&post=32023"},{"taxonomy":"post_tag","embeddable":true,"href":"https:\/\/eloficiodehistoriar.com.mx\/index.php?rest_route=%2Fwp%2Fv2%2Ftags&post=32023"}],"curies":[{"name":"wp","href":"https:\/\/api.w.org\/{rel}","templated":true}]}}