{"id":32027,"date":"2023-04-23T11:31:10","date_gmt":"2023-04-23T17:31:10","guid":{"rendered":"https:\/\/eloficiodehistoriar.com.mx\/?p=32027"},"modified":"2023-04-23T11:31:10","modified_gmt":"2023-04-23T17:31:10","slug":"cientificos-advierten-que-las-temperaturas-promedio-en-el-planeta-son-ya-de-1-5-grados-centigrados-mas","status":"publish","type":"post","link":"https:\/\/eloficiodehistoriar.com.mx\/?p=32027","title":{"rendered":"Cient\u00edficos advierten que las temperaturas promedio en el planeta son ya de 1.5 grados cent\u00edgrados m\u00e1s"},"content":{"rendered":"<h2 id=\"article-title-tts\" class=\"title title-default\">Salvar la Tierra, clamor mundial<\/h2>\n<div class=\"article-info\"><a class=\"author\" href=\"https:\/\/www.jornada.com.mx\/author\/reuters-y-ap.html\">Reuters y Ap<\/a><\/div>\n<div class=\"article-info\"><\/div>\n<div id=\"article-content-images\" class=\"content-items-media\">\n<div id=\"image-gallery-carousel\" class=\"carousel carousel-front image-gallery slide\" data-ride=\"carousel\" data-interval=\"false\">\n<div class=\"carousel-inner\">\n<div class=\"carousel-item active\">\n<div class=\"carousel-caption-item-ga\">\n<p>Activistas exigieron ayer en las principales ciudades del mundo medidas contra el calentamiento global, mientras cient\u00edficos advierten que las temperaturas promedio en el planeta podr\u00edan alcanzar m\u00e1ximos hist\u00f3ricos en 2023 o 2024, con un aumento de 1.5 grados cent\u00edgrados por encima de la \u00e9poca preindustrial, con impactos m\u00e1s da\u00f1inos que los de 2022, cuando inundaciones, sequ\u00edas y olas de calor azotaron varias partes del orbe. Europa padece severa falta de agua en plena primavera, tradicionalmente de lluvias que nutren los caudales de los r\u00edos. La imagen, en la reserva de Sou, en Espa\u00f1a. Foto Ap<\/p>\n<\/div>\n<\/div>\n<\/div>\n<\/div>\n<div id=\"image-gallery-carousel-thumbs\" class=\"carousel-thumbs image-gallery-thumbs\">Activistas exigieron ayer en las principales ciudades del mundo medidas contra el calentamiento global, mientras cient\u00edficos advierten que las temperaturas promedio en el planeta podr\u00edan alcanzar m\u00e1ximos hist\u00f3ricos en 2023 o 2024, con un aumento de 1.5 grados cent\u00edgrados por encima de la \u00e9poca preindustrial, con impactos m\u00e1s da\u00f1inos que los de 2022, cuando inundaciones, sequ\u00edas y olas de calor azotaron varias partes del orbe. Europa padece severa falta de agua en plena primavera, tradicionalmente de lluvias que nutren los caudales de los r\u00edos. La imagen, en la reserva de Sou, en Espa\u00f1a.<\/div>\n<div><\/div>\n<\/div>\n<div class=\"article-row\">\n<div class=\"social-links right\">\n<div id=\"content-sintesis-audio\" class=\"sintesis-audio\">\n<div class=\"speak-cont btn-group\">\n<form><em>Nueva York.<\/em>\u00a0Activistas ambientales se reunieron ayer en las principales ciudades del mundo en el D\u00eda de la Tierra para pedir medidas contra el calentamiento global, mientras voluntarios de todo el globo se preparaban para plantar \u00e1rboles y retirar basura con motivo de la quicuag\u00e9sima cuarta celebraci\u00f3n anual del medio ambiente.<\/p>\n<p>El D\u00eda de la Tierra de este a\u00f1o, que se celebr\u00f3 oficialmente ayer, sigue a semanas de temperaturas extremas, con hist\u00f3ricos en Tailandia y una ola de calor en la India, donde al menos 13 personas murieron de insolaci\u00f3n en una ceremonia el pasado fin de semana.<\/p>\n<p>Las temperaturas promedio mundiales podr\u00edan alcanzar m\u00e1ximos hist\u00f3ricos en 2023 o 2024, han advertido los cient\u00edficos. Un informe del Grupo Intergubernamental de Expertos sobre el Cambio Clim\u00e1tico de Naciones Unidas afirma que el planeta se calentar\u00e1 1.5 grados cent\u00edgrados por encima de la \u00e9poca preindustrial, un umbral clave para impactos a\u00fan m\u00e1s da\u00f1inos que los de 2022.<\/p>\n<p>Tras meses de an\u00e1lisis del clima, la Organizaci\u00f3n Meteorol\u00f3gica Mundial concluy\u00f3 antier que el a\u00f1o pasado fue un a\u00f1o desastroso: inundaciones, sequ\u00edas y olas de calor mort\u00edferas azotaron diversas partes del mundo y produjeron da\u00f1os por miles de millones de d\u00f3lares.<\/p>\n<p>En Nueva York, manifestantes ambientales se dieron cita en Times Square para exigir medidas contra el cambio clim\u00e1tico y recortes en el uso de pl\u00e1sticos. La ciudad prohibi\u00f3 durante cinco horas la circulaci\u00f3n de autom\u00f3viles en al menos 31 localidades y celebr\u00f3 conciertos.<\/p>\n<p>En Washington, la Alianza por la Justicia Clim\u00e1tica march\u00f3 pidiendo el fin de la era de los combustibles f\u00f3siles, acompa\u00f1ada por una banda de jazz. En Boston y Los \u00c1ngeles se organizaron acopio de basura y reforestaciones.<\/p>\n<p>Seg\u00fan la Oficina Nacional de Administraci\u00f3n Oce\u00e1nica y Atmosf\u00e9rica de Estados Unidos, el a\u00f1o pasado hubo 18 fen\u00f3menos naturales que dejaron da\u00f1os por 165 mil millones de d\u00f3lares y 474 muertos. Entre estos figuraron el hurac\u00e1n <em>Ian<\/em>\u00a0y la actual sequ\u00eda que azota al oeste estadunidense.<\/p>\n<p>En Londres, activistas liderados por el grupo Extinction Rebellion se reunieron para iniciar una acci\u00f3n de cuatro d\u00edas, anunciada como The Big One, coincidiendo con el D\u00eda de la Tierra. Con lemas como \u201cDefendemos el clima, pero la polic\u00eda nos arresta\u201d miles de personas se manifestaron frente al Parlamento brit\u00e1nico para \u201cdestacar los fracasos medioambientales\u201d del gobierno.<\/p>\n<p>Unas 30 mil personas se inscribieron en concentraciones y marchas para toda la familia, lo que supone un cambio de estrategia para un grupo conocido por sus t\u00e1cticas disruptivas, como bloquear carreteras, arrojar pintura y romper escaparates.<\/p>\n<\/form>\n<\/div>\n<\/div>\n<\/div>\n<div class=\"article-main\">\n<div class=\"\">\n<div id=\"article-content-tts\" class=\"article-content ljn-nota-contenido\">\n<div id=\"content_nitf\">\n<blockquote class=\"twitter-tweet\" data-twitter-extracted-i1682270412182545106=\"true\">\n<p dir=\"ltr\" lang=\"es\">Limpias y rituales<\/p>\n<p dir=\"ltr\" lang=\"es\">En varias partes del mundo hubo una oleada de actividades en v\u00edsperas del D\u00eda de la Tierra, con actos programados en Roma y Boston e importantes campa\u00f1as de limpieza en el lago Dal de Srinagar, en India, y en Cabo Coral, en Florida, afectado por el hurac\u00e1n.<\/p>\n<p dir=\"ltr\" lang=\"es\">En Per\u00fa, chamanes hicieron antier una ofrenda a la Pachamama, o Madre Tierra. Con flores amarillas y sonajas, los chamanes caminaron alrededor de un globo de papel mach\u00e9 mientras realizaban un ritual. En Canad\u00e1, Francia, Indonesia, India, Kosovo y China, entre otros, tambi\u00e9n hubo manifestaciones y actividades para esta conmemoraci\u00f3n.<\/p>\n<p dir=\"ltr\" lang=\"es\">Los gobiernos han incumplido con creces las promesas del Acuerdo de Par\u00eds de 2015 de limitar el calentamiento abandonando los combustibles f\u00f3siles, en medio de crisis como el covid-19, la invasi\u00f3n rusa de Ucrania, la escasez de alimentos y la tensa relaci\u00f3n entre China y Estados Unidos, principales emisores de t\u00f3xicos.<\/p>\n<\/blockquote>\n<\/div>\n<\/div>\n<\/div>\n<div class=\"article-meta\"><\/div>\n<\/div>\n<\/div>\n","protected":false},"excerpt":{"rendered":"<p>Salvar la Tierra, clamor mundial Reuters y Ap Activistas exigieron ayer en las principales ciudades del mundo medidas contra el calentamiento global, mientras cient\u00edficos advierten que las temperaturas promedio en el planeta podr\u00edan alcanzar m\u00e1ximos hist\u00f3ricos en 2023 o 2024, con un aumento de 1.5 grados cent\u00edgrados por encima de la \u00e9poca preindustrial, con impactos [&hellip;]<\/p>\n","protected":false},"author":249,"featured_media":32028,"comment_status":"open","ping_status":"closed","sticky":false,"template":"","format":"standard","meta":{"footnotes":""},"categories":[26],"tags":[],"class_list":["post-32027","post","type-post","status-publish","format-standard","has-post-thumbnail","hentry","category-mundo"],"_links":{"self":[{"href":"https:\/\/eloficiodehistoriar.com.mx\/index.php?rest_route=\/wp\/v2\/posts\/32027","targetHints":{"allow":["GET"]}}],"collection":[{"href":"https:\/\/eloficiodehistoriar.com.mx\/index.php?rest_route=\/wp\/v2\/posts"}],"about":[{"href":"https:\/\/eloficiodehistoriar.com.mx\/index.php?rest_route=\/wp\/v2\/types\/post"}],"author":[{"embeddable":true,"href":"https:\/\/eloficiodehistoriar.com.mx\/index.php?rest_route=\/wp\/v2\/users\/249"}],"replies":[{"embeddable":true,"href":"https:\/\/eloficiodehistoriar.com.mx\/index.php?rest_route=%2Fwp%2Fv2%2Fcomments&post=32027"}],"version-history":[{"count":1,"href":"https:\/\/eloficiodehistoriar.com.mx\/index.php?rest_route=\/wp\/v2\/posts\/32027\/revisions"}],"predecessor-version":[{"id":32029,"href":"https:\/\/eloficiodehistoriar.com.mx\/index.php?rest_route=\/wp\/v2\/posts\/32027\/revisions\/32029"}],"wp:featuredmedia":[{"embeddable":true,"href":"https:\/\/eloficiodehistoriar.com.mx\/index.php?rest_route=\/wp\/v2\/media\/32028"}],"wp:attachment":[{"href":"https:\/\/eloficiodehistoriar.com.mx\/index.php?rest_route=%2Fwp%2Fv2%2Fmedia&parent=32027"}],"wp:term":[{"taxonomy":"category","embeddable":true,"href":"https:\/\/eloficiodehistoriar.com.mx\/index.php?rest_route=%2Fwp%2Fv2%2Fcategories&post=32027"},{"taxonomy":"post_tag","embeddable":true,"href":"https:\/\/eloficiodehistoriar.com.mx\/index.php?rest_route=%2Fwp%2Fv2%2Ftags&post=32027"}],"curies":[{"name":"wp","href":"https:\/\/api.w.org\/{rel}","templated":true}]}}