{"id":32091,"date":"2023-04-27T14:43:36","date_gmt":"2023-04-27T20:43:36","guid":{"rendered":"https:\/\/eloficiodehistoriar.com.mx\/?p=32091"},"modified":"2023-04-27T14:43:36","modified_gmt":"2023-04-27T20:43:36","slug":"festival-en-xalapa-alberto-de-la-rosa","status":"publish","type":"post","link":"https:\/\/eloficiodehistoriar.com.mx\/?p=32091","title":{"rendered":"Festival en Xalapa: \u00abAlberto de la Rosa\u00bb"},"content":{"rendered":"<div>\n<h1 class=\"title\">Listo el festival \u00abAlberto de la Rosa\u00bb<\/h1>\n<h1 class=\"title\">Aqu\u00ed te presentamos el programa de actividades<\/h1>\n<\/div>\n<h3 class=\"subtitle\">Este festival busca resaltar la importancia que tienen la m\u00fasica veracruzana, especialmente aquella en la que el arpa es un instrumento esencial<\/h3>\n<p>Se trata de un festival para rendir homenaje al maestro Alberto de la Rosa, director y fundador de Tlen Huicani<\/p>\n<div id=\"affix-share\" class=\"sharing-menu affix\">\n<ul>\n<li>Itzel Molina<\/li>\n<li>Diario de Xalapa<\/li>\n<\/ul>\n<\/div>\n<div class=\"content-body clearfix \">\n<div id=\"content-body-225-9982316\">\n<p>Teniendo como pa\u00edses invitados a Colombia y Paraguay, del 24 al 28 de mayo se realizar\u00e1 en Xalapa el Festival Alberto de la Rosa, con el cual se busca reconocer a los m\u00fasicos que han contribuido a que la cultura veracruzana trascienda.<\/p>\n<p>En conferencia de prensa, se dio a conocer que\u00a0<b>este festival busca resaltar la importancia que tienen la m\u00fasica veracruzana, especialmente aquella en la que el arpa es un instrumento esencial.<\/b><\/p>\n<\/div>\n<\/div>\n<article class=\"content-continued-body clearfix \">\n<div id=\"content-body-5851641-9982316\">\n<div id=\"standard_12\" class=\"st-placement standard_12 inArticle\">\n<div class=\"st-adunit-inarticle st-inarticle-slot\">\n<div class=\"st-adunit st-adunit-tagged st-reset st-show\">\n<div class=\"st-adunit-ad st-reset\">\n<div class=\"st-display-render st-reset open 320x480\">\n<div class=\"st-canvas st-reset vertical-static\">Al respecto, Karla Montano Rocher, titular de la Direcci\u00f3n de Cultura del ayuntamiento de Xalapa, se\u00f1al\u00f3 que se pretende reconocer a los personajes que han contribuido a que la m\u00fasica veracruzana trascienda m\u00e1s all\u00e1 de las fronteras, lo que ha permitido que se convierta en un referente en el pa\u00eds.<\/div>\n<\/div>\n<\/div>\n<\/div>\n<\/div>\n<\/div>\n<p>Mencion\u00f3 que este evento contar\u00e1 con\u00a0<b>conciertos, talleres, exposiciones y varias actividades relacionadas con el folklor veracruzano.<\/b><\/p>\n<p>Destac\u00f3 que se trata de un festival para\u00a0<b>rendir homenaje al maestro Alberto de la Rosa, director y fundador de Tlen Huicani,<\/b>\u00a0grupo dedicado a la<b>\u00a0m\u00fasica veracruzana.<\/b><\/p>\n<p>Por su parte, el maestro Alberto de la Rosa dijo estar agradecido por este reconocimiento que se le otorga de parte del ayuntamiento.<\/p>\n<p>Record\u00f3 que la mayor parte de su vida la ha dedicado a la m\u00fasica, ya que su familia cultiv\u00f3 el amor por este arte y la cultura veracruzana.<\/p>\n<article class=\"cultura\nmedia col-md-4 inline-story \"><\/p>\n<div class=\"teaser \">\n<h4 class=\"title \">\u201cDesde chiquillo tuve el gusto por la m\u00fasica, m\u00e1s grande me fui metiendo m\u00e1s fuerte hasta convertirme en m\u00fasico profesional y mi afici\u00f3n, mi gusto principal, fue el arpa sobre todo el arpa veracruzana, instrumento que me dio la oportunidad de conocer otras culturas de arpa, otras m\u00fasicas con la que he logrado una proyecci\u00f3n muy valiosa y considero que mi trabajo dentro de la m\u00fasica veracruzana ha sido importante\u201d, expuso.<\/h4>\n<\/div>\n<\/article>\n<h2>\u00bfCu\u00e1l es el programa cultural del festival Alberto de la Rosa?<\/h2>\n<p>El programa cultural inicia el 24 de mayo a las 10:00 horas en la Casa Do\u00f1a Falla Museo de la M\u00fasica Veracruzana con la inauguraci\u00f3n del festival y la exposici\u00f3n \u201cTrovador Jarocho\u201d, seguido a las 11:00 horas con la conferencia \u201cTrovador Jarocho\u201d, la cual impartir\u00e1 el mismo homenajeado.<\/p>\n<p>A las 12:00 horas est\u00e1 contemplado el Taller de Arpa Llanera (Avanzado), mismo que estar\u00e1 a cargo del colombiano Carlos Andr\u00e9s Quintero P\u00e9rez.<\/p>\n<p>El mismo d\u00eda, a las 16:00 horas se realizar\u00e1 el taller de Iniciaci\u00f3n al Arpa jarocha a cargo de Omar Aguilar y Dylan Galindo. Para las 18:00 horas se desarrollar\u00e1 el taller de Arpa Paraguaya a cargo del tallerista Adri\u00e1n Toledo Boggino.<\/p>\n<article class=\"cultura\nmedia col-md-4 inline-story \"><\/p>\n<div class=\"teaser \">\n<h4 class=\"title \">Finalmente, en el Teatro J. J. Herrera a las 19:00 horas se llevar\u00e1 a cabo el concierto de Arpa con los alumnos del maestro Alberto de la Rosa.<\/h4>\n<\/div>\n<\/article>\n<p>El 25 de mayo continuar\u00e1n los talleres de Arpa Llanera, de Iniciaci\u00f3n de Arpa Jarocha y de Arpa Paraguaya en el mismo horario y recinto musical.<\/p>\n<p>A las 19:00 horas habr\u00e1 un concierto de Arpa en el Teatro J. J. Herrera a cargo de Rodrigo Vidal Mart\u00ednez, Francheska Filobello Arauz, Eduardo Acosta de la Rosa, Mar\u00eda Cristina de la Rosa Peralta, Victoria P\u00e9rez Morales, Delfino Guerrero y Ernesto Cervantes Cruz.<\/p>\n<p>Para el 26 de mayo en el Palacio Municipal a las 18:00 horas se realizar\u00e1 la charla \u201cTlen Huicani, 50 Aniversario\u201d, a cargo de los doctores Le\u00f3n Alfonso Colorado Hern\u00e1ndez, Rafael Figueroa Hern\u00e1ndez y Alberto Manuel de la Rosa S\u00e1nchez.<\/p>\n<p>Seguido de<b>\u00a0<\/b>ello\u00a0<b>habr\u00e1 una presentaci\u00f3n de los alumnos del taller de Arpa Infantil<\/b>\u00a0y a las 19:00 horas se llevar\u00e1 a cabo el Concierto de Gala de Tlen Huicani y la Orquesta Municipal de Xalapa.<\/p>\n<p>El 27 de mayo continuar\u00e1n los talleres de Arpa Llanera, Iniciaci\u00f3n al Arpa Jarocha y de Arpa Paraguaya en el Museo de la M\u00fasica Veracruzana y a las 19:00 horas en el Teatro J. J. Herrera se desarrollar\u00e1 un concierto de Arpa a cargo de \u201cSiete Coincidencias\u201d.<\/p>\n<p>Para cerrar el festival, el 28 de abril a las 17:00 horas en la explanada del barrio de Xallitic los ensambles Son La Semilla, Xicochimalco y Jarochas Folk presentar\u00e1n el concierto \u201cEl arpa y las nuevas generaciones\u201d.<\/p>\n<p>Mientras que a las 18.00 horas Tlen Huicani ofrecer\u00e1 un espect\u00e1culo musical junto a Carlos Quintero P\u00e9rez y Adri\u00e1n Toledo Boggino.<\/p>\n<\/div>\n<\/article>\n<div id=\"google-news\" class=\"col-md-12 google-news-btn \"><\/div>\n","protected":false},"excerpt":{"rendered":"<p>Listo el festival \u00abAlberto de la Rosa\u00bb Aqu\u00ed te presentamos el programa de actividades Este festival busca resaltar la importancia que tienen la m\u00fasica veracruzana, especialmente aquella en la que el arpa es un instrumento esencial Se trata de un festival para rendir homenaje al maestro Alberto de la Rosa, director y fundador de Tlen [&hellip;]<\/p>\n","protected":false},"author":249,"featured_media":32092,"comment_status":"open","ping_status":"closed","sticky":false,"template":"","format":"standard","meta":{"footnotes":""},"categories":[26],"tags":[],"class_list":["post-32091","post","type-post","status-publish","format-standard","has-post-thumbnail","hentry","category-mundo"],"_links":{"self":[{"href":"https:\/\/eloficiodehistoriar.com.mx\/index.php?rest_route=\/wp\/v2\/posts\/32091","targetHints":{"allow":["GET"]}}],"collection":[{"href":"https:\/\/eloficiodehistoriar.com.mx\/index.php?rest_route=\/wp\/v2\/posts"}],"about":[{"href":"https:\/\/eloficiodehistoriar.com.mx\/index.php?rest_route=\/wp\/v2\/types\/post"}],"author":[{"embeddable":true,"href":"https:\/\/eloficiodehistoriar.com.mx\/index.php?rest_route=\/wp\/v2\/users\/249"}],"replies":[{"embeddable":true,"href":"https:\/\/eloficiodehistoriar.com.mx\/index.php?rest_route=%2Fwp%2Fv2%2Fcomments&post=32091"}],"version-history":[{"count":1,"href":"https:\/\/eloficiodehistoriar.com.mx\/index.php?rest_route=\/wp\/v2\/posts\/32091\/revisions"}],"predecessor-version":[{"id":32093,"href":"https:\/\/eloficiodehistoriar.com.mx\/index.php?rest_route=\/wp\/v2\/posts\/32091\/revisions\/32093"}],"wp:featuredmedia":[{"embeddable":true,"href":"https:\/\/eloficiodehistoriar.com.mx\/index.php?rest_route=\/wp\/v2\/media\/32092"}],"wp:attachment":[{"href":"https:\/\/eloficiodehistoriar.com.mx\/index.php?rest_route=%2Fwp%2Fv2%2Fmedia&parent=32091"}],"wp:term":[{"taxonomy":"category","embeddable":true,"href":"https:\/\/eloficiodehistoriar.com.mx\/index.php?rest_route=%2Fwp%2Fv2%2Fcategories&post=32091"},{"taxonomy":"post_tag","embeddable":true,"href":"https:\/\/eloficiodehistoriar.com.mx\/index.php?rest_route=%2Fwp%2Fv2%2Ftags&post=32091"}],"curies":[{"name":"wp","href":"https:\/\/api.w.org\/{rel}","templated":true}]}}