{"id":32095,"date":"2023-04-28T14:33:19","date_gmt":"2023-04-28T20:33:19","guid":{"rendered":"https:\/\/eloficiodehistoriar.com.mx\/?p=32095"},"modified":"2023-04-28T14:33:19","modified_gmt":"2023-04-28T20:33:19","slug":"en-agosto-nos-vemos-novela-inedita-de-gabriel-garcia-marquez-aparecera-publicada-en-2024","status":"publish","type":"post","link":"https:\/\/eloficiodehistoriar.com.mx\/?p=32095","title":{"rendered":"\u00abEn agosto nos vemos\u00bb novela in\u00e9dita de Gabriel Garc\u00eda M\u00e1rquez,\u00a0aparecer\u00e1 publicada en 2024"},"content":{"rendered":"<h2 id=\"article-title-tts\" class=\"title title-default\">Publicar\u00e1n novela in\u00e9dita de Gabriel Garc\u00eda M\u00e1rquez en 2024<\/h2>\n<div class=\"article-info\"><a class=\"author\" href=\"https:\/\/www.jornada.com.mx\/author\/afp.html\">AFP<\/a> .<\/div>\n<div id=\"article-content-images\" class=\"content-items-media\"><\/div>\n<div class=\"foto-pie\">\u2018En agosto nos vemos\u2019 conmemorar\u00e1 el aniversario luctuoso n\u00famero 10 del premio Noble de Literatura de 1982.<\/div>\n<div><\/div>\n<div class=\"article-row\">\n<div class=\"social-links right\">\n<div id=\"content-sintesis-audio\" class=\"sintesis-audio\">\n<div class=\"speak-cont btn-group\">\n<form><em>Madrid.<\/em><\/p>\n<p>Una novela in\u00e9dita de Gabriel Garc\u00eda M\u00e1rquez,\u00a0<em>En agosto nos vemos<\/em>, aparecer\u00e1 publicada en 2024, cuando se cumplen 10 a\u00f1os de la muerte del premio Nobel colombiano, anunci\u00f3 este viernes la editorial Random House.<\/p>\n<\/form>\n<\/div>\n<\/div>\n<\/div>\n<div class=\"article-main\">\n<div class=\"\">\n<div id=\"article-content-tts\" class=\"article-content ljn-nota-contenido\">\n<div id=\"content_nitf\">\n<div class=\"teads-inread\">\n<div id=\"teads0\" class=\"teads-player\">La nueva obra del autor de <em>Cien a\u00f1os de soledad<\/em>\u00a0o\u00a0<em>El amor en los tiempos del c\u00f3lera<\/em>\u00a0aparecer\u00e1 \u00aben 2024 en todos los pa\u00edses de habla espa\u00f1ola, salvo M\u00e9xico\u00bb y \u00abser\u00e1 sin duda alguna el acontecimiento editorial m\u00e1s importante del pr\u00f3ximo a\u00f1o\u00bb, inform\u00f3 la editorial en un comunicado.<\/div>\n<\/div>\n<p>\u00ab<em>En agosto nos vemos<\/em>\u00a0fue el fruto de un \u00faltimo esfuerzo por seguir creando contra viento y marea\u00bb, explicaron en el comunicado los hijos del escritor, Rodrigo y Gonzalo Garc\u00eda Barcha.<\/p>\n<p>\u00abLey\u00e9ndolo una vez m\u00e1s a casi diez a\u00f1os de su muerte descubrimos que el texto ten\u00eda much\u00edsimos y muy disfrutables m\u00e9ritos\u00bb, a\u00f1adieron los hijos del escritor fallecido en M\u00e9xico el 17 de abril de 2014, a los 87 a\u00f1os.<\/p>\n<p>Seg\u00fan ellos, la novela contiene \u00ablo m\u00e1s sobresaliente de la obra de\u00a0<em>Gabo<\/em>: su capacidad de invenci\u00f3n, la poes\u00eda del lenguaje, la narrativa cautivadora, su entendimiento del ser humano y su cari\u00f1o por sus vivencias y sus desventuras, sobre todo en el amor, posiblemente el tema principal de toda su obra\u00bb.<\/p>\n<p>Nacido el 6 de marzo de 1927 en el pueblo de Aracataca, en la zona Caribe de Colombia, Garc\u00eda M\u00e1rquez, periodista y escritor, dej\u00f3 una extensa lista de cuentos y novelas, como\u00a0<em>Relato de un n\u00e1ufrago<\/em>,\u00a0<em>Cr\u00f3nica de una muerte anunciada<\/em>,\u00a0<em>El coronel no tiene quien le escriba<\/em>,\u00a0<em>Noticia de un secuestro<\/em>, y la m\u00e1s popular de todas,\u00a0<em>Cien a\u00f1os de soledad<\/em>.<\/p>\n<div class=\"teads-inread teads-display\">\n<div id=\"teads1\" class=\"teads-player\">Esta obra le vali\u00f3, en 1972, el premio latinoamericano de novela R\u00f3mulo Gallegos, su primera gran distinci\u00f3n, a la que le seguir\u00eda, en 1982, el premio Nobel de Literatura.<\/div>\n<\/div>\n<p>Junto al peruano Mario Vargas Llosa, el argentino Julio Cort\u00e1zar o el mexicano Carlos Fuentes, integr\u00f3 lo que se conoci\u00f3 como \u00abel boom latinoamericano\u00bb, un fen\u00f3meno editorial y literario de los a\u00f1os 1960 y 1970 que les dio a conocer en todo el mundo.<\/p>\n<p>Garc\u00eda M\u00e1rquez es el escritor en lengua espa\u00f1ola m\u00e1s traducido en el siglo XXI, m\u00e1s que Miguel de Cervantes, revel\u00f3 en abril el Instituto Cervantes.<\/p>\n<\/div>\n<\/div>\n<\/div>\n<div class=\"article-meta\"><\/div>\n<\/div>\n<\/div>\n","protected":false},"excerpt":{"rendered":"<p>Publicar\u00e1n novela in\u00e9dita de Gabriel Garc\u00eda M\u00e1rquez en 2024 AFP . \u2018En agosto nos vemos\u2019 conmemorar\u00e1 el aniversario luctuoso n\u00famero 10 del premio Noble de Literatura de 1982. Madrid. Una novela in\u00e9dita de Gabriel Garc\u00eda M\u00e1rquez,\u00a0En agosto nos vemos, aparecer\u00e1 publicada en 2024, cuando se cumplen 10 a\u00f1os de la muerte del premio Nobel colombiano, [&hellip;]<\/p>\n","protected":false},"author":249,"featured_media":32096,"comment_status":"open","ping_status":"closed","sticky":false,"template":"","format":"standard","meta":{"footnotes":""},"categories":[26],"tags":[],"class_list":["post-32095","post","type-post","status-publish","format-standard","has-post-thumbnail","hentry","category-mundo"],"_links":{"self":[{"href":"https:\/\/eloficiodehistoriar.com.mx\/index.php?rest_route=\/wp\/v2\/posts\/32095","targetHints":{"allow":["GET"]}}],"collection":[{"href":"https:\/\/eloficiodehistoriar.com.mx\/index.php?rest_route=\/wp\/v2\/posts"}],"about":[{"href":"https:\/\/eloficiodehistoriar.com.mx\/index.php?rest_route=\/wp\/v2\/types\/post"}],"author":[{"embeddable":true,"href":"https:\/\/eloficiodehistoriar.com.mx\/index.php?rest_route=\/wp\/v2\/users\/249"}],"replies":[{"embeddable":true,"href":"https:\/\/eloficiodehistoriar.com.mx\/index.php?rest_route=%2Fwp%2Fv2%2Fcomments&post=32095"}],"version-history":[{"count":1,"href":"https:\/\/eloficiodehistoriar.com.mx\/index.php?rest_route=\/wp\/v2\/posts\/32095\/revisions"}],"predecessor-version":[{"id":32097,"href":"https:\/\/eloficiodehistoriar.com.mx\/index.php?rest_route=\/wp\/v2\/posts\/32095\/revisions\/32097"}],"wp:featuredmedia":[{"embeddable":true,"href":"https:\/\/eloficiodehistoriar.com.mx\/index.php?rest_route=\/wp\/v2\/media\/32096"}],"wp:attachment":[{"href":"https:\/\/eloficiodehistoriar.com.mx\/index.php?rest_route=%2Fwp%2Fv2%2Fmedia&parent=32095"}],"wp:term":[{"taxonomy":"category","embeddable":true,"href":"https:\/\/eloficiodehistoriar.com.mx\/index.php?rest_route=%2Fwp%2Fv2%2Fcategories&post=32095"},{"taxonomy":"post_tag","embeddable":true,"href":"https:\/\/eloficiodehistoriar.com.mx\/index.php?rest_route=%2Fwp%2Fv2%2Ftags&post=32095"}],"curies":[{"name":"wp","href":"https:\/\/api.w.org\/{rel}","templated":true}]}}