{"id":32098,"date":"2023-04-28T14:51:00","date_gmt":"2023-04-28T20:51:00","guid":{"rendered":"https:\/\/eloficiodehistoriar.com.mx\/?p=32098"},"modified":"2023-04-28T14:51:00","modified_gmt":"2023-04-28T20:51:00","slug":"en-la-u-veracruzana-se-reflexiono-sobre-la-relacion-entre-la-academia-y-sus-llamados-sujetos-de-estudio","status":"publish","type":"post","link":"https:\/\/eloficiodehistoriar.com.mx\/?p=32098","title":{"rendered":"En La U. Veracruzana se reflexion\u00f3 sobre la relaci\u00f3n entre la academia y sus llamados\u00a0sujetos de estudio"},"content":{"rendered":"<div id=\"article-cont\" class=\"main-cont article-cont analysis\">\n<div class=\"cabeza\">Posdata a un conversatorio en Xalapa<\/div>\n<div class=\"sumarios\"><\/div>\n<div class=\"credito-articulo\">Gilberto L\u00f3pez y Rivas<\/div>\n<div><\/div>\n<div id=\"article-text\" class=\"text\">\n<div class=\"col col1\">\n<div class=\"inicial\">En el marco del\u00a051 aniversario de la fundaci\u00f3n del Instituto de Investigaciones en Educaci\u00f3n, de la Universidad Veracruzana, tuvo lugar un taller-conversatorio en la ciudad de Xalapa, del 19 al 21 de abril, en el que concurrieron integrantes de disciplinas sociales, con predominio de la antropolog\u00eda, representantes del Congreso Nacional Ind\u00edgena y colectivos solidarios del entorno zapatista, con una tem\u00e1tica transversal a debatir denominada\u00a0<q>Caminar con los pueblos, construir otras ciencias sociales<\/q>.<\/div>\n<p>En intensas, emotivas y festivas jornadas de trabajo, cada d\u00eda en distintos entornos, tanto universitarios como extramuros, se reflexion\u00f3 sobre la compleja y en ocasiones conflictiva relaci\u00f3n entre la academia y sus llamados\u00a0<q>sujetos de estudio<\/q>, informantes, insisti\u00e9ndose en la necesidad de acompa\u00f1ar y acuerpar los movimientos sociales emancipatorios a la manera que lo hizo Pablo Gonz\u00e1lez Casanova,\u00a0<em>comandante Contreras<\/em>\u00a0<em>,\u00a0<\/em>quien fue recordado y honrado, y a quien se dedic\u00f3 la actividad en curso. Precisamente, se destacaron los aportes de Pablo Gonz\u00e1lez Casanova y Rodolfo Stavenhagen de una l\u00ednea de investigaci\u00f3n abierta por Jos\u00e9 Carlos Mari\u00e1tegui, en el avance conceptual de las ciencias sociales latinoamericanas, con sus nociones sobre el colonialismo interno, las relaciones clase-etnia, en el contexto de sociedades pluriling\u00fc\u00edsticas y multi\u00e9tnicas que caracterizan a nuestra Am\u00e9rica.<\/p>\n<p>Claro, hay que seguir las advertencias del propio Gonz\u00e1lez Casanova de formular las redefiniciones de los conceptos fundamentales. Por ello, \u00e9l destacaba que no podemos quedarnos en el concepto tradicional de lucha de clases, que conserva un sentido fabril y economicista del que no logra desprenderse. El concepto de explotaci\u00f3n tampoco es suficientemente comprensivo. Ambos conceptos, afirmaba,\u00a0<q>el de clases y el de explotaci\u00f3n, requieren ser complementados o superados por el de dominaci\u00f3n y apropiaci\u00f3n del excedente y de la riqueza a costa de los trabajadores y de los pueblos, en procesos de apropiaci\u00f3n del plus-valor y del capital acumulado, y en procesos de distribuci\u00f3n y apropiaci\u00f3n inequitativa del excedente y de la riqueza<\/q>. Ambos conceptos,\u00a0<q>vinculan el poder pol\u00edtico, represivo, inform\u00e1tico, cultural y social con las relaciones de producci\u00f3n<\/q>.<\/p>\n<p>Desde los pueblos ind\u00edgenas, algunos de sus representantes egresados de las universidades y los movimientos de resistencia anticapitalista, se escucharon reclamos fundados,hacia una ciencia social considerada tan extractivista como una corporaci\u00f3n minera, con su\u00a0<q>ingenier\u00eda de conflictos<\/q>, e incluso, en ocasiones, colaboracionista de los actuales procesos de recolonizaci\u00f3n que se dejan sentir en los megaproyectos del gobierno federal, como el Tren Maya, el Corredor Interoce\u00e1nico y el Proyecto Integral Morelos, Puebla, Tlaxcala. Una y otra vez se plante\u00f3 el interrogante: \u00bfpara qu\u00e9 y para qui\u00e9n la ciencia social?<\/p>\n<\/div>\n<div class=\"col col2\">\n<p>Todo ello en el marco de una mundializaci\u00f3n capitalista permeada por la militarizaci\u00f3n y el militarismo, la\u00a0<em>necropol\u00edtica<\/em>, la violencia extrema del crimen organizado, que, como otra corporaci\u00f3n capitalista, invade territorios rurales y urbanos y sirve como otro instrumento del Estado y las trasnacionales para el desplazamiento forzado, el despojo y la desposesi\u00f3n de los pueblos y las clases trabajadoras del campo y la ciudad.<\/p>\n<p>Cuando se expusieron los procesos de militarizaci\u00f3n y militarismo, el auditorio tuvo la posibilidad de ver una muestra de este \u00faltimo, al exhibirse uno de los videos de apolog\u00eda de las fuerzas armadas, producidos por Sedena y el INAH, en el que personal armado (contraviniendo la normativa de zonas arqueol\u00f3gicas) realiza una singular ceremonia castrense, de supuesta inspiraci\u00f3n prehisp\u00e1nica.<\/p>\n<p>Se refrend\u00f3 la importancia del zapatismo como referente de la lucha social en este siglo XXI, como la fuerza pol\u00edtica y moral que incide en las resistencias de los pueblos ind\u00edgenas, y se destacaron los esfuerzos del Congreso Nacional Ind\u00edgena, que a contracorriente y pese a la violencia imperante, articula el movimiento nacional que enfrenta la recolonizaci\u00f3n de los territorios, y construye autonom\u00eda como instrumento concientizador de un poder popular que sigue los preceptos del mandar obedeciendo que el EZLN practica en los tres niveles de gobierno de sus territorios aut\u00f3nomos. Se ratific\u00f3 la estrategia program\u00e1tica de la autonom\u00eda, como forma de construir la utop\u00eda concreta en la unidad de los pueblos y las clases trabajadoras. La traves\u00eda por la vida por la Europa insumisa representa, en esta direcci\u00f3n, un esfuerzo de di\u00e1logo y encuentro, en la tarea tit\u00e1nica de globalizar las luchas para enfrentar, hermanados, al sistema capitalista.<\/p>\n<p>El conversatorio cumpli\u00f3 con el objetivo de un comprometido comit\u00e9 organizador de abordar los avatares del caminar con los pueblos y de construir otras ciencias sociales, tejiendo alianzas entre academia y movimientos sociales.<\/p>\n<p class=\"email\">\n<\/div>\n<\/div>\n<div class=\"go gui\">\n<div class=\"go-up\"><\/div>\n<\/div>\n<\/div>\n","protected":false},"excerpt":{"rendered":"<p>Posdata a un conversatorio en Xalapa Gilberto L\u00f3pez y Rivas En el marco del\u00a051 aniversario de la fundaci\u00f3n del Instituto de Investigaciones en Educaci\u00f3n, de la Universidad Veracruzana, tuvo lugar un taller-conversatorio en la ciudad de Xalapa, del 19 al 21 de abril, en el que concurrieron integrantes de disciplinas sociales, con predominio de la [&hellip;]<\/p>\n","protected":false},"author":249,"featured_media":32099,"comment_status":"open","ping_status":"closed","sticky":false,"template":"","format":"standard","meta":{"footnotes":""},"categories":[26],"tags":[],"class_list":["post-32098","post","type-post","status-publish","format-standard","has-post-thumbnail","hentry","category-mundo"],"_links":{"self":[{"href":"https:\/\/eloficiodehistoriar.com.mx\/index.php?rest_route=\/wp\/v2\/posts\/32098","targetHints":{"allow":["GET"]}}],"collection":[{"href":"https:\/\/eloficiodehistoriar.com.mx\/index.php?rest_route=\/wp\/v2\/posts"}],"about":[{"href":"https:\/\/eloficiodehistoriar.com.mx\/index.php?rest_route=\/wp\/v2\/types\/post"}],"author":[{"embeddable":true,"href":"https:\/\/eloficiodehistoriar.com.mx\/index.php?rest_route=\/wp\/v2\/users\/249"}],"replies":[{"embeddable":true,"href":"https:\/\/eloficiodehistoriar.com.mx\/index.php?rest_route=%2Fwp%2Fv2%2Fcomments&post=32098"}],"version-history":[{"count":1,"href":"https:\/\/eloficiodehistoriar.com.mx\/index.php?rest_route=\/wp\/v2\/posts\/32098\/revisions"}],"predecessor-version":[{"id":32100,"href":"https:\/\/eloficiodehistoriar.com.mx\/index.php?rest_route=\/wp\/v2\/posts\/32098\/revisions\/32100"}],"wp:featuredmedia":[{"embeddable":true,"href":"https:\/\/eloficiodehistoriar.com.mx\/index.php?rest_route=\/wp\/v2\/media\/32099"}],"wp:attachment":[{"href":"https:\/\/eloficiodehistoriar.com.mx\/index.php?rest_route=%2Fwp%2Fv2%2Fmedia&parent=32098"}],"wp:term":[{"taxonomy":"category","embeddable":true,"href":"https:\/\/eloficiodehistoriar.com.mx\/index.php?rest_route=%2Fwp%2Fv2%2Fcategories&post=32098"},{"taxonomy":"post_tag","embeddable":true,"href":"https:\/\/eloficiodehistoriar.com.mx\/index.php?rest_route=%2Fwp%2Fv2%2Ftags&post=32098"}],"curies":[{"name":"wp","href":"https:\/\/api.w.org\/{rel}","templated":true}]}}