{"id":32101,"date":"2023-04-28T15:21:53","date_gmt":"2023-04-28T21:21:53","guid":{"rendered":"https:\/\/eloficiodehistoriar.com.mx\/?p=32101"},"modified":"2023-04-28T15:21:53","modified_gmt":"2023-04-28T21:21:53","slug":"representacion-de-kawiil-fue-descubierta-por-investigadores-inah-en-el-salvamento-arqueologico","status":"publish","type":"post","link":"https:\/\/eloficiodehistoriar.com.mx\/?p=32101","title":{"rendered":"Representaci\u00f3n de K\u2019awiil, fue descubierta por investigadores INAH, en el salvamento arqueol\u00f3gico"},"content":{"rendered":"<div id=\"article-cont\" class=\"main-cont article-cont actuality\">\n<div class=\"cabeza\">Hallan en ruta del Tren Maya una cabeza de K\u2019awiil, deidad poco representada<\/div>\n<div class=\"sumarios\">\n<p>Se vincula a este dios con el rayo, la fuerza y el poder \/\/ Se trata de un descubrimiento\u00a0<q>muy importante<\/q>, asever\u00f3 el titular del INAH<\/p>\n<\/div>\n<div id=\"article-text\" class=\"text\">\n<div class=\"foto\">\n<div class=\"pie-foto\">Hasta ahora s\u00f3lo se conoc\u00edan tres figuras de K\u2019awiil, descubiertas en Tikal, Guatemala, revel\u00f3 Diego Prieto en Palacio Nacional.<\/div>\n<div><\/div>\n<\/div>\n<div class=\"col col1\">\n<div class=\"credito-autor\">Alonso Urrutia y Emir Olivares<\/div>\n<div class=\"credito-titulo\"><\/div>\n<div class=\"hemero\">La Jornada<\/p>\n<\/div>\n<p class=\"s-s\">Una representaci\u00f3n del dios maya K\u2019awiil, vinculado con el rayo, la fuerza y el poder, entre otros atributos, fue descubierta por investigadores del Instituto Nacional de Antropolog\u00eda e Historia (INAH), durante las labores de salvamento arqueol\u00f3gico que realiza en el tramo 7 del proyecto Tren Maya, el cual corre de Bacalar, en Quintana Roo, a Esc\u00e1rcega, en Campeche, anunci\u00f3 el director del Instituto, Diego Prieto Hern\u00e1ndez.<\/p>\n<p>Durante la conferencia matutina en Palacio Nacional, el funcionario subray\u00f3 que \u201ces muy importante, aunque es una cabecita peque\u00f1a, porque hay muy pocas representaciones de bulto del dios K\u2019awiil. Hasta ahora s\u00f3lo conocemos tres que aparecieron en Tikal, Guatemala\u201d.<\/p>\n<p>Esta deidad, detall\u00f3, est\u00e1 representada en pinturas, hachas votivas y relieves, as\u00ed como en los c\u00f3dices\u00a0<em>Dresde<\/em>\u00a0y\u00a0<em>Maya de M\u00e9xico,\u00a0<\/em>antes llamado\u00a0<em>Grolier,\u00a0<\/em><q>y no es frecuente que aparezca como figura en tres dimensiones<\/q>.<\/p>\n<p>Agreg\u00f3 que dicha pieza fue mostrada al presidente L\u00f3pez Obrador durante la gira realizada el fin de semana pasado para ver los avances del tramo 7; ah\u00ed se le rindieron informes de otros aspectos, como la localizaci\u00f3n de estructuras, plataformas y edificios abovedados, en los cuales se han buscado las soluciones de ingenier\u00eda para preservarlos;\u00a0<q>con posterioridad, muchos de estos edificios ser\u00e1n restaurados para que los viajeros del tren puedan admirarlos y disfrutarlos<\/q>.<\/p>\n<p>Paralelamente, Prieto Hern\u00e1ndez anunci\u00f3 que con base en los hallazgos arqueol\u00f3gicos que se han registrado en las obras del Tren Maya, se prev\u00e9 convocar este a\u00f1o a un\u00a0<q>gran simposio internacional<\/q>, para reflexionar sobre las aportaciones de la civilizaci\u00f3n maya.<\/p>\n<p>Hasta ahora, los trabajos de protecci\u00f3n del patrimonio arqueol\u00f3gico que se realizaron entre los tramos 1 y 5 ya concluyeron, en tanto que en el fragmento que va de Tulum a Chetumal hay avance de 94 por ciento, y 97 por ciento de vistos buenos en el tramo 7.<\/p>\n<\/div>\n<div class=\"col col2\">\n<p><q>No quiere decir que termina el salvamento; seguimos trabajando en obras complementarias, en el acopio y limpieza de los materiales arqueol\u00f3gicos, su clasificaci\u00f3n y ordenamiento, la sistematizaci\u00f3n de la inmensa informaci\u00f3n que vamos recuperando, no s\u00f3lo de los materiales, sino de los registros georreferenciados de cada vestigio que encontramos en la ruta del tren<\/q>, apunt\u00f3.<\/p>\n<p>El reforzamiento del personal adscrito del INAH, al que se sumaron 500 soldados, y personal de otras dependencias y de los gobiernos de Campeche y Quintana Roo, se concluir\u00e1 pronto para garantizar la construcci\u00f3n del Tren Maya y su inauguraci\u00f3n en diciembre.<\/p>\n<p>Mencion\u00f3 que a lo largo de toda la ruta hay 26 zonas arqueol\u00f3gicas, entre las que destac\u00f3 Ichkabal, la cual hasta ahora no tiene acceso, pero, anunci\u00f3 Diego Prieto, es considerada parte del Programa de Mejoramiento de Zonas Arqueol\u00f3gicas \u2013est\u00e1 ubicada a 40 kil\u00f3metros de la laguna de Bacalar\u2013, a fin de que hacia mediados de 2024 se abra a los turistas que se desplacen en el Tren Maya.<\/p>\n<p>Ichkabal tuvo sus momentos de mayor esplendor entre los siglos III y VII de nuestra era, y fue un importante centro de poder. Se trata de una de las ciudades en que tuvo asiento la poderosa dinast\u00eda Kaan\u2019ul o de La Serpiente, que surgi\u00f3 en Dzibanch\u00e9 y se desplaz\u00f3 a Calakmul, extendiendo su influencia al norte de Guatemala, rivalizando con Tikal, a la que lleg\u00f3 a dominar por un tiempo constituyendo una de las m\u00e1s poderosas del periodo cl\u00e1sico maya.<\/p>\n<p>Diego Prieto puntualiz\u00f3 que al corte del 27 de abril de 2023 se han registrado y preservado 48 mil 971 bienes inmuebles, entre cimientos, albarradas y basamentos; 896 mil 449 fragmentos de cer\u00e1mica analizados; mil 817 bienes muebles, de metates y cer\u00e1mica; 704 vasijas en proceso de restauraci\u00f3n; 491 osamentas, y mil 307 rasgos naturales (cuevas y cenotes).<\/p>\n<\/div>\n<\/div>\n<div class=\"go gui\">\n<div class=\"go-up\"><\/div>\n<\/div>\n<\/div>\n<div id=\"taboola-below-content-thumbnails\" class=\" trc_related_container trc_spotlight_widget tbl-feed-container tbl-feed-frame-DIVIDER  render-late-effect\" data-feed-container-num=\"1\" data-feed-main-container-id=\"taboola-below-content-thumbnails\" data-parent-placement-name=\"Below Content Thumbnails\" data-pub-lang=\"es\">\n<div class=\" tbl-feed-header tbl-logo-right-position\">\n<div class=\"tbl-feed-header-logo\"><\/div>\n<\/div>\n<\/div>\n","protected":false},"excerpt":{"rendered":"<p>Hallan en ruta del Tren Maya una cabeza de K\u2019awiil, deidad poco representada Se vincula a este dios con el rayo, la fuerza y el poder \/\/ Se trata de un descubrimiento\u00a0muy importante, asever\u00f3 el titular del INAH Hasta ahora s\u00f3lo se conoc\u00edan tres figuras de K\u2019awiil, descubiertas en Tikal, Guatemala, revel\u00f3 Diego Prieto en [&hellip;]<\/p>\n","protected":false},"author":249,"featured_media":32103,"comment_status":"open","ping_status":"closed","sticky":false,"template":"","format":"standard","meta":{"footnotes":""},"categories":[26],"tags":[],"class_list":["post-32101","post","type-post","status-publish","format-standard","has-post-thumbnail","hentry","category-mundo"],"_links":{"self":[{"href":"https:\/\/eloficiodehistoriar.com.mx\/index.php?rest_route=\/wp\/v2\/posts\/32101","targetHints":{"allow":["GET"]}}],"collection":[{"href":"https:\/\/eloficiodehistoriar.com.mx\/index.php?rest_route=\/wp\/v2\/posts"}],"about":[{"href":"https:\/\/eloficiodehistoriar.com.mx\/index.php?rest_route=\/wp\/v2\/types\/post"}],"author":[{"embeddable":true,"href":"https:\/\/eloficiodehistoriar.com.mx\/index.php?rest_route=\/wp\/v2\/users\/249"}],"replies":[{"embeddable":true,"href":"https:\/\/eloficiodehistoriar.com.mx\/index.php?rest_route=%2Fwp%2Fv2%2Fcomments&post=32101"}],"version-history":[{"count":1,"href":"https:\/\/eloficiodehistoriar.com.mx\/index.php?rest_route=\/wp\/v2\/posts\/32101\/revisions"}],"predecessor-version":[{"id":32104,"href":"https:\/\/eloficiodehistoriar.com.mx\/index.php?rest_route=\/wp\/v2\/posts\/32101\/revisions\/32104"}],"wp:featuredmedia":[{"embeddable":true,"href":"https:\/\/eloficiodehistoriar.com.mx\/index.php?rest_route=\/wp\/v2\/media\/32103"}],"wp:attachment":[{"href":"https:\/\/eloficiodehistoriar.com.mx\/index.php?rest_route=%2Fwp%2Fv2%2Fmedia&parent=32101"}],"wp:term":[{"taxonomy":"category","embeddable":true,"href":"https:\/\/eloficiodehistoriar.com.mx\/index.php?rest_route=%2Fwp%2Fv2%2Fcategories&post=32101"},{"taxonomy":"post_tag","embeddable":true,"href":"https:\/\/eloficiodehistoriar.com.mx\/index.php?rest_route=%2Fwp%2Fv2%2Ftags&post=32101"}],"curies":[{"name":"wp","href":"https:\/\/api.w.org\/{rel}","templated":true}]}}