{"id":32105,"date":"2023-04-28T15:27:47","date_gmt":"2023-04-28T21:27:47","guid":{"rendered":"https:\/\/eloficiodehistoriar.com.mx\/?p=32105"},"modified":"2023-04-28T15:27:47","modified_gmt":"2023-04-28T21:27:47","slug":"fanaticos-despidieron-al-humor-fino-de-les-luthiers-j-s-mastropiero-fue-el-invitado-de-la-velada","status":"publish","type":"post","link":"https:\/\/eloficiodehistoriar.com.mx\/?p=32105","title":{"rendered":"Fan\u00e1ticos despidieron al humor fino de Les Luthiers,  J. S. Mastropiero, fue el invitado de la velada"},"content":{"rendered":"<div id=\"article-cont\" class=\"main-cont article-cont actuality\">\n<div class=\"cabeza\">Sin l\u00edmites, los fan\u00e1ticos despidieron 55 a\u00f1os de m\u00fasica y humor fino de Les Luthiers<\/div>\n<div class=\"sumarios\">\n<p>Johann Sebastian Mastropiero, compositor del grupo argentino, fue el invitado de la velada, en el Auditorio Nacional<\/p>\n<\/div>\n<div id=\"article-text\" class=\"text\">\n<div class=\"foto\">\n<div class=\"pie-foto\">La gira del adi\u00f3s de la agrupaci\u00f3n continuar\u00e1 en Colombia y Espa\u00f1a.<\/div>\n<div><\/div>\n<\/div>\n<div class=\"col col1\">\n<div class=\"credito-autor\">Ana M\u00f3nica Rodr\u00edguez<\/div>\n<div class=\"credito-titulo\"><\/div>\n<div class=\"hemero\">La Jornada<\/p>\n<\/div>\n<p class=\"s-s\">El compositor Johann Sebastian Mastropiero devel\u00f3 la clave de su ins\u00f3lita y arrolladora fama ante un Auditorio Nacional que se cimbr\u00f3 por las carcajadas de quienes acudieron a despedir, con una gran ovaci\u00f3n, a la ic\u00f3nica agrupaci\u00f3n argentina Les Luthiers.<\/p>\n<p>El humor y la m\u00fasica; los di\u00e1logos inteligentes, los inusuales y r\u00edtmicos instrumentos (entre otros artefactos no convencionales); las letras p\u00edcaras e ir\u00f3nicas; las carcajadas y los aplausos fueron una constante durante el espect\u00e1culo\u00a0<em>M\u00e1s tropiezos de Mastropiero,<\/em>\u00a0con el cual el grupo se despide, luego de m\u00e1s 55 a\u00f1os, de los escenarios.<\/p>\n<p><em>Mastropiero,<\/em>\u00a0creador de las obras de Les Luthiers, fue invitado a una entrevista para el programa\u00a0<em>Di\u00e1logos con la Cultura,<\/em>\u00a0en la que habl\u00f3 sobre sus piezas, conceptos, motivaciones, pasiones, encuentros y desencuentros, entre hilarantes aventuras. Frente a una c\u00e1mara, sentado en uno de los dos sillones que hab\u00eda en el escenario y custodiado por un librero, el compositor respondi\u00f3 a cada una de las preguntas de un incr\u00e9dulo e\u00a0<q>intolerante<\/q>\u00a0conductor.<\/p>\n<p>En una reflexi\u00f3n, Mastropiero revir\u00f3 a su cr\u00edtico entrevistador:\u00a0<q>\u00bfUsted qu\u00e9 piensa? \u00bfQue por serio, no se puede ser divertido?, \u00bfsabe lo qu\u00e9 es usted? un man\u00edqueo<\/q>. Antes, ambos ya hab\u00edan sostenido una develadora charla sobre este concepto.<\/p>\n<p class=\"sumario\">Machismo, feminismo, pol\u00edtica, religi\u00f3n&#8230;<\/p>\n<p class=\"s-s\">Con m\u00fasica, canciones y divertidos intercambios de ideas, la agrupaci\u00f3n abord\u00f3 el machismo, el feminismo, la equidad de g\u00e9nero, la infidelidad, la pol\u00edtica, el proselitismo, la religi\u00f3n y el crimen organizado. Los temas de actualidad, reflejo de la sociedad contempor\u00e1nea se entretejieron con la potencia musical y creatividad de los integrantes\u00a0<q>hist\u00f3ricos<\/q>\u00a0del grupo: Carlos L\u00f3pez Puccio y Jorge Maronna, quienes hicieron una elegante y sutil cr\u00edtica del mundo en que vivimos.<\/p>\n<p><q>Son arriesgados<\/q>, sostuvo uno de los asistentes, que re\u00eda sin dejar de mirar el espect\u00e1culo. Mientras en el escenario, Roberto Antier, Tom\u00e1s Mayer-Wolf, Mart\u00edn O\u2019Connor y Horacio Tato Turano actuaban, cantaban y ejecutaban diversos instrumentos para mostrar las creaciones del reconocido compositor.<\/p>\n<\/div>\n<div class=\"col col2\">\n<p>En el transcurso de esa charla se rememor\u00f3, con ejemplos musicales y esc\u00e9nicos, buena parte de la vida del compositor, desde sus primeros fracasos hasta los m\u00e1s recientes.\u00a0<q>El fanatismo de mis admiradores no tiene l\u00edmite<\/q>, afirm\u00f3 Mastropiero, quien se regocij\u00f3 con el impacto de las selfis, as\u00ed como con las fotograf\u00edas que le han tomado\u00a0<q>de frente y de perfil<\/q>.<\/p>\n<p>Las obras que se escucharon fueron\u00a0<em>Di\u00e1logos de Mastropiero (mon\u00f3logos),<\/em>\u00a0<em>Villancicos Opus 25-12, Days of Doris<\/em>\u00a0(andante con fuoco de metralla),\u00a0<em>Ella me enga\u00f1\u00f3<\/em>\u00a0(bolero protesta),\u00a0<em>Don Ciccio<\/em>\u00a0<em>(capriccio\u00a0<\/em>italiano) y\u00a0<em>Aria agraria<\/em>\u00a0(tarareo conceptual).<\/p>\n<p>Las risas tambi\u00e9n resonaron en cada pasillo, niveles y balcones del recinto de Reforma con\u00a0<em>Partitura invaluable<\/em>\u00a0(marcha semif\u00fanebre),\u00a0<em>\u00a1Arriba los carteles!<\/em>\u00a0(de protesta),\u00a0<em>Vote a Ortega<\/em>\u00a0(m\u00fasica proselitista),\u00a0<em>La clase de m\u00fasica\u00a0<\/em>(m\u00fasica de primera clase),\u00a0<em>Cha cha ch\u00e1 para \u00f3rgano a pistones<\/em>\u00a0y\u00a0<em>Coda a la alegr\u00eda\u00a0<\/em>(oda).<\/p>\n<p>Hacia el final del espect\u00e1culo,\u00a0<em>El blues del Fort\u00edn<\/em>\u00a0(Opus XIV), encant\u00f3 a los asistentes, que derrocharon aplausos para la m\u00edtica agrupaci\u00f3n argentina, pues Mayer-Wolf en el piano y Maronna en el surrealista instrumento de vientos bolarmonio cerraron con broche de oro la primera de dos noches de despedida (la otra fue ayer) de Les Luthiers en la Ciudad de M\u00e9xico. Los alternantes en la agrupaci\u00f3n son Santiago Otero Ramos y Pablo Rabibovich.<\/p>\n<p><q>Cada peso que pagu\u00e9 vali\u00f3 la pena<\/q>, asegur\u00f3 uno de los asistentes, mientras una joven lamentaba con su grupo de acompa\u00f1antes la gira del adi\u00f3s que est\u00e1 protagonizando el conjunto argentino.<\/p>\n<p>El espect\u00e1culo\u00a0<em>M\u00e1s tropiezos de Mastropiero,<\/em>\u00a0con textos, m\u00fasica y direcci\u00f3n de L\u00f3pez Puccio y Jorge Maronna, cerrar\u00e1 a finales de a\u00f1o o a principios de 2024. La gira Les Luthiers, fundado en 1967 por Gerardo Masana, continuar\u00e1 en Colombia y Espa\u00f1a.<\/p>\n<\/div>\n<\/div>\n<div class=\"go gui\">\n<div class=\"go-up\"><\/div>\n<\/div>\n<\/div>\n<div id=\"taboola-below-content-thumbnails\" class=\" trc_related_container trc_spotlight_widget tbl-feed-container tbl-feed-frame-DIVIDER  render-late-effect\" data-feed-container-num=\"1\" data-feed-main-container-id=\"taboola-below-content-thumbnails\" data-parent-placement-name=\"Below Content Thumbnails\" data-pub-lang=\"es\">\n<div class=\" tbl-feed-header tbl-logo-right-position\">\n<div class=\"tbl-feed-header-logo\"><\/div>\n<\/div>\n<\/div>\n","protected":false},"excerpt":{"rendered":"<p>Sin l\u00edmites, los fan\u00e1ticos despidieron 55 a\u00f1os de m\u00fasica y humor fino de Les Luthiers Johann Sebastian Mastropiero, compositor del grupo argentino, fue el invitado de la velada, en el Auditorio Nacional La gira del adi\u00f3s de la agrupaci\u00f3n continuar\u00e1 en Colombia y Espa\u00f1a. Ana M\u00f3nica Rodr\u00edguez La Jornada El compositor Johann Sebastian Mastropiero devel\u00f3 [&hellip;]<\/p>\n","protected":false},"author":249,"featured_media":32106,"comment_status":"open","ping_status":"closed","sticky":false,"template":"","format":"standard","meta":{"footnotes":""},"categories":[26],"tags":[],"class_list":["post-32105","post","type-post","status-publish","format-standard","has-post-thumbnail","hentry","category-mundo"],"_links":{"self":[{"href":"https:\/\/eloficiodehistoriar.com.mx\/index.php?rest_route=\/wp\/v2\/posts\/32105","targetHints":{"allow":["GET"]}}],"collection":[{"href":"https:\/\/eloficiodehistoriar.com.mx\/index.php?rest_route=\/wp\/v2\/posts"}],"about":[{"href":"https:\/\/eloficiodehistoriar.com.mx\/index.php?rest_route=\/wp\/v2\/types\/post"}],"author":[{"embeddable":true,"href":"https:\/\/eloficiodehistoriar.com.mx\/index.php?rest_route=\/wp\/v2\/users\/249"}],"replies":[{"embeddable":true,"href":"https:\/\/eloficiodehistoriar.com.mx\/index.php?rest_route=%2Fwp%2Fv2%2Fcomments&post=32105"}],"version-history":[{"count":1,"href":"https:\/\/eloficiodehistoriar.com.mx\/index.php?rest_route=\/wp\/v2\/posts\/32105\/revisions"}],"predecessor-version":[{"id":32107,"href":"https:\/\/eloficiodehistoriar.com.mx\/index.php?rest_route=\/wp\/v2\/posts\/32105\/revisions\/32107"}],"wp:featuredmedia":[{"embeddable":true,"href":"https:\/\/eloficiodehistoriar.com.mx\/index.php?rest_route=\/wp\/v2\/media\/32106"}],"wp:attachment":[{"href":"https:\/\/eloficiodehistoriar.com.mx\/index.php?rest_route=%2Fwp%2Fv2%2Fmedia&parent=32105"}],"wp:term":[{"taxonomy":"category","embeddable":true,"href":"https:\/\/eloficiodehistoriar.com.mx\/index.php?rest_route=%2Fwp%2Fv2%2Fcategories&post=32105"},{"taxonomy":"post_tag","embeddable":true,"href":"https:\/\/eloficiodehistoriar.com.mx\/index.php?rest_route=%2Fwp%2Fv2%2Ftags&post=32105"}],"curies":[{"name":"wp","href":"https:\/\/api.w.org\/{rel}","templated":true}]}}