{"id":32109,"date":"2023-04-29T12:19:42","date_gmt":"2023-04-29T18:19:42","guid":{"rendered":"https:\/\/eloficiodehistoriar.com.mx\/?p=32109"},"modified":"2023-04-29T12:19:42","modified_gmt":"2023-04-29T18:19:42","slug":"se-presento-en-la-fonoteca-nacional-algo-que-no-es-un-disco-ni-un-album-sino-un-playlist-magritte","status":"publish","type":"post","link":"https:\/\/eloficiodehistoriar.com.mx\/?p=32109","title":{"rendered":"Se present\u00f3 en la Fonoteca Nacional algo que no es un disco, ni un album, sino un\u00a0playlist: Magritte"},"content":{"rendered":"<div id=\"article-cont\" class=\"main-cont article-cont analysis\">\n<div class=\"cabeza\">Dice Magritte:\u00a0<q>Esto NO es un disco<\/q><\/div>\n<div class=\"sumarios\"><\/div>\n<div class=\"credito-articulo\">Juan Arturo Brennan<\/div>\n<div><\/div>\n<div id=\"article-text\" class=\"text\">\n<div class=\"col col1\">\n<div class=\"inicial\">Me permito\u00a0reportar que hace unos d\u00edas se present\u00f3 en la Fonoteca Nacional un reciente&#8230; este, bueno&#8230; uno como&#8230; o sea, lo anunciaron como&#8230; un disco. Y ya a la hora de la hora, mencionaron\u00a0<q>eso<\/q>\u00a0tambi\u00e9n como un \u00e1lbum. Pero al rato ellos mismos dijeron que, neta, neta, no es estrictamente ni disco ni \u00e1lbum. Entonces, \u00bfqu\u00e9 es lo que viene siendo\u00a0<q>eso<\/q>\u00a0que se present\u00f3? Desde ese d\u00eda le he estado dando vueltas al asunto en mi agobiado cr\u00e1neo, y lo mejor (o menos peor) que se me ha ocurrido es referirme al asunto como una\u00a0<em>playlist.<\/em><\/div>\n<p>Porque, sepan, lectores, que lo presentado esa noche le contiene varios\u00a0<em>tracks\u00a0<\/em>de buena m\u00fasica, y la lista de esos\u00a0<em>tracks,\u00a0<\/em>y los cr\u00e9ditos de todos los participantes, y textos, y notas, y dem\u00e1s parafernalia. El meollo del caso es que todo ello carece de existencia f\u00edsica, est\u00e1 s\u00f3lo en las profundidades de la red y, si me permiten la acrobacia ret\u00f3rica, yo dir\u00eda que es un no-disco, un no-\u00e1lbum. Y, sin embargo, se trata de un producto (\u00bfcabe llamarlo\u00a0<q>producto<\/q>?) de gran inter\u00e9s, y de alto valor musical. \u00bfQu\u00e9 es?<\/p>\n<p>Se trata de la primera de una serie de grabaciones monogr\u00e1ficas que ha emprendido el sello Urtext Digital Classics, como parte de su estimable vocaci\u00f3n de divulgaci\u00f3n y, a la vez, de su impulso (\u00a1necesidad!) de actualizarse y no dejarse engullir por el alucinante ritmo del cambio tecnol\u00f3gico y, no menos importante, el cambio brutal en los h\u00e1bitos de escucha musical. (Nom\u00e1s preg\u00fantenle a los disqueros c\u00f3mo les ha ido en estos \u00faltimos a\u00f1os.) El proyecto lleva por t\u00edtulo\u00a0<em>Silo,\u00a0<\/em>y el protagonista inaugural es el compositor, promotor y divulgador mexicano Rodrigo Sigal, reconocido experto en ese fant\u00e1stico mundo que es la interfaz entre la m\u00fasica y los alambres, los bulbos, los diodos y los transistores. Si esto suena demasiado informal, corrijo: Sigal es reconocido como un importante compositor\/creador en el \u00e1mbito de la m\u00fasica electr\u00f3nica, electroac\u00fastica, acusm\u00e1tica, m\u00e1s lo que se acumule esta semana. S\u00ed, en la enumeraci\u00f3n cabe tambi\u00e9n aquello de\u00a0<q>arte sonoro<\/q>, que s\u00ed lo es.<\/p>\n<p>La presentaci\u00f3n corri\u00f3 con fluidez por los cauces usuales: palabras de introducci\u00f3n\/presentaci\u00f3n, testimonio del compositor y alguno de los int\u00e9rpretes de las grabaciones, y ejecuciones en vivo (con electr\u00f3nica, claro) de un par de piezas. As\u00ed, el p\u00fablico presente (numeroso e interesado) escuch\u00f3\u00a0<em>Magnet,\u00a0<\/em>para viol\u00edn y electroac\u00fastica, con Abel Flores, y\u00a0<em>Wing of Wind,\u00a0<\/em>para flauta y electroac\u00fastica, con Alejandro Escuer. Obras, ambas, de muy buen nivel, ejemplos certeros de la experiencia (y el colmillo) de Sigal para armar discursos sonoros que son a la vez muy originales y muy referenciales, y con un inteligente balance entre lo ac\u00fastico y lo el\u00e9ctrico. En otros\u00a0<em>tracks<\/em>\u00a0de este monogr\u00e1fico Sigal est\u00e1n presentes int\u00e9rpretes del mismo alto nivel: el percusionista Iv\u00e1n Manzanilla y el clarinetista Fernando Dom\u00ednguez.<\/p>\n<\/div>\n<div class=\"col col2\">\n<p>La presentaci\u00f3n y la m\u00fasica resultaron muy interesantes, pero creo que lo medular de la velada fue la sesi\u00f3n de preguntas y comentarios, durante la cual se abri\u00f3 un sabroso (y por momentos r\u00edspido) debate sobre temas como los discos que no son discos, la relaci\u00f3n de las nuevas tecnolog\u00edas tanto con los compositores e int\u00e9rpretes como con el oyente, el distanciamiento del p\u00fablico de hoy con la m\u00fasica de hoy, el desequilibrio monstruoso que hay entre la m\u00fasica que importa pero es ignorada y la m\u00fasica-bo\u00f1iga con millones de reproducciones. En alg\u00fan momento del debate sobre los h\u00e1bitos de escucha mencion\u00e9 que detesto la idea de estar amarrado a mi computadora para acceder a la m\u00fasica que me interesa, y que detesto a\u00fan m\u00e1s la idea de escuchar m\u00fasica en mi tel\u00e9fono\u00a0<q>inteligente<\/q>; como era de esperarse, fui discretamente vapuleado por tales afirmaciones. M\u00e1s tarde, fui parcialmente redimido de mi atrevimiento a trav\u00e9s de estas palabras pronunciadas por Marisa Canales, directora de Urtext:\u00a0<q>Ojal\u00e1 volvamos pronto al formato f\u00edsico<\/q>. As\u00ed sea. Lo que importa, sin embargo, es que este buen monogr\u00e1fico dedicado a la m\u00fasica de Rodrigo Sigal est\u00e1 disponible (audible, aunque intangible) en el sitio web de la disquera y otros canales de difusi\u00f3n, y que ya est\u00e1n en el horno los siguientes de la serie, que estar\u00e1n dedicados a Felipe P\u00e9rez Santiago, Alejandro Cardona y Jo\u00e3o Pedro de Oliveira.<\/p>\n<p class=\"email\">\n<\/div>\n<\/div>\n<div class=\"go gui\">\n<div class=\"go-up\"><\/div>\n<\/div>\n<\/div>\n<div id=\"taboola-below-content-thumbnails\" class=\" trc_related_container trc_spotlight_widget tbl-feed-container tbl-feed-frame-DIVIDER  render-late-effect\" data-feed-container-num=\"1\" data-feed-main-container-id=\"taboola-below-content-thumbnails\" data-parent-placement-name=\"Below Content Thumbnails\" data-pub-lang=\"es\">\n<div class=\" tbl-feed-header tbl-logo-right-position\">\n<div class=\"tbl-feed-header-logo\"><\/div>\n<\/div>\n<\/div>\n","protected":false},"excerpt":{"rendered":"<p>Dice Magritte:\u00a0Esto NO es un disco Juan Arturo Brennan Me permito\u00a0reportar que hace unos d\u00edas se present\u00f3 en la Fonoteca Nacional un reciente&#8230; este, bueno&#8230; uno como&#8230; o sea, lo anunciaron como&#8230; un disco. Y ya a la hora de la hora, mencionaron\u00a0eso\u00a0tambi\u00e9n como un \u00e1lbum. Pero al rato ellos mismos dijeron que, neta, neta, [&hellip;]<\/p>\n","protected":false},"author":249,"featured_media":32110,"comment_status":"open","ping_status":"closed","sticky":false,"template":"","format":"standard","meta":{"footnotes":""},"categories":[26],"tags":[],"class_list":["post-32109","post","type-post","status-publish","format-standard","has-post-thumbnail","hentry","category-mundo"],"_links":{"self":[{"href":"https:\/\/eloficiodehistoriar.com.mx\/index.php?rest_route=\/wp\/v2\/posts\/32109","targetHints":{"allow":["GET"]}}],"collection":[{"href":"https:\/\/eloficiodehistoriar.com.mx\/index.php?rest_route=\/wp\/v2\/posts"}],"about":[{"href":"https:\/\/eloficiodehistoriar.com.mx\/index.php?rest_route=\/wp\/v2\/types\/post"}],"author":[{"embeddable":true,"href":"https:\/\/eloficiodehistoriar.com.mx\/index.php?rest_route=\/wp\/v2\/users\/249"}],"replies":[{"embeddable":true,"href":"https:\/\/eloficiodehistoriar.com.mx\/index.php?rest_route=%2Fwp%2Fv2%2Fcomments&post=32109"}],"version-history":[{"count":1,"href":"https:\/\/eloficiodehistoriar.com.mx\/index.php?rest_route=\/wp\/v2\/posts\/32109\/revisions"}],"predecessor-version":[{"id":32111,"href":"https:\/\/eloficiodehistoriar.com.mx\/index.php?rest_route=\/wp\/v2\/posts\/32109\/revisions\/32111"}],"wp:featuredmedia":[{"embeddable":true,"href":"https:\/\/eloficiodehistoriar.com.mx\/index.php?rest_route=\/wp\/v2\/media\/32110"}],"wp:attachment":[{"href":"https:\/\/eloficiodehistoriar.com.mx\/index.php?rest_route=%2Fwp%2Fv2%2Fmedia&parent=32109"}],"wp:term":[{"taxonomy":"category","embeddable":true,"href":"https:\/\/eloficiodehistoriar.com.mx\/index.php?rest_route=%2Fwp%2Fv2%2Fcategories&post=32109"},{"taxonomy":"post_tag","embeddable":true,"href":"https:\/\/eloficiodehistoriar.com.mx\/index.php?rest_route=%2Fwp%2Fv2%2Ftags&post=32109"}],"curies":[{"name":"wp","href":"https:\/\/api.w.org\/{rel}","templated":true}]}}