{"id":32112,"date":"2023-04-29T12:30:56","date_gmt":"2023-04-29T18:30:56","guid":{"rendered":"https:\/\/eloficiodehistoriar.com.mx\/?p=32112"},"modified":"2023-04-29T12:30:56","modified_gmt":"2023-04-29T18:30:56","slug":"quien-ha-tocado-aunque-sea-un-poco-el-infierno-retorna-mas-humano-espectaculo-persona","status":"publish","type":"post","link":"https:\/\/eloficiodehistoriar.com.mx\/?p=32112","title":{"rendered":"Quien ha tocado aunque sea un poco el infierno: Retorna m\u00e1s humano, espect\u00e1culo\u00a0\u00abPersona\u00bb"},"content":{"rendered":"<div class=\"&quot;GoogleActiveViewInnerContainer&quot;style=&quot;left:0px;top:0px;width:100%;height:100%;position:fixed;pointer-events:none;z-index:-9999;&quot;\"><\/div>\n<div style=\"&amp;lt;cbotf+*0150034: %2bejvf\/%72;\">\n<div hidden=\"\"><img loading=\"lazy\" decoding=\"async\" src=\"&quot;https:\/\/pagead2.googlesyndication.com\/pagead\/gen_204?id=xbid&amp;dbm_b=AKAmf-Bx_fc6qDmbnPGHsqF_snfAmimaXx8sRZFipoDAHTsa9a66o9SYoyL1jIY2NOhEYLVaAm3XVHImQkReFhILjPqE_mBEGyORNngdg71ZH8EbJ8xD32Y&quot;\" alt=\"&quot;&quot;\" width=\"1\" height=\"1\" border=\"0\" \/><\/div>\n<div>\n<div id=\"article-cont\" class=\"main-cont article-cont actuality\">\n<div class=\"cabeza\"><em>Persona<\/em>, a partir del erotismo, propone al espectador una inmersi\u00f3n introspectiva<\/div>\n<div class=\"sumarios\">\n<p>Espect\u00e1culo interdisciplinario que busca lo humano, lo personal y lo \u00edntimo, se\u00f1ala Gutemberg Brito<\/p>\n<\/div>\n<div id=\"article-text\" class=\"text\">\n<div class=\"foto\">\n<div class=\"pie-foto\"><\/div>\n<\/div>\n<div class=\"col col1\">\n<div class=\"credito-autor\">\u00c1ngel Vargas<\/div>\n<div class=\"credito-titulo\"><\/div>\n<div class=\"hemero\">La Jornada<\/p>\n<\/div>\n<p class=\"s-s\">Quien ha tocado aunque sea un poco el infierno \u2013sea emocional, sicol\u00f3gico o personal\u2013\u00a0<q>regresa indiscutiblemente de otra forma, distinto: retorna siendo m\u00e1s humano<\/q>, afirma Gutemberg Brito Patatiba, quien a partir de esa premisa desarroll\u00f3 el espect\u00e1culo interdisciplinario\u00a0<em>Persona<\/em>, que inici\u00f3 temporada en el teatro Salvador Novo del Centro Nacional de las Artes (Cenart).<\/p>\n<p>La obra, que permanecer\u00e1 en temporada hasta el 14 de mayo, es una reinterpretaci\u00f3n de la pel\u00edcula hom\u00f3nima del cineasta sueco Ingmar Bergman, estrenada en 1966, en la que a partir de la exploraci\u00f3n del erotismo el creador esc\u00e9nico de origen brasile\u00f1o propone al espectador una inmersi\u00f3n introspectiva.<\/p>\n<p>\u201cEstoy buscando lo humano, qu\u00e9 es lo que nos vincula como tales \u2013explic\u00f3\u2013. Pienso que si esta obra aporta aunque sea tantito a esa b\u00fasqueda, si puede llevarnos durante cinco minutos o una hora a un contacto m\u00e1s personal, m\u00e1s \u00edntimo, creo que habremos logrado uno de los grandes objetivos, que es aportar a la conciencia de nuestra sociedad. Es complicado, porque estamos hablando de lo humano, y esto es una cosa infinita de conocimientos.\u201d<\/p>\n<p>En conferencia de prensa, Gutemberg Brito consider\u00f3 que los artistas y la sociedad tienen la necesidad y la avidez de un espacio en el cual no s\u00f3lo se vean refle-jados, sino que los invite\u00a0<q>a hacer un chapuz\u00f3n interno<\/q>\u00a0y conocerse de mejor manera.<\/p>\n<p>Es decir,\u00a0<q>que lo esc\u00e9nico nos invite no s\u00f3lo a quedarnos con lo de afuera, sino de ir hacia adentro. Lo que desear\u00eda es que el espectador salga de aqu\u00ed m\u00e1s despierto, m\u00e1s consciente de su erotismo y de que ha tenido que taparse, porque no hacerlo resulta arriesgado<\/q>, agreg\u00f3.<\/p>\n<p class=\"sumario\">\u00bfC\u00f3mo somos y c\u00f3mo actuamos?<\/p>\n<p class=\"s-s\"><q>Entonces, (la idea es) que reconozcamos ese erotismo interno y la manera en que \u00e9ste nos vincula con nosotros mismos frente a nuestra actitud hacia la vida cotidiana. \u00bfC\u00f3mo somos y c\u00f3mo actuamos?, \u00bfqui\u00e9n es uno cuando nadie lo ve? Son las preguntas que quisiera que el espectador se responda, que salga de aqu\u00ed m\u00e1s consciente y que se revise personalmente<\/q>.<\/p>\n<\/div>\n<div class=\"col col2\">\n<p>Tambi\u00e9n bailar\u00edn, actor y sicoterapeuta, otra de las aspiraciones del creador esc\u00e9nico,\u00a0<q>aunque parezca ut\u00f3pico<\/q>, es la consecuci\u00f3n de la belleza y crear una obra de arte, al estar convencido de que ambos aspectos contribuyen a un cambio en la consciencia individual y colectiva.<\/p>\n<p>Gutemberg Brito propone en este montaje dos dramaturgias: por una parte, la de las im\u00e1genes esc\u00e9nicas y, por otra, la de la m\u00fasica en vivo, con el prop\u00f3sito de que esos est\u00edmulos creen\u00a0<q>una tercera experiencia sensorial en el espectador<\/q>.<\/p>\n<p>Una de las particularidades de la puesta en escena es, m\u00e1s que invitar a entender el texto, asegur\u00f3,\u00a0<q>darse la oportunidad de disfrutar el momento por medio de los sentidos<\/q>.<\/p>\n<p><em>Persona<\/em>\u00a0cuenta la historia de una actriz que de manera repentina e inexplicable decide dejar de hablar mientras representa el papel de Electra en la tragedia de S\u00f3focles. En la versi\u00f3n de Ingmar Bergman, como en la de este espect\u00e1culo, no queda claro el motivo por el cu\u00e1l la int\u00e9rprete ha elegido el mutismo. Sin embargo, es evidente que no se trata de una enfermedad.<\/p>\n<p>El montaje cuenta con m\u00fasica en vivo original, compuesta\u00a0<em>ex profeso<\/em>\u00a0por Miguel Francisco Manr\u00edquez, y es interpretada por un tr\u00edo de cuerdas (viol\u00edn, violonchelo y viola), dos cantantes de \u00f3pera (una soprano y un contratenor) y un percusionista.<\/p>\n<p>Las funciones son los jueves y viernes, a las 20 horas; s\u00e1bados, a las 19; y domingos, a las 18, con excepci\u00f3n del 5 de mayo, que no hay funci\u00f3n, por ser d\u00eda feriado. El Cenart se ubica en Avenida R\u00edo Churubusco 79, colonia Country Club Churubusco.<\/p>\n<\/div>\n<\/div>\n<div class=\"go gui\">\n<div class=\"go-up\"><\/div>\n<\/div>\n<\/div>\n<div id=\"taboola-below-content-thumbnails\" class=\" trc_related_container trc_spotlight_widget tbl-feed-container tbl-feed-frame-DIVIDER  render-late-effect\" data-feed-container-num=\"1\" data-feed-main-container-id=\"taboola-below-content-thumbnails\" data-parent-placement-name=\"Below Content Thumbnails\" data-pub-lang=\"es\">\n<div class=\" tbl-feed-header tbl-logo-right-position\">\n<div class=\"tbl-feed-header-logo\"><\/div>\n<\/div>\n<\/div>\n<\/div>\n<\/div>\n","protected":false},"excerpt":{"rendered":"<p>Persona, a partir del erotismo, propone al espectador una inmersi\u00f3n introspectiva Espect\u00e1culo interdisciplinario que busca lo humano, lo personal y lo \u00edntimo, se\u00f1ala Gutemberg Brito \u00c1ngel Vargas La Jornada Quien ha tocado aunque sea un poco el infierno \u2013sea emocional, sicol\u00f3gico o personal\u2013\u00a0regresa indiscutiblemente de otra forma, distinto: retorna siendo m\u00e1s humano, afirma Gutemberg Brito [&hellip;]<\/p>\n","protected":false},"author":249,"featured_media":32113,"comment_status":"open","ping_status":"closed","sticky":false,"template":"","format":"standard","meta":{"footnotes":""},"categories":[26],"tags":[],"class_list":["post-32112","post","type-post","status-publish","format-standard","has-post-thumbnail","hentry","category-mundo"],"_links":{"self":[{"href":"https:\/\/eloficiodehistoriar.com.mx\/index.php?rest_route=\/wp\/v2\/posts\/32112","targetHints":{"allow":["GET"]}}],"collection":[{"href":"https:\/\/eloficiodehistoriar.com.mx\/index.php?rest_route=\/wp\/v2\/posts"}],"about":[{"href":"https:\/\/eloficiodehistoriar.com.mx\/index.php?rest_route=\/wp\/v2\/types\/post"}],"author":[{"embeddable":true,"href":"https:\/\/eloficiodehistoriar.com.mx\/index.php?rest_route=\/wp\/v2\/users\/249"}],"replies":[{"embeddable":true,"href":"https:\/\/eloficiodehistoriar.com.mx\/index.php?rest_route=%2Fwp%2Fv2%2Fcomments&post=32112"}],"version-history":[{"count":1,"href":"https:\/\/eloficiodehistoriar.com.mx\/index.php?rest_route=\/wp\/v2\/posts\/32112\/revisions"}],"predecessor-version":[{"id":32114,"href":"https:\/\/eloficiodehistoriar.com.mx\/index.php?rest_route=\/wp\/v2\/posts\/32112\/revisions\/32114"}],"wp:featuredmedia":[{"embeddable":true,"href":"https:\/\/eloficiodehistoriar.com.mx\/index.php?rest_route=\/wp\/v2\/media\/32113"}],"wp:attachment":[{"href":"https:\/\/eloficiodehistoriar.com.mx\/index.php?rest_route=%2Fwp%2Fv2%2Fmedia&parent=32112"}],"wp:term":[{"taxonomy":"category","embeddable":true,"href":"https:\/\/eloficiodehistoriar.com.mx\/index.php?rest_route=%2Fwp%2Fv2%2Fcategories&post=32112"},{"taxonomy":"post_tag","embeddable":true,"href":"https:\/\/eloficiodehistoriar.com.mx\/index.php?rest_route=%2Fwp%2Fv2%2Ftags&post=32112"}],"curies":[{"name":"wp","href":"https:\/\/api.w.org\/{rel}","templated":true}]}}