{"id":32115,"date":"2023-04-29T12:49:47","date_gmt":"2023-04-29T18:49:47","guid":{"rendered":"https:\/\/eloficiodehistoriar.com.mx\/?p=32115"},"modified":"2023-04-29T12:50:37","modified_gmt":"2023-04-29T18:50:37","slug":"libro-cielo-adentro-arriba-de-martha-riva-palacio-obon-por-el-dia-del-nino","status":"publish","type":"post","link":"https:\/\/eloficiodehistoriar.com.mx\/?p=32115","title":{"rendered":"Libro \u00abCielo adentro arriba\u00bb\u00a0de Martha Riva Palacio Ob\u00f3n, por el d\u00eda del ni\u00f1o\u00a0"},"content":{"rendered":"<div id=\"article-cont\" class=\"main-cont article-cont actuality\">\n<div class=\"cabeza\">El Naranjo cumple 20 a\u00f1os de llevar temas poco convencionales a ni\u00f1os y j\u00f3venes<\/div>\n<div class=\"sumarios\">\n<p>Cualquier t\u00f3pico es posible de abordar con los chicos, si se hace con respeto, afirma en entrevista Ana Laura Delgado, directora del sello editorial<\/p>\n<\/div>\n<div id=\"article-text\" class=\"text\">\n<div class=\"foto\">\n<div class=\"pie-foto\">El Naranjo cuenta con m\u00e1s de 170 obras publicadas<\/div>\n<div><\/div>\n<div class=\"pie-foto\"><q>un porcentaje muy alto para una editorial independiente<\/q>, expres\u00f3 Delgado.<\/div>\n<div><\/div>\n<div class=\"pie-foto\">\n<div id=\"article-cont\" class=\"main-cont article-cont actuality\">\n<div class=\"cabeza\">El Naranjo cumple 20 a\u00f1os de llevar temas poco convencionales a ni\u00f1os y j\u00f3venes<\/div>\n<div class=\"sumarios\">\n<p>Cualquier t\u00f3pico es posible de abordar con los chicos, si se hace con respeto, afirma en entrevista Ana Laura Delgado, directora del sello editorial<\/p>\n<\/div>\n<div id=\"article-text\" class=\"text\">\n<div class=\"foto\">\n<div class=\"pie-foto\">El Naranjo cuenta con m\u00e1s de 170 obras publicadas<\/div>\n<div><\/div>\n<div class=\"pie-foto\"><q>un porcentaje muy alto para una editorial independiente<\/q>, expres\u00f3 Delgado.<\/div>\n<div><\/div>\n<div class=\"pie-foto\">el libro <em>Cielo adentro arriba,\u00a0<\/em>de Martha Riva Palacio Ob\u00f3n,<\/div>\n<div><\/div>\n<\/div>\n<div class=\"col col1\">\n<div class=\"credito-autor\">Ana\u00eds Ruiz L\u00f3pez<\/div>\n<div class=\"credito-titulo\"><\/div>\n<div class=\"hemero\">\n<p>La Jornada<\/p>\n<\/div>\n<p class=\"s-s\">La editorial El Naranjo cumple 20 a\u00f1os de acercar literatura\u00a0<q>poco convencional<\/q>\u00a0a ni\u00f1os y j\u00f3venes. Dedicada a promover el respeto a la diferencia, la directora del sello, Ana Laura Delgado, explica que sus libros\u00a0<q>son reflexivos; buscamos que el lector mire de otra manera la realidad, que descubra nuevas formas de pensar. Todo el tiempo hay que criticar al mundo<\/q>.<\/p>\n<p>Utilizar la literatura como dogma es lo peor que se puede hacer, dijo la editora en entrevista con\u00a0<em>La Jornada,\u00a0<\/em>pues considera que \u201ctodos los temas son posibles de abordar con ni\u00f1os, si se hace con respeto. Hemos publicado obras que hablan sobre Dios y otras religiones, o de situaciones complejas, por ejemplo, la migraci\u00f3n, como en el libro de Sergio Andrica\u00edn,<em>\u00a0La noche m\u00e1s noche\u201d.<\/em><\/p>\n<p>El Naranjo es una editorial mexicana independiente que naci\u00f3 en 2003 con la intenci\u00f3n de hacer libros que no exist\u00edan en el mercado.\u00a0<q>Pensamos en la necesidad, que a\u00fan existe, de que las letras se perciban l\u00fadicas, no como una obligaci\u00f3n. Se debe hablar de asuntos que se viven, sin excluir a ni\u00f1os y j\u00f3venes. Ellos se enfrentan a situaciones que, en cierta media, parecen dif\u00edciles o son como tab\u00faes<\/q>, agreg\u00f3 Delgado.<\/p>\n<p>Record\u00f3 que el primer libro del sello fue\u00a0<em>El mundo del teatro,\u00a0<\/em>\u201cdespu\u00e9s trabajamos con poes\u00eda, que es como un refugio para la imaginaci\u00f3n y el alma. Tradicionalmente se ha brindado al p\u00fablico infantil canciones de cuna, entonces pensamos darle otra perspectiva; as\u00ed surgi\u00f3\u00a0<em>Suspiros de mar,\u00a0<\/em>libro conformado por fragmentos de distintos autores que definen al mar, compilado por Rodolfo Fonseca.<\/p>\n<p>\u201cDespu\u00e9s, se incorpor\u00f3 la autora Mar\u00eda Baranda, quien escrib\u00eda poes\u00eda para adultos, y se anim\u00f3 a trabajar para el p\u00fablico infantil con\u00a0<em>El mago abuelo y su chango desaparecido<\/em>\u00a0y\u00a0<em>Digo de noche un gato y otros poemas.\u00a0<\/em>Con ella, creamos algo para los m\u00e1s peque\u00f1os:\u00a0<em>Arrullo,\u00a0<\/em>poes\u00eda r\u00edtmica que atrae a los ni\u00f1os por la sonoridad; entre m\u00e1s chicos, son m\u00e1s capaces de jugar con las palabras. El fomento a la lectura debe ser desde la primera infancia.<\/p>\n<p>\u201cEs un libro ic\u00f3nico, arrulla a animales poco comunes: una rana con su cr\u00eda, una cigarra, una loba, una ballena, un murci\u00e9lago, una ratita y todos van con ritmo: \u2018chi, chi, si es de noche, \u00bfqui\u00e9n ser\u00e1? Es la rana que a su beb\u00e9 quiere arrullar\u2019, y as\u00ed con todos los animales; al final se oye: \u2018pum, pam, pum, pam, sube hasta ac\u00e1, \u00bfqui\u00e9n ser\u00e1? Es mi mam\u00e1 que me quiere arrullar\u2019\u201d, recit\u00f3 la tambi\u00e9n fot\u00f3grafa.<\/p>\n<p>Para Delgado, era relevante crear una colecci\u00f3n narrativa, por ello, lanzaron como primer t\u00edtulo de esa serie para j\u00f3venes\u00a0<em>Para Nina: Diario de una identidad sexual,<\/em>\u00a0de Javier Malpica, \u201cquien relata la historia de un adolescente que se siente una mujer en un cuerpo masculino. As\u00ed como\u00a0<em>Sirena y punto,\u00a0<\/em>que narra la voluntad de un ni\u00f1o que en su cumplea\u00f1os se quiere disfrazar de sirena y los pap\u00e1s no est\u00e1n de acuerdo.<\/p>\n<p class=\"sumario\">Coraz\u00f3n y tiempo<\/p>\n<p class=\"s-s\"><q>Meditamos con mucha calma cada uno de nuestros libros, dedicamos todo el coraz\u00f3n y tiempo para que sea posible. No sabemos si se vender\u00e1n o no; sin embargo, queremos dar otro aliento a los lectores, otro di\u00e1logo con la literatura. Es triste, pero es picar piedra; la falta de condiciones no nos desalienta, nos impulsa. Tenemos el compromiso de que las utilidades van a la reimpresi\u00f3n y creaci\u00f3n de nuevos libros<\/q>, afirm\u00f3 la tambi\u00e9n escritora.<\/p>\n<\/div>\n<div class=\"col col2\">\n<p>\u201cNos arriesgamos al presentar temas complejos: tenemos un cat\u00e1logo de libros que hablan del enamoramiento y la sexualidad como\u00a0<em>Los mil a\u00f1os de Pepe Corcue\u00f1a,<\/em>\u00a0de Antonio Malpica, sobre un ni\u00f1o secuestrado, o\u00a0<em>La locura de Macario,\u00a0<\/em>que aborda la adopci\u00f3n;\u00a0<em>Viviendo al filo,<\/em>\u00a0de Vivian Mansour, que trata del\u00a0<em>cutting\u00a0<\/em>o autoflagelaci\u00f3n infantil.<\/p>\n<p>\u201cTambi\u00e9n tenemos\u00a0<em>La guarida de las lechuzas,<\/em>\u00a0de Antonio Ramos Revillas, ganadora del Premio The White Ravens 2014 y galardonada por Cuatrogatos en 2014, la cual parte de una imagen de un ni\u00f1o tomando una piedra, encima de otro; el de abajo piensa que le van a pegar porque ha sufrido acoso escolar.<\/p>\n<p>\u201cTrabajamos con nuestras ra\u00edces, pues soy de Veracruz, por eso publicamos<em>\u00a0Ariles y m\u00e1s ariles: Los animales en el son jarocho,<\/em>\u00a0con esta tem\u00e1tica tan festiva entre la palabra, la rima, la m\u00fasica. Luego sali\u00f3\u00a0<em>Zo\u00f3ngoro bailongo: Cuentos de ra\u00edz jarocha.\u00a0<\/em>Incluimos novelas hist\u00f3ricas, como\u00a0<em>Copo de algod\u00f3n, Diario de un desenterrador de dinosaurios<\/em>\u00a0y\u00a0<em>El velo de Helena,<\/em>\u00a0de Mar\u00eda Garc\u00eda Esper\u00f3n. Hemos construido una presencia importante.<\/p>\n<p>\u201cIncursionamos en los libros informativos con\u00a0<em>Descifrar el cielo: La astronom\u00eda en Mesoam\u00e9rica.\u00a0<\/em>Tenemos otra colecci\u00f3n en la que se encuentran los t\u00edtulos\u00a0<em>Diccionario de mitos cl\u00e1sicos, Diccionario de mitos de Am\u00e9rica<\/em>\u00a0(el cual compr\u00f3 una editorial de Estados Unidos, y al que en 2021 el peri\u00f3dico estadunidense\u00a0<em>The New York Times\u00a0<\/em>reconoci\u00f3 como uno de los mejores libros publicados en ingl\u00e9s) y\u00a0<em>Diccionario de mitos de Asia,<\/em>\u00a0todos estos escritos por Garc\u00eda Esper\u00f3n e ilustrados por Amanda Mijangos; seguramente, sumaremos otro.<\/p>\n<p>\u201cContamos con una serie de libros de arte y novelas de terror, como\u00a0<em>Tristania,\u00a0<\/em>de Andr\u00e9s Acosta; s\u00e1tiras de cuentos cl\u00e1sicos con una mirada moderna:\u00a0<em>Hab\u00eda una vez, pero al rev\u00e9s: Cuentos de cabeza,\u00a0<\/em>de Vivian Mansour, donde la bruja de Blancanieves consulta al espejo y le responde: \u2018est\u00e1s muy fea, ded\u00edcate a otra cosa; realiza reportajes\u2019. Esto hace que los ni\u00f1os vean la realidad sin paradigmas, s\u00f3lo as\u00ed seremos libres\u201d, destac\u00f3 la tambi\u00e9n historiadora.<\/p>\n<p>El Naranjo cuenta con m\u00e1s de 170 obras publicadas,\u00a0<q>un porcentaje muy alto para una editorial independiente. Autores e ilustradores est\u00e1n muy contentos, siempre los promovemos. Estamos en redes sociales, tenemos una tienda en l\u00ednea. Adem\u00e1s, como parte de los festejos de aniversario, sacamos una convocatoria para un \u00e1lbum ilustrado<\/q>, concluy\u00f3.<\/p>\n<p>Los detalles de la convocatoria se pueden consultar en:\u00a0<a href=\"https:\/\/edicioneselnaranjo.com.mx\/contents\/Convocatoria_libro_album_Veinte_a_Leer_2023.pdf\" target=\"_blank\" rel=\"noopener\">https:\/\/edicioneselnaranjo.com.mx\/contents\/Convocatoria_libro_album_Veinte_a_Leer_2023.pdf<\/a>.<\/p>\n<\/div>\n<\/div>\n<div class=\"go gui\">\n<div class=\"go-prev\"><a id=\"page_link_prev\" href=\"https:\/\/www.jornada.com.mx\/2023\/04\/29\/cultura\/a08n1cul\">A nterior<\/a><\/div>\n<div class=\"go-up\"><a href=\"https:\/\/www.jornada.com.mx\/2023\/04\/29\/cultura\/a09n1cul#texto\">Subir al inicio del texto<\/a><\/div>\n<\/div>\n<\/div>\n<div id=\"taboola-below-content-thumbnails\" class=\" trc_related_container trc_spotlight_widget tbl-feed-container tbl-feed-frame-DIVIDER render-late-effect\" data-feed-container-num=\"1\" data-feed-main-container-id=\"taboola-below-content-thumbnails\" data-parent-placement-name=\"Below Content Thumbnails\" data-pub-lang=\"es\">\n<div class=\" tbl-feed-header tbl-logo-right-position\">\n<div class=\"tbl-feed-header-logo\"><\/div>\n<\/div>\n<\/div>\n<\/div>\n<div><\/div>\n<\/div>\n<div class=\"col col1\">\n<div class=\"credito-autor\">Ana\u00eds Ruiz L\u00f3pez<\/div>\n<div class=\"credito-titulo\"><\/div>\n<div class=\"hemero\">Peri\u00f3dico La Jornada<br \/>\nS\u00e1bado 29 de abril de 2023, p. 9<\/div>\n<p class=\"s-s\">La editorial El Naranjo cumple 20 a\u00f1os de acercar literatura\u00a0<q>poco convencional<\/q>\u00a0a ni\u00f1os y j\u00f3venes. Dedicada a promover el respeto a la diferencia, la directora del sello, Ana Laura Delgado, explica que sus libros\u00a0<q>son reflexivos; buscamos que el lector mire de otra manera la realidad, que descubra nuevas formas de pensar. Todo el tiempo hay que criticar al mundo<\/q>.<\/p>\n<p>Utilizar la literatura como dogma es lo peor que se puede hacer, dijo la editora en entrevista con\u00a0<em>La Jornada,\u00a0<\/em>pues considera que \u201ctodos los temas son posibles de abordar con ni\u00f1os, si se hace con respeto. Hemos publicado obras que hablan sobre Dios y otras religiones, o de situaciones complejas, por ejemplo, la migraci\u00f3n, como en el libro de Sergio Andrica\u00edn,<em>\u00a0La noche m\u00e1s noche\u201d.<\/em><\/p>\n<p>El Naranjo es una editorial mexicana independiente que naci\u00f3 en 2003 con la intenci\u00f3n de hacer libros que no exist\u00edan en el mercado.\u00a0<q>Pensamos en la necesidad, que a\u00fan existe, de que las letras se perciban l\u00fadicas, no como una obligaci\u00f3n. Se debe hablar de asuntos que se viven, sin excluir a ni\u00f1os y j\u00f3venes. Ellos se enfrentan a situaciones que, en cierta media, parecen dif\u00edciles o son como tab\u00faes<\/q>, agreg\u00f3 Delgado.<\/p>\n<p>Record\u00f3 que el primer libro del sello fue\u00a0<em>El mundo del teatro,\u00a0<\/em>\u201cdespu\u00e9s trabajamos con poes\u00eda, que es como un refugio para la imaginaci\u00f3n y el alma. Tradicionalmente se ha brindado al p\u00fablico infantil canciones de cuna, entonces pensamos darle otra perspectiva; as\u00ed surgi\u00f3\u00a0<em>Suspiros de mar,\u00a0<\/em>libro conformado por fragmentos de distintos autores que definen al mar, compilado por Rodolfo Fonseca.<\/p>\n<p>\u201cDespu\u00e9s, se incorpor\u00f3 la autora Mar\u00eda Baranda, quien escrib\u00eda poes\u00eda para adultos, y se anim\u00f3 a trabajar para el p\u00fablico infantil con\u00a0<em>El mago abuelo y su chango desaparecido<\/em>\u00a0y\u00a0<em>Digo de noche un gato y otros poemas.\u00a0<\/em>Con ella, creamos algo para los m\u00e1s peque\u00f1os:\u00a0<em>Arrullo,\u00a0<\/em>poes\u00eda r\u00edtmica que atrae a los ni\u00f1os por la sonoridad; entre m\u00e1s chicos, son m\u00e1s capaces de jugar con las palabras. El fomento a la lectura debe ser desde la primera infancia.<\/p>\n<p>\u201cEs un libro ic\u00f3nico, arrulla a animales poco comunes: una rana con su cr\u00eda, una cigarra, una loba, una ballena, un murci\u00e9lago, una ratita y todos van con ritmo: \u2018chi, chi, si es de noche, \u00bfqui\u00e9n ser\u00e1? Es la rana que a su beb\u00e9 quiere arrullar\u2019, y as\u00ed con todos los animales; al final se oye: \u2018pum, pam, pum, pam, sube hasta ac\u00e1, \u00bfqui\u00e9n ser\u00e1? Es mi mam\u00e1 que me quiere arrullar\u2019\u201d, recit\u00f3 la tambi\u00e9n fot\u00f3grafa.<\/p>\n<p>Para Delgado, era relevante crear una colecci\u00f3n narrativa, por ello, lanzaron como primer t\u00edtulo de esa serie para j\u00f3venes\u00a0<em>Para Nina: Diario de una identidad sexual,<\/em>\u00a0de Javier Malpica, \u201cquien relata la historia de un adolescente que se siente una mujer en un cuerpo masculino. As\u00ed como\u00a0<em>Sirena y punto,\u00a0<\/em>que narra la voluntad de un ni\u00f1o que en su cumplea\u00f1os se quiere disfrazar de sirena y los pap\u00e1s no est\u00e1n de acuerdo.<\/p>\n<p class=\"sumario\">Coraz\u00f3n y tiempo<\/p>\n<p class=\"s-s\"><q>Meditamos con mucha calma cada uno de nuestros libros, dedicamos todo el coraz\u00f3n y tiempo para que sea posible. No sabemos si se vender\u00e1n o no; sin embargo, queremos dar otro aliento a los lectores, otro di\u00e1logo con la literatura. Es triste, pero es picar piedra; la falta de condiciones no nos desalienta, nos impulsa. Tenemos el compromiso de que las utilidades van a la reimpresi\u00f3n y creaci\u00f3n de nuevos libros<\/q>, afirm\u00f3 la tambi\u00e9n escritora.<\/p>\n<\/div>\n<div class=\"col col2\">\n<p>\u201cNos arriesgamos al presentar temas complejos: tenemos un cat\u00e1logo de libros que hablan del enamoramiento y la sexualidad como\u00a0<em>Los mil a\u00f1os de Pepe Corcue\u00f1a,<\/em>\u00a0de Antonio Malpica, sobre un ni\u00f1o secuestrado, o\u00a0<em>La locura de Macario,\u00a0<\/em>que aborda la adopci\u00f3n;\u00a0<em>Viviendo al filo,<\/em>\u00a0de Vivian Mansour, que trata del\u00a0<em>cutting\u00a0<\/em>o autoflagelaci\u00f3n infantil.<\/p>\n<p>\u201cTambi\u00e9n tenemos\u00a0<em>La guarida de las lechuzas,<\/em>\u00a0de Antonio Ramos Revillas, ganadora del Premio The White Ravens 2014 y galardonada por Cuatrogatos en 2014, la cual parte de una imagen de un ni\u00f1o tomando una piedra, encima de otro; el de abajo piensa que le van a pegar porque ha sufrido acoso escolar.<\/p>\n<p>\u201cTrabajamos con nuestras ra\u00edces, pues soy de Veracruz, por eso publicamos<em>\u00a0Ariles y m\u00e1s ariles: Los animales en el son jarocho,<\/em>\u00a0con esta tem\u00e1tica tan festiva entre la palabra, la rima, la m\u00fasica. Luego sali\u00f3\u00a0<em>Zo\u00f3ngoro bailongo: Cuentos de ra\u00edz jarocha.\u00a0<\/em>Incluimos novelas hist\u00f3ricas, como\u00a0<em>Copo de algod\u00f3n, Diario de un desenterrador de dinosaurios<\/em>\u00a0y\u00a0<em>El velo de Helena,<\/em>\u00a0de Mar\u00eda Garc\u00eda Esper\u00f3n. Hemos construido una presencia importante.<\/p>\n<p>\u201cIncursionamos en los libros informativos con\u00a0<em>Descifrar el cielo: La astronom\u00eda en Mesoam\u00e9rica.\u00a0<\/em>Tenemos otra colecci\u00f3n en la que se encuentran los t\u00edtulos\u00a0<em>Diccionario de mitos cl\u00e1sicos, Diccionario de mitos de Am\u00e9rica<\/em>\u00a0(el cual compr\u00f3 una editorial de Estados Unidos, y al que en 2021 el peri\u00f3dico estadunidense\u00a0<em>The New York Times\u00a0<\/em>reconoci\u00f3 como uno de los mejores libros publicados en ingl\u00e9s) y\u00a0<em>Diccionario de mitos de Asia,<\/em>\u00a0todos estos escritos por Garc\u00eda Esper\u00f3n e ilustrados por Amanda Mijangos; seguramente, sumaremos otro.<\/p>\n<p>\u201cContamos con una serie de libros de arte y novelas de terror, como\u00a0<em>Tristania,\u00a0<\/em>de Andr\u00e9s Acosta; s\u00e1tiras de cuentos cl\u00e1sicos con una mirada moderna:\u00a0<em>Hab\u00eda una vez, pero al rev\u00e9s: Cuentos de cabeza,\u00a0<\/em>de Vivian Mansour, donde la bruja de Blancanieves consulta al espejo y le responde: \u2018est\u00e1s muy fea, ded\u00edcate a otra cosa; realiza reportajes\u2019. Esto hace que los ni\u00f1os vean la realidad sin paradigmas, s\u00f3lo as\u00ed seremos libres\u201d, destac\u00f3 la tambi\u00e9n historiadora.<\/p>\n<p>El Naranjo cuenta con m\u00e1s de 170 obras publicadas,\u00a0<q>un porcentaje muy alto para una editorial independiente. Autores e ilustradores est\u00e1n muy contentos, siempre los promovemos. Estamos en redes sociales, tenemos una tienda en l\u00ednea. Adem\u00e1s, como parte de los festejos de aniversario, sacamos una convocatoria para un \u00e1lbum ilustrado<\/q>, concluy\u00f3.<\/p>\n<p>Los detalles de la convocatoria se pueden consultar en:\u00a0<a href=\"https:\/\/edicioneselnaranjo.com.mx\/contents\/Convocatoria_libro_album_Veinte_a_Leer_2023.pdf\" target=\"_blank\" rel=\"noopener\">https:\/\/edicioneselnaranjo.com.mx\/contents\/Convocatoria_libro_album_Veinte_a_Leer_2023.pdf<\/a>.<\/p>\n<\/div>\n<\/div>\n<div class=\"go gui\">\n<div class=\"go-prev\"><\/div>\n<div class=\"go-up\"><\/div>\n<\/div>\n<\/div>\n<div id=\"taboola-below-content-thumbnails\" class=\" trc_related_container trc_spotlight_widget tbl-feed-container tbl-feed-frame-DIVIDER render-late-effect\" data-feed-container-num=\"1\" data-feed-main-container-id=\"taboola-below-content-thumbnails\" data-parent-placement-name=\"Below Content Thumbnails\" data-pub-lang=\"es\">\n<div class=\" tbl-feed-header tbl-logo-right-position\">\n<div class=\"tbl-feed-header-logo\"><\/div>\n<\/div>\n<\/div>\n","protected":false},"excerpt":{"rendered":"<p>El Naranjo cumple 20 a\u00f1os de llevar temas poco convencionales a ni\u00f1os y j\u00f3venes Cualquier t\u00f3pico es posible de abordar con los chicos, si se hace con respeto, afirma en entrevista Ana Laura Delgado, directora del sello editorial El Naranjo cuenta con m\u00e1s de 170 obras publicadas un porcentaje muy alto para una editorial independiente, [&hellip;]<\/p>\n","protected":false},"author":249,"featured_media":32116,"comment_status":"open","ping_status":"closed","sticky":false,"template":"","format":"standard","meta":{"footnotes":""},"categories":[26],"tags":[],"class_list":["post-32115","post","type-post","status-publish","format-standard","has-post-thumbnail","hentry","category-mundo"],"_links":{"self":[{"href":"https:\/\/eloficiodehistoriar.com.mx\/index.php?rest_route=\/wp\/v2\/posts\/32115","targetHints":{"allow":["GET"]}}],"collection":[{"href":"https:\/\/eloficiodehistoriar.com.mx\/index.php?rest_route=\/wp\/v2\/posts"}],"about":[{"href":"https:\/\/eloficiodehistoriar.com.mx\/index.php?rest_route=\/wp\/v2\/types\/post"}],"author":[{"embeddable":true,"href":"https:\/\/eloficiodehistoriar.com.mx\/index.php?rest_route=\/wp\/v2\/users\/249"}],"replies":[{"embeddable":true,"href":"https:\/\/eloficiodehistoriar.com.mx\/index.php?rest_route=%2Fwp%2Fv2%2Fcomments&post=32115"}],"version-history":[{"count":2,"href":"https:\/\/eloficiodehistoriar.com.mx\/index.php?rest_route=\/wp\/v2\/posts\/32115\/revisions"}],"predecessor-version":[{"id":32118,"href":"https:\/\/eloficiodehistoriar.com.mx\/index.php?rest_route=\/wp\/v2\/posts\/32115\/revisions\/32118"}],"wp:featuredmedia":[{"embeddable":true,"href":"https:\/\/eloficiodehistoriar.com.mx\/index.php?rest_route=\/wp\/v2\/media\/32116"}],"wp:attachment":[{"href":"https:\/\/eloficiodehistoriar.com.mx\/index.php?rest_route=%2Fwp%2Fv2%2Fmedia&parent=32115"}],"wp:term":[{"taxonomy":"category","embeddable":true,"href":"https:\/\/eloficiodehistoriar.com.mx\/index.php?rest_route=%2Fwp%2Fv2%2Fcategories&post=32115"},{"taxonomy":"post_tag","embeddable":true,"href":"https:\/\/eloficiodehistoriar.com.mx\/index.php?rest_route=%2Fwp%2Fv2%2Ftags&post=32115"}],"curies":[{"name":"wp","href":"https:\/\/api.w.org\/{rel}","templated":true}]}}