{"id":32123,"date":"2023-04-30T12:01:59","date_gmt":"2023-04-30T18:01:59","guid":{"rendered":"https:\/\/eloficiodehistoriar.com.mx\/?p=32123"},"modified":"2023-04-30T12:01:59","modified_gmt":"2023-04-30T18:01:59","slug":"las-agresiones-mas-graves-contra-ninos-y-adolescentes-en-el-pais-son-la-sexual-y-del-crimen-organizado","status":"publish","type":"post","link":"https:\/\/eloficiodehistoriar.com.mx\/?p=32123","title":{"rendered":"Las agresiones m\u00e1s graves contra ni\u00f1os y adolescentes en el pa\u00eds son la sexual y del crimen organizado"},"content":{"rendered":"<h2 id=\"article-title-tts\" class=\"title title-default\">Prevalecen distintas formas de violencia contra ni\u00f1os<\/h2>\n<div class=\"article-info\"><a class=\"author\" href=\"https:\/\/www.jornada.com.mx\/author\/carolina-gomez-mena.html\">Carolina G\u00f3mez Mena<\/a> .<\/div>\n<div id=\"article-content-images\" class=\"content-items-media\"><\/div>\n<div class=\"foto-pie\">Algunas de las agresiones m\u00e1s graves contra ni\u00f1os y adolescentes en el pa\u00eds son la sexual y el reclutamiento de grupos armados, advierte Fernando Carrera Castro, representante en M\u00e9xico del Unicef. Avanzar en la agenda de los derechos humanos de los menores y en la lucha contra la pobreza y la desigualdad requiere un compromiso colectivo amplio<\/div>\n<div><\/div>\n<div class=\"article-row\">\n<div class=\"social-links right\">\n<div id=\"content-sintesis-audio\" class=\"sintesis-audio\">\n<div class=\"speak-cont btn-group\">\n<form><em>Ciudad de M\u00e9xico.<\/em><\/p>\n<p>En el pa\u00eds prevalecen diferentes formas de violencia contra ni\u00f1os, ni\u00f1as y adolescentes, y algunas de las \u201cm\u00e1s graves\u201d son la sexual y el reclutamiento por parte de grupos armados, se\u00f1al\u00f3 Fernando Carrera Castro, representante en M\u00e9xico del Fondo de Naciones Unidas para la Infancia (Unicef) en M\u00e9xico.<\/p>\n<\/form>\n<\/div>\n<\/div>\n<\/div>\n<div class=\"article-main\">\n<div class=\"\">\n<div id=\"article-content-tts\" class=\"article-content ljn-nota-contenido\">\n<div id=\"content_nitf\">\n<p>En v\u00edspera del D\u00eda de la Ni\u00f1a y del Ni\u00f1o remarc\u00f3 que para avanzar en la agenda de los derechos humanos de los menores y en la lucha contra la pobreza y la desigualdad, sobre todo en la reducci\u00f3n de la pobreza infantil, se requiere de un \u201ccompromiso colectivo muy amplio\u201d.<\/p>\n<p>En entrevista, el funcionario de la ONU subray\u00f3 que, de acuerdo con cifras del Consejo Nacional de Evaluaci\u00f3n de la Pol\u00edtica de Desarrollo Social (Coneval), 52 por ciento de este sector est\u00e1 en pobreza y a\u00f1adi\u00f3 que esto se debe a que la situaci\u00f3n se agrav\u00f3 con la pandemia, \u201cpese a las ayudas destinadas a las familias\u201d.<\/p>\n<p>En el informe de evaluaci\u00f3n de la pol\u00edtica de desarrollo social 2022, el Coneval precis\u00f3 que entre 2018 y 2020, 70 por ciento de los ni\u00f1os del pa\u00eds ten\u00edan al menos una carencia social y en el primer a\u00f1o de la pandemia, 62.6 por ciento de ellos ten\u00edan un ingreso inferior a la l\u00ednea de pobreza y 22.6 por ciento, uno inferior a la l\u00ednea de pobreza extrema.<\/p>\n<p>Carrera Castro lament\u00f3 que no disminuyan las diferentes formas de violencia en contra de ni\u00f1os y ni\u00f1as, y acot\u00f3 que \u00e9sta se presenta de \u201cmanera compleja\u201d, por ejemplo, en el hogar. \u201cMuchos ni\u00f1os se ven expuestos a tratos abusivos en sus casas por parte de sus progenitores o personas que los cuidan\u201d, pero tambi\u00e9n hay agresiones en sus comunidades, \u201cen donde a veces hay violencia sexual y f\u00edsica, secuestros y desapariciones.<\/p>\n<p>\u201cLa violencia hacia este sector en M\u00e9xico tiene diferentes manifestaciones y temas graves son la explotaci\u00f3n sexual de ni\u00f1os y el abuso\u201d, as\u00ed como el \u201creclutamiento\u201d forzoso por parte de grupos criminales, que ocurre principalmente \u201cen comunidades rurales\u201d. Todo ello, los obliga a migrar. \u201cEl desplazamiento interno\u201d de menores, consider\u00f3, es otro tema de preocupaci\u00f3n, as\u00ed como la movilidad de infantes entre pa\u00edses.<\/p>\n<div class=\"teads-inread teads-display\">\n<div>\n<div id=\"teads1\" class=\"teads-player\">Aparte, la Secretar\u00eda Ejecutiva del Sistema Nacional de Protecci\u00f3n Integral de Ni\u00f1as, Ni\u00f1os y Adolescentes destac\u00f3 que los menores migrantes que llegan a M\u00e9xico tiene los mismos derechos de los que nacen en el pa\u00eds, entre ellos a la educaci\u00f3n, salud y reunificaci\u00f3n con su familia.<\/div>\n<\/div>\n<\/div>\n<p>Tambi\u00e9n llam\u00f3 a que, en este d\u00eda no s\u00f3lo se les festeje, sino que tambi\u00e9n se debe hacer conciencia sobre la importancia de garantizar todos sus derechos.<\/p>\n<\/div>\n<\/div>\n<\/div>\n<\/div>\n<\/div>\n","protected":false},"excerpt":{"rendered":"<p>Prevalecen distintas formas de violencia contra ni\u00f1os Carolina G\u00f3mez Mena . Algunas de las agresiones m\u00e1s graves contra ni\u00f1os y adolescentes en el pa\u00eds son la sexual y el reclutamiento de grupos armados, advierte Fernando Carrera Castro, representante en M\u00e9xico del Unicef. Avanzar en la agenda de los derechos humanos de los menores y en [&hellip;]<\/p>\n","protected":false},"author":249,"featured_media":32124,"comment_status":"open","ping_status":"closed","sticky":false,"template":"","format":"standard","meta":{"footnotes":""},"categories":[26],"tags":[],"class_list":["post-32123","post","type-post","status-publish","format-standard","has-post-thumbnail","hentry","category-mundo"],"_links":{"self":[{"href":"https:\/\/eloficiodehistoriar.com.mx\/index.php?rest_route=\/wp\/v2\/posts\/32123","targetHints":{"allow":["GET"]}}],"collection":[{"href":"https:\/\/eloficiodehistoriar.com.mx\/index.php?rest_route=\/wp\/v2\/posts"}],"about":[{"href":"https:\/\/eloficiodehistoriar.com.mx\/index.php?rest_route=\/wp\/v2\/types\/post"}],"author":[{"embeddable":true,"href":"https:\/\/eloficiodehistoriar.com.mx\/index.php?rest_route=\/wp\/v2\/users\/249"}],"replies":[{"embeddable":true,"href":"https:\/\/eloficiodehistoriar.com.mx\/index.php?rest_route=%2Fwp%2Fv2%2Fcomments&post=32123"}],"version-history":[{"count":1,"href":"https:\/\/eloficiodehistoriar.com.mx\/index.php?rest_route=\/wp\/v2\/posts\/32123\/revisions"}],"predecessor-version":[{"id":32125,"href":"https:\/\/eloficiodehistoriar.com.mx\/index.php?rest_route=\/wp\/v2\/posts\/32123\/revisions\/32125"}],"wp:featuredmedia":[{"embeddable":true,"href":"https:\/\/eloficiodehistoriar.com.mx\/index.php?rest_route=\/wp\/v2\/media\/32124"}],"wp:attachment":[{"href":"https:\/\/eloficiodehistoriar.com.mx\/index.php?rest_route=%2Fwp%2Fv2%2Fmedia&parent=32123"}],"wp:term":[{"taxonomy":"category","embeddable":true,"href":"https:\/\/eloficiodehistoriar.com.mx\/index.php?rest_route=%2Fwp%2Fv2%2Fcategories&post=32123"},{"taxonomy":"post_tag","embeddable":true,"href":"https:\/\/eloficiodehistoriar.com.mx\/index.php?rest_route=%2Fwp%2Fv2%2Ftags&post=32123"}],"curies":[{"name":"wp","href":"https:\/\/api.w.org\/{rel}","templated":true}]}}