{"id":32127,"date":"2023-04-30T12:16:30","date_gmt":"2023-04-30T18:16:30","guid":{"rendered":"https:\/\/eloficiodehistoriar.com.mx\/?p=32127"},"modified":"2023-04-30T12:16:30","modified_gmt":"2023-04-30T18:16:30","slug":"retratos-para-un-ritual-en-el-mam-lo-fantastico-es-que-lo-marginal-termina-siendo-extraordinario","status":"publish","type":"post","link":"https:\/\/eloficiodehistoriar.com.mx\/?p=32127","title":{"rendered":"\u00abRetratos para un ritual\u00bb\u00a0en el MAM.\u00a0Lo fant\u00e1stico es que lo marginal, termina siendo extraordinario"},"content":{"rendered":"<div id=\"article-cont\" class=\"main-cont article-cont actuality\">\n<div class=\"cabeza\">Graciela Iturbide, en el MAM;\u00a0<q>bajo su lente, lo marginal se torna extraordinario<\/q><\/div>\n<div class=\"sumarios\">\n<p>En la retrospectiva\u00a0<em>Retratos para un ritual\u00a0<\/em>se exhiben 25 obras de la colecci\u00f3n del museo, que abarcan de 1978 a 2011 \/\/ La artista acudi\u00f3 a la inauguraci\u00f3n; se tom\u00f3 fotograf\u00edas y firm\u00f3 libros de sus admiradores<\/p>\n<\/div>\n<div id=\"article-text\" class=\"text\">\n<div class=\"foto\">\n<div class=\"pie-foto\">La exposici\u00f3n es parte de la reapertura de la sala Manuel \u00c1lvarez Bravo, dedicada a la fotograf\u00eda.<\/div>\n<div><\/div>\n<\/div>\n<div class=\"col col1\">\n<div class=\"credito-autor\">Alondra Flores Soto<\/div>\n<div class=\"credito-titulo\"><\/div>\n<div class=\"hemero\">La Jornada<\/p>\n<\/div>\n<p class=\"s-s\">La fot\u00f3grafa Graciela Iturbide, instalada entre cinco versiones de ella misma capturadas con su c\u00e1mara y en contraposici\u00f3n del tiempo, encabez\u00f3 la apertura de la exposici\u00f3n\u00a0<em>Retratos para un ritual,<\/em>\u00a0en el Museo de Arte Moderno (MAM).\u00a0<q>Lo fant\u00e1stico en su fotograf\u00eda es que lo aparentemente m\u00e1s marginal, simple o sencillo termina teniendo un car\u00e1cter extraordinario<\/q>, describi\u00f3 el curador Carlos Segoviano.<\/p>\n<p>Cinco autorretratos de la artista trazan el hilo conductor de las 25 im\u00e1genes seleccionadas entre la colecci\u00f3n del MAM, desde su obra m\u00e1s temprana de 1978 hasta m\u00e1s recientes de 2011.<\/p>\n<p>\u201cCada retrato nos va dando indicios de su trabajo. Por motivos casi obvios iniciamos con\u00a0<em>Alas para volar,<\/em>\u00a0porque es un retrato en el que, al cubrirse los ojos con esos p\u00e1jaros, invita justo a volar la imaginaci\u00f3n, adentr\u00e1ndose en ese mundo fant\u00e1stico y a veces hasta macabro que nos promueve la imagen de Iturbide\u201d.<\/p>\n<p>Orgullosa, agradecida y contenta se expres\u00f3 Graciela Iturbide (Ciudad de M\u00e9xico, 1942) al tomar el micr\u00f3fono por breves minutos durante la inauguraci\u00f3n el pasado s\u00e1bado, antes de entrar a la peque\u00f1a sala consagrada a sus rituales de observar el mundo a trav\u00e9s de la lente, una vida dedicada a capturar el mundo, desde mujeres ind\u00edgenas, charcos en Chalma, rastros de vapor en Roma o pescadores n\u00f3madas en Sonora.<\/p>\n<p><q>Su c\u00e1mara nos sorprende al desnudar lo maravilloso y complejo de lo habitual<\/q>, se hace notar al ingresar al peque\u00f1o espacio en la planta baja del museo en el Bosque de Chapultepec. En palabras del curador,\u00a0<q>lo interesante es poder ver la obra m\u00e1s all\u00e1 de las mismas series, sino las relaciones que encontramos en obras totalmente distanciadas por el tiempo<\/q>.<\/p>\n<p>Otro autorretrato, uno donde ella coloca en su cuerpo caracoles,\u00a0<q>casi como una especie de ritual<\/q>, aparece junto a una imagen del corset de Frida Kahlo y otra de la virgen;\u00a0<q>es decir, hay un toque de feminidad sacra y al mismo tiempo sensual<\/q>. En otro, la boca est\u00e1 repleta de serpientes,\u00a0<q>casi sientes la picaz\u00f3n en los labios. La pusimos cerca de un \u00e1rbol con mucha textura<\/q>.<\/p>\n<p class=\"sumario\">\u00c1ngeles e iguanas<\/p>\n<p class=\"s-s\">Apenas unos minutos despu\u00e9s de inaugurada la muestra, mientras la artista de 80 a\u00f1os se tomaba fotograf\u00edas y firmaba libros rodeada por admiradores en el jard\u00edn escult\u00f3rico del MAM, en la entrada de la sala ya se hac\u00eda una fila para contemplar las emblem\u00e1ticas impresiones en blanco y negro, como\u00a0<em>La mujer \u00e1ngel,<\/em>\u00a0tomada en el desierto de Sonora en 1979, de las primeras con las que se encuentra el visitante. Y al fondo,\u00a0<em>Nuestra se\u00f1ora de las iguanas,<\/em>\u00a0con el rostro de una tehuana de Juchit\u00e1n enmarcada por los reptiles sobre su cabeza.<\/p>\n<\/div>\n<div class=\"col col2\">\n<p><q>Revisando un poco las exposiciones que se han hecho de Graciela, normalmente se centran en algunas de las series o en retrospectivas donde se respeta el trabajo cronol\u00f3gico. Quer\u00edamos romper con eso; adem\u00e1s, hay dos momentos muy importantes en la obra de Iturbide, como son las obras documentales de car\u00e1cter muy realista y otras de un tono m\u00e1s abstracto; entonces, quer\u00edamos ponerlas en juego. Dar cuenta de que hay una continuidad en su trabajo m\u00e1s all\u00e1 de los temas, los lugares o los mismos motivos<\/q>, dijo Segoviano a\u00a0<em>La Jornada.<\/em><\/p>\n<p>La exposici\u00f3n que rinde un homenaje a la carrera y visi\u00f3n art\u00edstica de Iturbide, forma parte de la reapertura de la sala Manuel \u00c1lvarez Bravo, dedicada a la fotograf\u00eda. Natalia Pollak, directora del MAM, afirm\u00f3 en la apertura:\u00a0<q>Nos da mucho gusto que despu\u00e9s de inaugurada esta sala con un homenaje a don Manuel, sea el trabajo de Graciela el que habite este espacio<\/q>.<\/p>\n<p>Iturbide, quien era estudiante de cine, en 1970 recorri\u00f3 junto a \u00c1lvarez Bravo varias zonas del pa\u00eds y fue atra\u00edda por el arte de la fotograf\u00eda.<\/p>\n<p>La sala Manuel \u00c1lvarez Bravo abri\u00f3 en octubre pasado.\u00a0<q>Hac\u00eda 15 a\u00f1os que el MAM no contaba con un espacio permanente y exclusivo para foto, considerando que resguardamos alrededor de 900<\/q>, dijo la directora del MAM, junto a Iturbide y Lluvia Sep\u00falveda, coordinadora nacional de Artes Visuales, quien agradeci\u00f3 la incansable creatividad y la profunda mirada de la homenajeada.<\/p>\n<p>Iturbide camin\u00f3 entre sus memorias de luz impresas, en medio del homenaje por ser\u00a0<q>una creadora excepcional que sigue apuntalando los derroteros del arte fotogr\u00e1fico en d\u00eda<\/q>. Rodeada de rosas naranjas, bajo la sombra de un \u00e1rbol, disfrut\u00f3 de la admiraci\u00f3n de quienes la rodeaban. La exposici\u00f3n \u00edntima y personal propone reflejar\u00a0<q>la misma humildad con que est\u00e1 firmando aut\u00f3grafos hoy. Al final, el proyecto fue coherente con su b\u00fasqueda, debemos festejar que la tenemos y poder escucharla<\/q>, celebr\u00f3 el curador.<\/p>\n<\/div>\n<\/div>\n<div class=\"go gui\">\n<div class=\"go-up\"><\/div>\n<\/div>\n<\/div>\n<div id=\"taboola-below-content-thumbnails\" class=\" trc_related_container trc_spotlight_widget tbl-feed-container tbl-feed-frame-DIVIDER  render-late-effect\" data-feed-container-num=\"1\" data-feed-main-container-id=\"taboola-below-content-thumbnails\" data-parent-placement-name=\"Below Content Thumbnails\" data-pub-lang=\"es\">\n<div class=\" tbl-feed-header tbl-logo-right-position\">\n<div class=\"tbl-feed-header-logo\"><\/div>\n<\/div>\n<\/div>\n","protected":false},"excerpt":{"rendered":"<p>Graciela Iturbide, en el MAM;\u00a0bajo su lente, lo marginal se torna extraordinario En la retrospectiva\u00a0Retratos para un ritual\u00a0se exhiben 25 obras de la colecci\u00f3n del museo, que abarcan de 1978 a 2011 \/\/ La artista acudi\u00f3 a la inauguraci\u00f3n; se tom\u00f3 fotograf\u00edas y firm\u00f3 libros de sus admiradores La exposici\u00f3n es parte de la reapertura [&hellip;]<\/p>\n","protected":false},"author":249,"featured_media":32128,"comment_status":"open","ping_status":"closed","sticky":false,"template":"","format":"standard","meta":{"footnotes":""},"categories":[26],"tags":[],"class_list":["post-32127","post","type-post","status-publish","format-standard","has-post-thumbnail","hentry","category-mundo"],"_links":{"self":[{"href":"https:\/\/eloficiodehistoriar.com.mx\/index.php?rest_route=\/wp\/v2\/posts\/32127","targetHints":{"allow":["GET"]}}],"collection":[{"href":"https:\/\/eloficiodehistoriar.com.mx\/index.php?rest_route=\/wp\/v2\/posts"}],"about":[{"href":"https:\/\/eloficiodehistoriar.com.mx\/index.php?rest_route=\/wp\/v2\/types\/post"}],"author":[{"embeddable":true,"href":"https:\/\/eloficiodehistoriar.com.mx\/index.php?rest_route=\/wp\/v2\/users\/249"}],"replies":[{"embeddable":true,"href":"https:\/\/eloficiodehistoriar.com.mx\/index.php?rest_route=%2Fwp%2Fv2%2Fcomments&post=32127"}],"version-history":[{"count":1,"href":"https:\/\/eloficiodehistoriar.com.mx\/index.php?rest_route=\/wp\/v2\/posts\/32127\/revisions"}],"predecessor-version":[{"id":32129,"href":"https:\/\/eloficiodehistoriar.com.mx\/index.php?rest_route=\/wp\/v2\/posts\/32127\/revisions\/32129"}],"wp:featuredmedia":[{"embeddable":true,"href":"https:\/\/eloficiodehistoriar.com.mx\/index.php?rest_route=\/wp\/v2\/media\/32128"}],"wp:attachment":[{"href":"https:\/\/eloficiodehistoriar.com.mx\/index.php?rest_route=%2Fwp%2Fv2%2Fmedia&parent=32127"}],"wp:term":[{"taxonomy":"category","embeddable":true,"href":"https:\/\/eloficiodehistoriar.com.mx\/index.php?rest_route=%2Fwp%2Fv2%2Fcategories&post=32127"},{"taxonomy":"post_tag","embeddable":true,"href":"https:\/\/eloficiodehistoriar.com.mx\/index.php?rest_route=%2Fwp%2Fv2%2Ftags&post=32127"}],"curies":[{"name":"wp","href":"https:\/\/api.w.org\/{rel}","templated":true}]}}