{"id":32130,"date":"2023-04-30T12:25:49","date_gmt":"2023-04-30T18:25:49","guid":{"rendered":"https:\/\/eloficiodehistoriar.com.mx\/?p=32130"},"modified":"2023-04-30T12:25:49","modified_gmt":"2023-04-30T18:25:49","slug":"en-la-cineteca-una-semana-de-cine-italiano-con-una-seleccion-de-11-largometrajes","status":"publish","type":"post","link":"https:\/\/eloficiodehistoriar.com.mx\/?p=32130","title":{"rendered":"En la Cineteca una Semana de Cine Italiano con una selecci\u00f3n de 11 largometrajes"},"content":{"rendered":"<div class=\"cabeza\">Semana de cine italiano<\/div>\n<div class=\"sumarios\"><\/div>\n<div class=\"credito-articulo\">Carlos Bonfil<\/div>\n<div><\/div>\n<div id=\"article-text\" class=\"text\">\n<div class=\"col\">\n<div class=\"inicial\">Hace 12 a\u00f1os el Instituto Italiano de Cultura present\u00f3 en la Cineteca Nacional la primera edici\u00f3n del llamado Giro di Cinema Italiano con una selecci\u00f3n de 31 pel\u00edculas (largometrajes de ficci\u00f3n, documentales y cortos), muestra representativa del trabajo f\u00edlmico m\u00e1s notable de Italia.<\/div>\n<div><\/div>\n<div class=\"inicial\">En un esfuerzo por renovar aquella estupenda iniciativa, este mes se proyecta en la Cineteca una Semana de Cine Italiano con una selecci\u00f3n de 11 largometrajes de ficci\u00f3n que dan cuenta del estado actual de una producci\u00f3n cinematogr\u00e1fica insuficientemente distribuida en nuestro pa\u00eds, pero que a juzgar por lo hasta hoy exhibido bien merece un seguimiento tan puntual en cartelera como el que disfrutan, entre otras muestras, el Tour de Cine Franc\u00e9s o la Semana de Cine Alem\u00e1n.<\/div>\n<p><em>Peque\u00f1o cuerpo<\/em>\u00a0(\u00a0<em>Piccolo corpo<\/em>, 2021), primer largometraje de ficci\u00f3n de la realizadora Laura Samani, recrea a la manera de una f\u00e1bula moral la historia de la joven \u00c1gata (Celeste Cescutti), madre infortunada de una ni\u00f1a muerta al nacer y que por esa raz\u00f3n no puede ser bautizada. Para evitar que la peque\u00f1a alma perpetue su desdichada suerte en el limbo, la madre inicia un largo recorrido por la regi\u00f3n del V\u00e9neto fronteriza con Eslovenia con el fin encontrar el lugar donde, de acuerdo con una vieja leyenda, su beb\u00e9 podr\u00e1 volver a la vida por s\u00f3lo el tiempo necesario para su bautizo. Hay buen manejo de los elementos fant\u00e1sticos en la captura l\u00edrica de los paisajes nevados o en tomas subacu\u00e1ticas a cargo de la espl\u00e9ndida fotograf\u00eda del esloveno Mitja Licen. Tambi\u00e9n es sugerente el encuentro de la protagonista con el enigm\u00e1tico personaje de Lynx (Ondina Quadri), un ser andr\u00f3gino obligado a disimular su identidad verdadera en un entorno de bravuconer\u00eda masculina potencialmente hostil. Las im\u00e1genes de la madre llevando a cuestas los restos de la mortinata por los senderos m\u00e1s agrestes y una m\u00e1gica comuni\u00f3n filial en el fondo del mar, son s\u00f3lo dos elementos destacables en esta opera prima rica en revelaciones y aciertos visuales.<\/p>\n<p>Otra cinta notable es\u00a0<em>Primadonna<\/em>\u00a0(2022), debut en el largometraje de ficci\u00f3n de la directora Marta Savina. El t\u00edtulo alude al car\u00e1cter pionero de Franca Gusmano, la mujer que en la Italia de los a\u00f1os sesenta del siglo pasado desafi\u00f3 de modo simult\u00e1neo a un grupo de mafiosos sicilianos y las rancias tradiciones morales que obligaban a una mujer sexualmente violentada a casarse con su propio victimario con el fin de preservar su honor y limpiar la falta en la que ella misma habr\u00eda incurrido. El esc\u00e1ndalo siempre fue la impunidad de la que invariablemente gozaba el agresor. La joven protagonista Lia (Claudia Gusmano) interpreta a esa mujer testaruda que aqu\u00ed no vacila un instante en marcar distancias con Lorenzo (Dario Aita), joven de quien est\u00e1 enamorada, pero en quien s\u00fabitamente descubre la triste calidad moral de un abusador mezquino. El relato es sobrio y la actuaci\u00f3n de la protagonista en verdad notable. Al comp\u00e1s sosegado de una primera parte en la que s\u00f3lo asoma la angustia de una familia amedrentada por la mafia, sucede el ritmo muy \u00e1gil de una situaci\u00f3n de tribunal donde, en resumen, se enjuicia la moral de todo el pueblo.<\/p>\n<p>Otros t\u00edtulos muy atractivos de esta semana f\u00edlmica italiana:\u00a0<em>El se\u00f1or de las hormigas<\/em>, de Gianni Amelio;\u00a0<em>El colibr\u00ed<\/em>, de Francesca Archibugi;\u00a0<em>Extra\u00f1eza<\/em>, de Roberto And\u00f2, y\u00a0<em>Nostalgia<\/em>, de Mario Martone.<\/p>\n<p>La Semana de Cine Italiano se exhibe hasta el 4 de mayo en la sala 8 de la Cineteca Nacional.<\/p>\n<\/div>\n<\/div>\n","protected":false},"excerpt":{"rendered":"<p>Semana de cine italiano Carlos Bonfil Hace 12 a\u00f1os el Instituto Italiano de Cultura present\u00f3 en la Cineteca Nacional la primera edici\u00f3n del llamado Giro di Cinema Italiano con una selecci\u00f3n de 31 pel\u00edculas (largometrajes de ficci\u00f3n, documentales y cortos), muestra representativa del trabajo f\u00edlmico m\u00e1s notable de Italia. En un esfuerzo por renovar aquella [&hellip;]<\/p>\n","protected":false},"author":249,"featured_media":32131,"comment_status":"open","ping_status":"closed","sticky":false,"template":"","format":"standard","meta":{"footnotes":""},"categories":[26],"tags":[],"class_list":["post-32130","post","type-post","status-publish","format-standard","has-post-thumbnail","hentry","category-mundo"],"_links":{"self":[{"href":"https:\/\/eloficiodehistoriar.com.mx\/index.php?rest_route=\/wp\/v2\/posts\/32130","targetHints":{"allow":["GET"]}}],"collection":[{"href":"https:\/\/eloficiodehistoriar.com.mx\/index.php?rest_route=\/wp\/v2\/posts"}],"about":[{"href":"https:\/\/eloficiodehistoriar.com.mx\/index.php?rest_route=\/wp\/v2\/types\/post"}],"author":[{"embeddable":true,"href":"https:\/\/eloficiodehistoriar.com.mx\/index.php?rest_route=\/wp\/v2\/users\/249"}],"replies":[{"embeddable":true,"href":"https:\/\/eloficiodehistoriar.com.mx\/index.php?rest_route=%2Fwp%2Fv2%2Fcomments&post=32130"}],"version-history":[{"count":1,"href":"https:\/\/eloficiodehistoriar.com.mx\/index.php?rest_route=\/wp\/v2\/posts\/32130\/revisions"}],"predecessor-version":[{"id":32132,"href":"https:\/\/eloficiodehistoriar.com.mx\/index.php?rest_route=\/wp\/v2\/posts\/32130\/revisions\/32132"}],"wp:featuredmedia":[{"embeddable":true,"href":"https:\/\/eloficiodehistoriar.com.mx\/index.php?rest_route=\/wp\/v2\/media\/32131"}],"wp:attachment":[{"href":"https:\/\/eloficiodehistoriar.com.mx\/index.php?rest_route=%2Fwp%2Fv2%2Fmedia&parent=32130"}],"wp:term":[{"taxonomy":"category","embeddable":true,"href":"https:\/\/eloficiodehistoriar.com.mx\/index.php?rest_route=%2Fwp%2Fv2%2Fcategories&post=32130"},{"taxonomy":"post_tag","embeddable":true,"href":"https:\/\/eloficiodehistoriar.com.mx\/index.php?rest_route=%2Fwp%2Fv2%2Ftags&post=32130"}],"curies":[{"name":"wp","href":"https:\/\/api.w.org\/{rel}","templated":true}]}}