{"id":32137,"date":"2023-05-01T12:07:13","date_gmt":"2023-05-01T18:07:13","guid":{"rendered":"https:\/\/eloficiodehistoriar.com.mx\/?p=32137"},"modified":"2023-05-01T12:07:13","modified_gmt":"2023-05-01T18:07:13","slug":"trabajadores-marchan-en-el-dia-del-trabajo-partiendo-del-angel-de-la-independencia","status":"publish","type":"post","link":"https:\/\/eloficiodehistoriar.com.mx\/?p=32137","title":{"rendered":"Trabajadores marchan en el  D\u00eda del Trabajo, partiendo del \u00c1ngel de la Independencia."},"content":{"rendered":"<h2 id=\"article-title-tts\" class=\"title title-default\">Marchan miles de trabajadores al Z\u00f3calo para mitin por el 1\u00b0 de Mayo<\/h2>\n<div class=\"article-info\"><a class=\"author\" href=\"https:\/\/www.jornada.com.mx\/author\/jared-laureles-y-lilian-hernandez.html\">Jared Laureles y Lilian Hern\u00e1ndez<\/a><\/div>\n<div><\/div>\n<div class=\"article-info\">Trabajadores inician una marcha en el marco del Primero de Mayo, D\u00eda del Trabajo, que tiene como punto de partida el \u00c1ngel de la Independencia, ubicado en Paseo de la Reforma. en la Ciudad de M\u00e9xico, el 1 de mayo de 2023.<\/div>\n<div id=\"article-content-images\" class=\"content-items-media\">\n<div id=\"image-gallery-carousel\" class=\"carousel carousel-front image-gallery slide\" data-ride=\"carousel\" data-interval=\"false\"><\/div>\n<div id=\"image-gallery-carousel-thumbs\" class=\"carousel-thumbs image-gallery-thumbs\"><\/div>\n<\/div>\n<div class=\"foto-pie\">Trabajadores inician una marcha en el marco del Primero de Mayo, D\u00eda del Trabajo, que tiene como punto de partida el \u00c1ngel de la Independencia, ubicado en Paseo de la Reforma. en la Ciudad de M\u00e9xico<\/div>\n<div><\/div>\n<div class=\"article-row\">\n<div class=\"social-links right\">\n<div id=\"content-sintesis-audio\" class=\"sintesis-audio\">\n<div class=\"speak-cont btn-group\">\n<form><em>Ciudad de M\u00e9xico.<\/em><\/p>\n<p>En el marco del D\u00eda del Trabajo, cientos de trabajadores se concentraron este lunes para realizar una marcha rumbo al Z\u00f3calo de la Ciudad de M\u00e9xico, en donde se realizar\u00e1 un mitin.<\/p>\n<\/form>\n<\/div>\n<\/div>\n<\/div>\n<div class=\"article-main\">\n<div class=\"\">\n<div id=\"article-content-tts\" class=\"article-content ljn-nota-contenido\">\n<div id=\"content_nitf\">\n<p>Como parte del d\u00eda del trabajo, la CNTE march\u00f3 del \u00c1ngel de la Independencia al monumento a la Revoluci\u00f3n.<\/p>\n<p>Bajo consignas de \u00abesta marcha no es de fiesta, es de lucha y de protesta\u00bb o \u00abgobierne quien gobierne, los derechos se defienden\u00bb avanzaron sobre Paseo de la Reforma rumbo al Monumento a la Revoluci\u00f3n para seguir hacia el z\u00f3calo, mientras que otros sindicatos del sector educativo y de otros \u00e1mbitos obreros llevaron a cabo un mitin en el monumento a la Revoluci\u00f3n.<\/p>\n<p>En el trayecto, maestros de las secciones sindicales XVIII y VII tomaron la palabra para exigir que se respeten sus contratos colectivos y se mejoren las condiciones laborales.<\/p>\n<p>En eje L\u00e1zaro C\u00e1rdenas y la calle 5 de Mayo se agrup\u00f3 un contingente de los sindicatos de Mineros, que encabeza el senador Napole\u00f3n G\u00f3mez Urrutia, de pilotos, sobrecargos, as\u00ed como trabajadores universitarios y telefonistas y del Metro, quienes poco despu\u00e9s de las 9 horas arrancaron la movilizaci\u00f3n al grito de un\u00e1nime de \u201c\u00a1Unidad, unidad!\u201d<\/p>\n<p>Entre sus principales demandas est\u00e1 la negociaci\u00f3n de contratos colectivos de trabajo con mejores condiciones laborales.<\/p>\n<p>Otro grupo perteneciente a la Nueva Central de Trabajadores (NCT) lo hace en el \u00c1ngel de la Independencia que se movilizar\u00e1 al Monumento a la Revoluci\u00f3n.<\/p>\n<p>Pese a que el Congreso del Trabajo anunci\u00f3 que los sindicatos que lo integran no marchar\u00edan, frente al Hemiciclo a Ju\u00e1rez es posible observar a trabajadores afiliados a las confederaciones Revolucionaria de Obreros y Campesinos (CROC) y la Regional Obrera Mexicana (CROM) y de de Obreros y Campesinos del Estado de M\u00e9xico (Cosem), que visten playeras y gorras blancas rotuladas con las iniciales de su respectivo gremio.<\/p>\n<p><strong><em>Los trabajadores se concentraron en la Glorieta del \u00c1ngel de la Independencia, en Paseo de la Reforma,.<\/em><\/strong><\/p>\n<p>La presencia de las viejas centrales corporativas se debe a la invitaci\u00f3n del Sindicato de Telefonistas de la Rep\u00fablica Mexicana, algo que fue rechazado por organizaciones gremiales independientes de la NCT.<\/p>\n<p>Al ritmo de banda regional, con banderines y banners las organizaciones centrales se concentraron en avenida Ju\u00e1rez, 5 de Mayo y L\u00e1zaro C\u00e1rdenas, y en estos momentos avanzan hacia la plancha del Z\u00f3calo de la Ciudad de M\u00e9xico.<\/p>\n<p>Con carteles en los que se lee \u201cSomos buenas sobrecargos. No a la discriminaci\u00f3n\u201d, trabajadores integrantes de la Asociaci\u00f3n Sindical de Sobrecargos de Aviaci\u00f3n (ASSA) rechazan la discriminaci\u00f3n laboral.<\/p>\n<p>Ello debido a que por factores como el peso, la edad y el nivel de ingl\u00e9s m\u00e1s de 30 ex trabajadores de Aeromar fueron rechazados para ser contratados en Aeromexico.<\/p>\n<p>En el caso del sindicato de trabajadores del Metro, entre sus demandas, reclamaron el abasto de herramientas y refacciones.<\/p>\n<p>A las 9:22 horas ingres\u00f3 a la plancha del Z\u00f3calo la vanguardia de la marcha obrera. En el lugar, frente a Palacio Nacional se instal\u00f3 un templete con equipo de sonido, donde los distintos representantes sindicales emitir\u00e1n su respectivo posicionamiento.<\/p>\n<\/div>\n<\/div>\n<\/div>\n<div class=\"article-meta\"><\/div>\n<\/div>\n<\/div>\n","protected":false},"excerpt":{"rendered":"<p>Marchan miles de trabajadores al Z\u00f3calo para mitin por el 1\u00b0 de Mayo Jared Laureles y Lilian Hern\u00e1ndez Trabajadores inician una marcha en el marco del Primero de Mayo, D\u00eda del Trabajo, que tiene como punto de partida el \u00c1ngel de la Independencia, ubicado en Paseo de la Reforma. en la Ciudad de M\u00e9xico, el [&hellip;]<\/p>\n","protected":false},"author":249,"featured_media":32138,"comment_status":"open","ping_status":"closed","sticky":false,"template":"","format":"standard","meta":{"footnotes":""},"categories":[26],"tags":[],"class_list":["post-32137","post","type-post","status-publish","format-standard","has-post-thumbnail","hentry","category-mundo"],"_links":{"self":[{"href":"https:\/\/eloficiodehistoriar.com.mx\/index.php?rest_route=\/wp\/v2\/posts\/32137","targetHints":{"allow":["GET"]}}],"collection":[{"href":"https:\/\/eloficiodehistoriar.com.mx\/index.php?rest_route=\/wp\/v2\/posts"}],"about":[{"href":"https:\/\/eloficiodehistoriar.com.mx\/index.php?rest_route=\/wp\/v2\/types\/post"}],"author":[{"embeddable":true,"href":"https:\/\/eloficiodehistoriar.com.mx\/index.php?rest_route=\/wp\/v2\/users\/249"}],"replies":[{"embeddable":true,"href":"https:\/\/eloficiodehistoriar.com.mx\/index.php?rest_route=%2Fwp%2Fv2%2Fcomments&post=32137"}],"version-history":[{"count":1,"href":"https:\/\/eloficiodehistoriar.com.mx\/index.php?rest_route=\/wp\/v2\/posts\/32137\/revisions"}],"predecessor-version":[{"id":32139,"href":"https:\/\/eloficiodehistoriar.com.mx\/index.php?rest_route=\/wp\/v2\/posts\/32137\/revisions\/32139"}],"wp:featuredmedia":[{"embeddable":true,"href":"https:\/\/eloficiodehistoriar.com.mx\/index.php?rest_route=\/wp\/v2\/media\/32138"}],"wp:attachment":[{"href":"https:\/\/eloficiodehistoriar.com.mx\/index.php?rest_route=%2Fwp%2Fv2%2Fmedia&parent=32137"}],"wp:term":[{"taxonomy":"category","embeddable":true,"href":"https:\/\/eloficiodehistoriar.com.mx\/index.php?rest_route=%2Fwp%2Fv2%2Fcategories&post=32137"},{"taxonomy":"post_tag","embeddable":true,"href":"https:\/\/eloficiodehistoriar.com.mx\/index.php?rest_route=%2Fwp%2Fv2%2Ftags&post=32137"}],"curies":[{"name":"wp","href":"https:\/\/api.w.org\/{rel}","templated":true}]}}