{"id":32183,"date":"2023-05-05T11:28:55","date_gmt":"2023-05-05T17:28:55","guid":{"rendered":"https:\/\/eloficiodehistoriar.com.mx\/?p=32183"},"modified":"2023-05-05T11:28:55","modified_gmt":"2023-05-05T17:28:55","slug":"donde-queda-el-derecho-a-la-cultura-la-educacion-y-el-trabajo-digno-la-danza-es-cultura","status":"publish","type":"post","link":"https:\/\/eloficiodehistoriar.com.mx\/?p=32183","title":{"rendered":"\u00bfD\u00f3nde queda el derecho a la cultura, la educaci\u00f3n y el trabajo digno? La danza es cultura"},"content":{"rendered":"<div id=\"article-cont\" class=\"main-cont article-cont actuality\">\n<div class=\"cabeza\">El Cenadac de Quer\u00e9taro, legado de Guillermina Bravo, sufre su peor crisis<\/div>\n<div class=\"sumarios\">\n<p>El centro lleva m\u00e1s de tres d\u00edas en paro \/\/ Desde hace un mes, los trabajadores no reciben salario \/\/ La SC del estado no libera recursos<\/p>\n<\/div>\n<div id=\"article-text\" class=\"text\">\n<div class=\"foto\">\n<div class=\"pie-foto\">Alumnos realizaron ayer un <em>performance\u00a0<\/em>frente al palacio de gobierno estatal en protesta por la falta de pago a 40 trabajadores del Centro.<\/div>\n<div><\/div>\n<div class=\"pie-foto\">Montoya<\/div>\n<\/div>\n<div class=\"col col1\">\n<div class=\"credito-titulo\">l<\/div>\n<div class=\"hemero\">La Jornada<\/p>\n<\/div>\n<p class=\"s-s\">Quer\u00e9taro, Qro.,<\/p>\n<p class=\"s-s\">De forma solidaria y en protesta por el atraso de m\u00e1s de un mes de salarios a 40 trabajadores del Centro Nacional de Danza Contempor\u00e1nea (Cenadac), alumnas y alumnos realizaron ayer un\u00a0<em>performance\u00a0<\/em>en la Plaza de Armas, frente al palacio de gobierno estatal.<\/p>\n<p>A tres d\u00edas del paro de labores por la decisi\u00f3n de la Secretar\u00eda de Cultura (SC) de Quer\u00e9taro de no liberar recursos, se le\u00eda en una manta:\u00a0<q>\u00bfD\u00f3nde queda el derecho a la cultura, la educaci\u00f3n y el trabajo digno? La danza es cultura, si se pierde el colegio, se pierde la danza contempor\u00e1nea en M\u00e9xico<\/q>.<\/p>\n<p>De forma sorpresiva, la noche del 30 de abril al t\u00e9rmino de la \u00faltima funci\u00f3n del cierre de actividades por el D\u00eda Internacional de la Danza, trabajadores y docentes del Cenadac con sede en Quer\u00e9taro se declararon en paro de labores indefinido por falta de pagos de sueldos a los cerca de 40 trabajadores que laboran en esa instituci\u00f3n, entre docentes, personal de apoyo y administrativo, entre otros.<\/p>\n<p>Es la primera vez en la historia del Cenadac, dependiente de la Secretar\u00eda de Cultura de Quer\u00e9taro, que se hace un paro indefinido de labores desde su fundaci\u00f3n, en abril de 1991, por Guillermina Bravo.<\/p>\n<p>La noche del 30 de abril, Orlando Scheker, creador esc\u00e9nico y bailar\u00edn profesional, director general del Cenadac, dio lectura el comunicado oficial ante el p\u00fablico.\u00a0<q>El Centro Nacional de Danza Contempor\u00e1nea cerrar\u00e1 sus actividades y puertas en paro por primera vez en la historia a partir del lunes primero de mayo de 2023, debido a la falta de apoyo estatal que hemos padecido (desde) a\u00f1os atr\u00e1s<\/q>, dijo.<\/p>\n<p>Advirti\u00f3 que de no recibir respuestas a sus demandas, el Cenadac podr\u00eda cerrar de forma definitiva.<\/p>\n<p>Los trabajadores puntualizaron que la manifestaci\u00f3n es pac\u00edfica y que en todo momento est\u00e1 abierta la invitaci\u00f3n al di\u00e1logo con los representantes del gobierno de Quer\u00e9taro.<\/p>\n<p class=\"sumario\">Cero apoyo de autoridades federales<\/p>\n<p class=\"s-s\">Christian Yussel, coordinador de difusi\u00f3n y actividades especiales del Cenadac, declar\u00f3 a\u00a0<em>La Jornada\u00a0<\/em>que desde hace 10 a\u00f1os el centro no recibe apoyo econ\u00f3mico del gobierno federal por lo que s\u00f3lo dependen de una partida presupuestal de la Secretar\u00eda de Cultura de Quer\u00e9taro de 900 mil pesos anuales.<\/p>\n<\/div>\n<div class=\"col col2\">\n<p>No obstante, el recurso correspondiente a este a\u00f1o no ha sido entregado, lo que ya provoc\u00f3 una situaci\u00f3n insostenible.<\/p>\n<p>Puntualiz\u00f3 que se ha solicitado a esa dependencia la asignaci\u00f3n de al menos 2 millones 500 mil pesos al a\u00f1o, pero s\u00f3lo se asignaban 900 mil.\u00a0<q>Y ahora, ni eso<\/q>.<\/p>\n<p>Refiri\u00f3 que a pesar de que el Cenadac es un organismo descentralizado, que puede generar recursos propios, a partir de la pandemia de covid 19 es reducido el n\u00famero de alumnas qu\u00e9 asisten a clases de danza.<\/p>\n<p>Coment\u00f3 que el centro tiene las mejores instalaciones de Am\u00e9rica Latina,\u00a0<q>con salones de 20 por 20 metros que ni siquiera tienen en Nueva York<\/q>, pero a las que les hace falta mantenimiento.<\/p>\n<p>Por medio de un pliego petitorio, dirigido al gobernador de Quer\u00e9taro, Mauricio Kuri, los empleados del Cenadac,\u00a0<q>que representa el legado art\u00edstico y cultural de la maestra Guillermina Bravo<\/q>, pidieron la asignaci\u00f3n de un presupuesto exclusivo para cubrir la n\u00f3mina del personal que labora en esa instituci\u00f3n cultural, ya que su personal\u00a0<q>ha estado privado de sueldo desde hace un mes; no obstante, el centro ha seguido funcionando gracias a la actitud solidaria de sus integrantes, hasta llegar a este punto cr\u00edtico en que la situaci\u00f3n es insostenible<\/q>.<\/p>\n<p>Tambi\u00e9n pidieron la asignaci\u00f3n de recursos para actividades art\u00edsticas y de mantenimiento del inmueble.<\/p>\n<p><q>Para que esta situaci\u00f3n an\u00f3mala no persista, es imprescindible que se haga una modificaci\u00f3n de su decreto de creaci\u00f3n que permita una correcta figura jur\u00eddica para su eficaz funcionamiento, como demanda su administraci\u00f3n<\/q>, dice el pliego petitorio.<\/p>\n<p>En el pliego se\u00f1alaron que el Cenadac sufre su crisis m\u00e1s severa desde su creaci\u00f3n, pero que desde hace a\u00f1os padece de inestabilidad econ\u00f3mica por\u00a0<q>la incapacidad de las autoridades federales y estatales que se han negado a proveer al centro de los requerimientos reales para su sost\u00e9n y correcto funcionamiento<\/q>.<\/p>\n<\/div>\n<\/div>\n<div class=\"go gui\">\n<div class=\"go-up\"><\/div>\n<\/div>\n<\/div>\n<div id=\"taboola-below-content-thumbnails\" class=\" trc_related_container trc_spotlight_widget tbl-feed-container tbl-feed-frame-DIVIDER  render-late-effect\" data-feed-container-num=\"1\" data-feed-main-container-id=\"taboola-below-content-thumbnails\" data-parent-placement-name=\"Below Content Thumbnails\" data-pub-lang=\"es\">\n<div class=\" tbl-feed-header tbl-logo-right-position\">\n<div class=\"tbl-feed-header-logo\"><\/div>\n<\/div>\n<\/div>\n","protected":false},"excerpt":{"rendered":"<p>El Cenadac de Quer\u00e9taro, legado de Guillermina Bravo, sufre su peor crisis El centro lleva m\u00e1s de tres d\u00edas en paro \/\/ Desde hace un mes, los trabajadores no reciben salario \/\/ La SC del estado no libera recursos Alumnos realizaron ayer un performance\u00a0frente al palacio de gobierno estatal en protesta por la falta de [&hellip;]<\/p>\n","protected":false},"author":249,"featured_media":32184,"comment_status":"open","ping_status":"closed","sticky":false,"template":"","format":"standard","meta":{"footnotes":""},"categories":[26],"tags":[],"class_list":["post-32183","post","type-post","status-publish","format-standard","has-post-thumbnail","hentry","category-mundo"],"_links":{"self":[{"href":"https:\/\/eloficiodehistoriar.com.mx\/index.php?rest_route=\/wp\/v2\/posts\/32183","targetHints":{"allow":["GET"]}}],"collection":[{"href":"https:\/\/eloficiodehistoriar.com.mx\/index.php?rest_route=\/wp\/v2\/posts"}],"about":[{"href":"https:\/\/eloficiodehistoriar.com.mx\/index.php?rest_route=\/wp\/v2\/types\/post"}],"author":[{"embeddable":true,"href":"https:\/\/eloficiodehistoriar.com.mx\/index.php?rest_route=\/wp\/v2\/users\/249"}],"replies":[{"embeddable":true,"href":"https:\/\/eloficiodehistoriar.com.mx\/index.php?rest_route=%2Fwp%2Fv2%2Fcomments&post=32183"}],"version-history":[{"count":1,"href":"https:\/\/eloficiodehistoriar.com.mx\/index.php?rest_route=\/wp\/v2\/posts\/32183\/revisions"}],"predecessor-version":[{"id":32185,"href":"https:\/\/eloficiodehistoriar.com.mx\/index.php?rest_route=\/wp\/v2\/posts\/32183\/revisions\/32185"}],"wp:featuredmedia":[{"embeddable":true,"href":"https:\/\/eloficiodehistoriar.com.mx\/index.php?rest_route=\/wp\/v2\/media\/32184"}],"wp:attachment":[{"href":"https:\/\/eloficiodehistoriar.com.mx\/index.php?rest_route=%2Fwp%2Fv2%2Fmedia&parent=32183"}],"wp:term":[{"taxonomy":"category","embeddable":true,"href":"https:\/\/eloficiodehistoriar.com.mx\/index.php?rest_route=%2Fwp%2Fv2%2Fcategories&post=32183"},{"taxonomy":"post_tag","embeddable":true,"href":"https:\/\/eloficiodehistoriar.com.mx\/index.php?rest_route=%2Fwp%2Fv2%2Ftags&post=32183"}],"curies":[{"name":"wp","href":"https:\/\/api.w.org\/{rel}","templated":true}]}}