{"id":32186,"date":"2023-05-05T11:41:37","date_gmt":"2023-05-05T17:41:37","guid":{"rendered":"https:\/\/eloficiodehistoriar.com.mx\/?p=32186"},"modified":"2023-05-05T11:41:37","modified_gmt":"2023-05-05T17:41:37","slug":"guillermina-nicolasa-bravo-canales-bailarina-coreografa","status":"publish","type":"post","link":"https:\/\/eloficiodehistoriar.com.mx\/?p=32186","title":{"rendered":"Guillermina Nicolasa Bravo Canales. Bailarina. Core\u00f3grafa"},"content":{"rendered":"<div class=\"row document-header\">\n<div class=\"document-info col-xs-12 col-md-7\">\n<div id=\"document-title\">\n<h1>Bravo, Guillermina<\/h1>\n<\/div>\n<div class=\"xdocLastModification\"><\/div>\n<\/div>\n<div class=\"document-menu col-xs-12 col-md-5\">\n<div id=\"contentmenu\" class=\"pull-right actionmenu\">\n<div id=\"tmMoreActions\" class=\"btn-group text-left\"><\/div>\n<\/div>\n<\/div>\n<\/div>\n<hr \/>\n<div class=\"row\">\n<div id=\"xwikicontent\" class=\"col-xs-12\">\n<p>\u00a0<strong>Guillermina Nicolasa Bravo Canales<\/strong>. Bailarina. Core\u00f3grafa.<\/p>\n<p>Directora de escena.<\/p>\n<p>Naci\u00f3 en\u00a0<span class=\"wikilink\"><a href=\"http:\/\/148.226.12.161:8080\/egvadmin\/bin\/view\/enciclopedia\/Chacaltianguis+%28cabecera%29\">Chacaltianguis<\/a><\/span>\u00a0el 13 de noviembre de 1923.<\/p>\n<p>Falleci\u00f3 en Quer\u00e9taro el 6 de noviembre de 2013.<\/p>\n<p>Estudi\u00f3 en la Escuela Nacional de Danza y en el Conservatorio Nacional de M\u00fasica.<\/p>\n<p>De 1940 a 1945 fue disc\u00edpula de la artista estadounidense Waldeen y luego bailarina de su grupo.<\/p>\n<p>En 1946 cre\u00f3 y dirigi\u00f3 la Academia de la Danza Mexicana y dos a\u00f1os despu\u00e9s (1948) fund\u00f3 la Compa\u00f1\u00eda Ballet Nacional, que todav\u00eda dirige y con el cual ha efectuado presentaciones en decenas de pa\u00edses.<\/p>\n<p>En los a\u00f1os 50 y 60, dif\u00edciles para la danza mexicana, mantuvo con vida a su grupo con la colaboraci\u00f3n de personas e instituciones a quienes convenci\u00f3 para apoyarla; su compa\u00f1\u00eda es as\u00ed, la de mayor estabilidad y permanencia entre los grupos independientes. Ha realizado giras por Europa, Asia, Cuba y eua y colaborado en teatro con diversos directores.<\/p>\n<p>Asesora de la\u00a0<span class=\"wikilink\"><a href=\"http:\/\/148.226.12.161:8080\/egvadmin\/bin\/view\/enciclopedia\/Danza+%28facultad+de%29+-+Xalapa\">Facultad de Danza<\/a><\/span>\u00a0de la Universidad Veracruzana, desde 1980.<\/p>\n<p>En 1975 la Asociaci\u00f3n de Cr\u00edticos y Cronistas Teatrales le otorg\u00f3 el Premio a la Mejor Coreograf\u00eda para Teatro e instituy\u00f3 en su honor el Premio Guillermina Bravo. En 1979 el Gobierno de la Rep\u00fablica le otorg\u00f3 el Premio Nacional de Artes. Miembro de la Comisi\u00f3n de Artes y Letras del Consejo Nacional para la Cultura y las Artes (CNCA, 1989). En 1991 se traslad\u00f3 con su compa\u00f1\u00eda a Quer\u00e9taro, donde fund\u00f3 el Centro Nacional de Danza Contempor\u00e1nea. En 1995 celebr\u00f3 su 75 aniversario y al a\u00f1o siguiente se organiz\u00f3 un homenaje nacional en honor de la bailarina.<\/p>\n<p><strong>Obra coreogr\u00e1fica<\/strong>\u00a0(entre otras):\u00a0<em>Recuerdo a Zapata<\/em>\u00a0(1951);\u00a0<em>La nube est\u00e9ril<\/em>\u00a0(1953);\u00a0<em>Rescoldo<\/em>\u00a0(1954);\u00a0<em>Danza sin turismo<\/em>\u00a0(1955);\u00a0<em>Im\u00e1genes de un hombre<\/em>\u00a0(1958);\u00a0<em>Danza de hechicer\u00eda<\/em>\u00a0(1962);\u00a0<em>Comentarios a la naturaleza\u00a0<\/em>(1967);\u00a0<em>El zacate<\/em>;\u00a0<em>Fuerza motriz<\/em>;\u00a0<em>Alturas de Machu-Pichu<\/em>;\u00a0<em>El demagogo<\/em>;\u00a0<em>Homenaje a Cervantes<\/em>;\u00a0<em>Trazo sobre un toro de Creta<\/em>;\u00a0<em>El Llamado<\/em>;\u00a0<em>Bast\u00f3n de Mando<\/em>;\u00a0<em>Epicentro<\/em>\u00a0y las coreograf\u00edas presentadas en los XIX Juegos Ol\u00edmpicos que se celebraron en M\u00e9xico:\u00a0<em>Apuntes para una noche f\u00fanebre<\/em>;\u00a0<em>Juegos de pelota<\/em>;\u00a0<em>Los magos<\/em>\u00a0y\u00a0<em>Estudio n\u00famero 8 leona-cazador<\/em>.<\/p>\n<p>.<\/p>\n<p>Diccionario Enciclop\u00e9dico Veracruzano \/ Roberto Peredo \/ UV<\/p>\n<\/div>\n<\/div>\n","protected":false},"excerpt":{"rendered":"<p>Bravo, Guillermina \u00a0Guillermina Nicolasa Bravo Canales. Bailarina. Core\u00f3grafa. Directora de escena. Naci\u00f3 en\u00a0Chacaltianguis\u00a0el 13 de noviembre de 1923. Falleci\u00f3 en Quer\u00e9taro el 6 de noviembre de 2013. Estudi\u00f3 en la Escuela Nacional de Danza y en el Conservatorio Nacional de M\u00fasica. De 1940 a 1945 fue disc\u00edpula de la artista estadounidense Waldeen y luego bailarina [&hellip;]<\/p>\n","protected":false},"author":249,"featured_media":32187,"comment_status":"open","ping_status":"closed","sticky":false,"template":"","format":"standard","meta":{"footnotes":""},"categories":[26],"tags":[],"class_list":["post-32186","post","type-post","status-publish","format-standard","has-post-thumbnail","hentry","category-mundo"],"_links":{"self":[{"href":"https:\/\/eloficiodehistoriar.com.mx\/index.php?rest_route=\/wp\/v2\/posts\/32186","targetHints":{"allow":["GET"]}}],"collection":[{"href":"https:\/\/eloficiodehistoriar.com.mx\/index.php?rest_route=\/wp\/v2\/posts"}],"about":[{"href":"https:\/\/eloficiodehistoriar.com.mx\/index.php?rest_route=\/wp\/v2\/types\/post"}],"author":[{"embeddable":true,"href":"https:\/\/eloficiodehistoriar.com.mx\/index.php?rest_route=\/wp\/v2\/users\/249"}],"replies":[{"embeddable":true,"href":"https:\/\/eloficiodehistoriar.com.mx\/index.php?rest_route=%2Fwp%2Fv2%2Fcomments&post=32186"}],"version-history":[{"count":1,"href":"https:\/\/eloficiodehistoriar.com.mx\/index.php?rest_route=\/wp\/v2\/posts\/32186\/revisions"}],"predecessor-version":[{"id":32188,"href":"https:\/\/eloficiodehistoriar.com.mx\/index.php?rest_route=\/wp\/v2\/posts\/32186\/revisions\/32188"}],"wp:featuredmedia":[{"embeddable":true,"href":"https:\/\/eloficiodehistoriar.com.mx\/index.php?rest_route=\/wp\/v2\/media\/32187"}],"wp:attachment":[{"href":"https:\/\/eloficiodehistoriar.com.mx\/index.php?rest_route=%2Fwp%2Fv2%2Fmedia&parent=32186"}],"wp:term":[{"taxonomy":"category","embeddable":true,"href":"https:\/\/eloficiodehistoriar.com.mx\/index.php?rest_route=%2Fwp%2Fv2%2Fcategories&post=32186"},{"taxonomy":"post_tag","embeddable":true,"href":"https:\/\/eloficiodehistoriar.com.mx\/index.php?rest_route=%2Fwp%2Fv2%2Ftags&post=32186"}],"curies":[{"name":"wp","href":"https:\/\/api.w.org\/{rel}","templated":true}]}}