{"id":32189,"date":"2023-05-05T11:52:38","date_gmt":"2023-05-05T17:52:38","guid":{"rendered":"https:\/\/eloficiodehistoriar.com.mx\/?p=32189"},"modified":"2023-05-05T11:52:38","modified_gmt":"2023-05-05T17:52:38","slug":"campeones-del-mundo-doce-jovenes-mexicanos-se-pararon-ante-los-mejores-del-orbe-en-el-futbol","status":"publish","type":"post","link":"https:\/\/eloficiodehistoriar.com.mx\/?p=32189","title":{"rendered":"\u00a1Campeones del mundo!\u00a0Doce j\u00f3venes mexicanos, se pararon ante los mejores del orbe en el futbol"},"content":{"rendered":"<div id=\"main-cont\">\n<article>\n<div id=\"article-cont\" class=\"main-cont article-cont actuality\">\n<div class=\"sumarios\">\n<p>Fue mucho trabajo, pero fuimos a ser campeones: Alejandra Caballero<\/p>\n<\/div>\n<div class=\"cabeza\">AMLO reconoce a la selecci\u00f3n juvenil ganadora del torneo World Challenge<\/div>\n<div class=\"sumarios\"><\/div>\n<div id=\"article-text\" class=\"text\">\n<div class=\"foto\">\n<div class=\"pie-foto\">El Presidente estuvo acompa\u00f1ado del empresario Carlos Bremer, as\u00ed como de gobernador de Nuevo Le\u00f3n, Samuel Garc\u00eda, en Palacio Nacional, donde recibi\u00f3 a los monarcas del certamen de futbol organizado por la Fundaci\u00f3n Real Madrid.<\/div>\n<div><\/div>\n<div class=\"pie-foto\">Emir Olivares y \u00c1ngeles Cruz<\/div>\n<\/div>\n<div class=\"col col1\">\n<div class=\"credito-titulo\"><\/div>\n<div class=\"hemero\">La Jornada<\/p>\n<\/div>\n<p class=\"s-s\"><q>\u00a1Campeones del mundo!<\/q>\u00a0Doce j\u00f3venes mexicanos de 13 y 14 a\u00f1os se pararon ante los mejores del orbe en el futbol y se trajeron la copa del torneo World Challenge organizado por la Fundaci\u00f3n Real Madrid.<\/p>\n<p>Nacidos en los barrios m\u00e1s populares de Nuevo Le\u00f3n, los jugadores del representativo nacional \u2013entre ellos dos mujeres\u2013 estuvieron ayer en Palacio Nacional, en la ma\u00f1anera del presidente Andr\u00e9s Manuel L\u00f3pez Obrador, donde fueron reconocidos por su esfuerzo y triunfo en la justa realizada en abril pasado en Espa\u00f1a.<\/p>\n<p>Desde San Bernab\u00e9 viajaron hasta Madrid, todos se subieron por primera vez a un avi\u00f3n con el sue-\u00f1o de triunfar en la segunda edici\u00f3n del torneo madridista. Apuntaron a lo m\u00e1s alto y sin complejos se pararon frente a potencias mundiales. No s\u00f3lo ganaron el campeonato, fueron una de las mejores ofensivas, con 22 goles en favor, y la mejor defensiva, con s\u00f3lo dos dianas en contra.<\/p>\n<p><q>Fuimos a jugar, a ser campeones. Esta experiencia nos cambi\u00f3 la vida. La verdad, nunca esperamos que esto fuera a pasar<\/q>, se\u00f1al\u00f3 Alejandra Caballero Ju\u00e1rez, integrante del representativo nacional y quien por su destacada participaci\u00f3n ya fue fichada para la categor\u00eda Sub-18 de las Rayadas de Monterrey, de la liga femenil.<\/p>\n<p>Los presentes en el sal\u00f3n Tesorer\u00eda de Palacio Nacional brindaron un sonoro aplauso a estos 12 j\u00f3venes que fueron seleccionados entre 3 mil 500 de centros comunitarios de Nuevo Le\u00f3n.<\/p>\n<p><q>Fue mucho trabajo, mucho sudor, muchas l\u00e1grimas, mucha pelea durante el torneo, y pues siempre salimos con la mentalidad de ganar. Y hoy somos campeones. Gracias a todos los que nos apoyaron, podemos decir que pusimos el nombre de M\u00e9xico en alto<\/q>, cerr\u00f3 Alejandra.<\/p>\n<\/div>\n<div class=\"col col2\">\n<p>M\u00e9xico fue de los pocos representativos (de 42 participantes) con una escuadra mixta. Estuvieron en el\u00a0<em>grupo de la muerte\u00a0<\/em>donde se impusieron a una selecci\u00f3n europea, a Estados Unidos y a Uruguay. En cuartos de final\u00a0<q>despacharon<\/q>\u00a0a Brasil y en semifinales a Espa\u00f1a, monarca defensor y anfitri\u00f3n, con un contundente 4-1. Ganaron el t\u00edtulo a Alemania, por marcador de 2-1.<\/p>\n<p class=\"sumario\">Deporte y valores<\/p>\n<p class=\"s-s\">El presidente L\u00f3pez Obrador reconoci\u00f3 su esfuerzo y su papel en la justa internacional. Destac\u00f3 que el deporte es una de las opciones de vida para evitar caer en el camino de las adicciones.\u00a0<q>Esa es la medicina preventiva para enfrentar la enfermedad, la pandemia de las drogas: el deporte, el estudio, el trabajo, el fortalecimiento de los valores, mantenernos unidos en las familias, ser felices sin necesidad de ese mugrero<\/q>.<\/p>\n<p>El gobernador de Nuevo Le\u00f3n, Samuel Garc\u00eda, presente en la ma\u00f1anera, inform\u00f3 que estos adolescentes, estudiantes de tercer a\u00f1o de secundaria, han recibido becas para continuar su formaci\u00f3n acad\u00e9mica. Recomend\u00f3 a los equipos profesionales de la liga mexicana \u2013varonil y femenil\u2013\u00a0<q>que les echen el ojo<\/q>.<\/p>\n<p>Carlos Bremer Guti\u00e9rrez, presidente de Grupo Financiero Value y promotor para que M\u00e9xico fuera convocado al torneo, record\u00f3: \u201cAntes de irse, cuando les entregamos los uniformes, les dijimos: \u2018Ya lo que lograron es algo muy bueno, van a Espa\u00f1a y van a vivir algo que nadie vive, pero ser\u00eda muy bueno que vengaran a M\u00e9xico, que le ganaran a los equipos que siempre nos dan lata, que se los despachen\u2019. \u00a1As\u00ed fue!\u201d<\/p>\n<\/div>\n<\/div>\n<div class=\"go gui\">\n<div class=\"go-up\"><\/div>\n<\/div>\n<\/div>\n<div id=\"taboola-below-content-thumbnails\" class=\" trc_related_container trc_spotlight_widget\"><\/div>\n<\/article>\n<\/div>\n<div id=\"interstitialdfpportadas\"><\/div>\n","protected":false},"excerpt":{"rendered":"<p>Fue mucho trabajo, pero fuimos a ser campeones: Alejandra Caballero AMLO reconoce a la selecci\u00f3n juvenil ganadora del torneo World Challenge El Presidente estuvo acompa\u00f1ado del empresario Carlos Bremer, as\u00ed como de gobernador de Nuevo Le\u00f3n, Samuel Garc\u00eda, en Palacio Nacional, donde recibi\u00f3 a los monarcas del certamen de futbol organizado por la Fundaci\u00f3n Real [&hellip;]<\/p>\n","protected":false},"author":249,"featured_media":32190,"comment_status":"open","ping_status":"closed","sticky":false,"template":"","format":"standard","meta":{"footnotes":""},"categories":[26],"tags":[],"class_list":["post-32189","post","type-post","status-publish","format-standard","has-post-thumbnail","hentry","category-mundo"],"_links":{"self":[{"href":"https:\/\/eloficiodehistoriar.com.mx\/index.php?rest_route=\/wp\/v2\/posts\/32189","targetHints":{"allow":["GET"]}}],"collection":[{"href":"https:\/\/eloficiodehistoriar.com.mx\/index.php?rest_route=\/wp\/v2\/posts"}],"about":[{"href":"https:\/\/eloficiodehistoriar.com.mx\/index.php?rest_route=\/wp\/v2\/types\/post"}],"author":[{"embeddable":true,"href":"https:\/\/eloficiodehistoriar.com.mx\/index.php?rest_route=\/wp\/v2\/users\/249"}],"replies":[{"embeddable":true,"href":"https:\/\/eloficiodehistoriar.com.mx\/index.php?rest_route=%2Fwp%2Fv2%2Fcomments&post=32189"}],"version-history":[{"count":1,"href":"https:\/\/eloficiodehistoriar.com.mx\/index.php?rest_route=\/wp\/v2\/posts\/32189\/revisions"}],"predecessor-version":[{"id":32191,"href":"https:\/\/eloficiodehistoriar.com.mx\/index.php?rest_route=\/wp\/v2\/posts\/32189\/revisions\/32191"}],"wp:featuredmedia":[{"embeddable":true,"href":"https:\/\/eloficiodehistoriar.com.mx\/index.php?rest_route=\/wp\/v2\/media\/32190"}],"wp:attachment":[{"href":"https:\/\/eloficiodehistoriar.com.mx\/index.php?rest_route=%2Fwp%2Fv2%2Fmedia&parent=32189"}],"wp:term":[{"taxonomy":"category","embeddable":true,"href":"https:\/\/eloficiodehistoriar.com.mx\/index.php?rest_route=%2Fwp%2Fv2%2Fcategories&post=32189"},{"taxonomy":"post_tag","embeddable":true,"href":"https:\/\/eloficiodehistoriar.com.mx\/index.php?rest_route=%2Fwp%2Fv2%2Ftags&post=32189"}],"curies":[{"name":"wp","href":"https:\/\/api.w.org\/{rel}","templated":true}]}}