{"id":32226,"date":"2023-05-08T11:39:28","date_gmt":"2023-05-08T17:39:28","guid":{"rendered":"https:\/\/eloficiodehistoriar.com.mx\/?p=32226"},"modified":"2023-05-08T11:39:28","modified_gmt":"2023-05-08T17:39:28","slug":"murio-a-los-105-anos-la-activista-potosina-conchita-calvillo-alonso","status":"publish","type":"post","link":"https:\/\/eloficiodehistoriar.com.mx\/?p=32226","title":{"rendered":"Muri\u00f3 a los 105 a\u00f1os la activista potosina Conchita Calvillo Alonso"},"content":{"rendered":"<div id=\"article-cont\" class=\"main-cont article-cont actuality\">\n<div class=\"sumarios\">\n<p>Promovi\u00f3 derechos electorales<\/p>\n<\/div>\n<div class=\"cabeza\">Muri\u00f3 a los 105 a\u00f1os la activista potosina Conchita Calvillo Alonso<\/div>\n<div class=\"sumarios\">\n<p>Particip\u00f3 en la defensa de causas sociales y en negociaciones entre el gobierno y el movimiento zapatista<\/p>\n<\/div>\n<div id=\"article-text\" class=\"text\">\n<div class=\"foto\">\n<div class=\"pie-foto\">La luchadora social Concepci\u00f3n Calvillo,<\/div>\n<div><\/div>\n<\/div>\n<div class=\"col col1\">\n<div class=\"credito-autor\">Vicente Ju\u00e1rez<\/div>\n<div class=\"credito-titulo\"><\/div>\n<div class=\"hemero\">La Jornada<\/p>\n<\/div>\n<p class=\"s-s\">San Luis Potos\u00ed, SLP.,<\/p>\n<p class=\"s-s\">Concepci\u00f3n Calvillo Alonso, una de las mujeres pilares en la lucha por la democracia en M\u00e9xico, pionera en la ciudadanizaci\u00f3n de los \u00f3rganos electorales y en la inclusi\u00f3n de las mujeres, muri\u00f3 ayer al mediod\u00eda.<\/p>\n<p><q>Conchita Nava<\/q>, como se le conoc\u00eda, falleci\u00f3 a los 105 a\u00f1os de edad por causas naturales en su domicilio en el barrio de Tequisquiapan, en esta capital, acompa\u00f1ada de sus familiares.<\/p>\n<p>Fue compa\u00f1era del doctor Salvador Nava Mart\u00ednez, quien a finales de 1950 aglutin\u00f3 a la oposici\u00f3n contra el cacique Gonzalo Natividad Santos, gobernador de San Luis Potos\u00ed (1943-1949), cuando el Partido Revolucionario Institucional ejerc\u00eda un dominio total.<\/p>\n<p>Natividad Santos hizo c\u00e9lebre una de las frases s\u00edmbolo de la corrupci\u00f3n en la pol\u00edtica mexicana:\u00a0<q>La moral es un \u00e1rbol que da moras<\/q>.<\/p>\n<p>En 1961, Calvillo apareci\u00f3 en la escena pol\u00edtica cuando viaj\u00f3 a la Ciudad de M\u00e9xico con un grupo de mujeres que protestaba por el encarcelamiento y tortura de los iniciadores del movimiento civilista de San Luis Potos\u00ed en el Campo Militar n\u00famero 1.<\/p>\n<p>Particip\u00f3 en las etapas proselitistas de las dos elecciones de gobernador de Salvador Nava, en 1961 y 1991.<\/p>\n<p>Estuvo inmersa en movimientos sociales de la entidad y del pa\u00eds desde la mitad del siglo pasado. Fue una de las mujeres con mayor participaci\u00f3n pol\u00edtica en la d\u00e9cada de 1990; se convirti\u00f3 en la figura feminista de la resistencia civil del navismo.<\/p>\n<p>Fue la responsable de continuar con el movimiento que encabez\u00f3 Nava Mart\u00ednez (1914-1992); mantuvo la demanda de crear el primer \u00f3rgano electoral ciudadano del pa\u00eds para San Luis Potos\u00ed.<\/p>\n<p>En 1991 particip\u00f3 en la resistencia para evitar que gobernara el estado el pri\u00edsta Fausto Zapata, ante las denuncias de fraude de Salvador Nava, quien encabez\u00f3 una amplia coalici\u00f3n formada por los partidos Acci\u00f3n Nacional, Dem\u00f3crata Mexicano (sinarquista) y de la Revoluci\u00f3n. Zapata estuvo en el cargo s\u00f3lo 14 d\u00edas y termin\u00f3 renunciando; lo sustituy\u00f3 Gonzalo Mart\u00ednez Corbal\u00e1.<\/p>\n<p>En 1993, Concepci\u00f3n Calvillo fue candidata a la gubernatura de San Luis Potos\u00ed, postulada por una coalici\u00f3n encabezada por Nava Partido Pol\u00edtico, comicios en los que fue derrotada por su yerno Horacio S\u00e1nchez Unzueta, perteneciente al Partido Revolucionario Institucional. Su nieto Xavier Nava Palacios fue alcalde de esta capital (2018-2020).<\/p>\n<p>En 1999 se integr\u00f3 a la lucha contra proyecto ilegal de la Minera San Xavier, a cuyas puertas coloc\u00f3 un candado para clausurarla simb\u00f3licamente en 2010.<\/p>\n<p>Siempre se opuso a los reg\u00edmenes autoritarios y trabaj\u00f3 en favor de la instauraci\u00f3n de la democracia en M\u00e9xico; fue opositora a los planes de privatizaci\u00f3n del agua en la ciudad de San Luis Potos\u00ed y enarbol\u00f3 muchas otras causas ciudadanas.<\/p>\n<\/div>\n<div class=\"col col2\">\n<p>En 2006 protest\u00f3 indignada por el fraude electoral contra Andr\u00e9s Manuel L\u00f3pez Obrador; en noviembre de ese a\u00f1o se reuni\u00f3 en Cerro de San Pedro con el\u00a0<em>subcomandante Marcos\u00a0<\/em>del Ej\u00e9rcito Zapatista de Liberaci\u00f3n Nacional (EZLN).<\/p>\n<p>En 2011 acudi\u00f3 a la Plaza del Carmen a recibir la caravana del Movimiento por la Paz con Justicia y Dignidad; ese a\u00f1o recibi\u00f3 el Premio Nacional Carlos Montemayor, en memoria del escritor a quien apoy\u00f3 en la lucha contra la explotaci\u00f3n de agua y metales en la entidad.<\/p>\n<p>La activista form\u00f3 parte, entre 1994 y 1998, de la Comisi\u00f3n Nacional de Intermediaci\u00f3n, creada para interceder entre el EZLN y el gobierno, junto con personajes como Samuel Ruiz, Pablo Gonz\u00e1lez Casanova, Juana Garc\u00eda Robles, Juan Ba\u00f1uelos, \u00d3scar Oliva, Alberto Sz\u00e9kely y Raymundo S\u00e1nchez Barraza.<\/p>\n<p>En marzo pasado, la Loter\u00eda Nacional le rindi\u00f3 un homenaje con la emisi\u00f3n del billete del Sorteo Mayor n\u00famero 3878, para conmemorar el 105 aniversario de su nacimiento.<\/p>\n<p>Resalt\u00f3 que durante toda su vida mantuvo su compromiso con las causas sociales; destac\u00f3 su continua lucha por la democracia con un desinteresado servicio a favor de la sociedad.<\/p>\n<p>Tambi\u00e9n ese mes, acudi\u00f3 al homenaje luctuoso de su esposo, Salvador Nava Mart\u00ednez, en la Plaza de la Democracia de la capital potosina; fue una de sus \u00faltimas apariciones p\u00fablicas.<\/p>\n<p>Recibi\u00f3 diversos reconocimientos por su lucha social, incluso en revistas del extranjero, entre ellas\u00a0<em>Newsweek,\u00a0<\/em>que la incluy\u00f3 en su lista de las l\u00edderes civilistas m\u00e1s longevas del mundo. Fue considerada aspirante a recibir la medalla Belisario Dom\u00ednguez, que otorga el Senado de la Rep\u00fablica.<\/p>\n<p><q>Era muy activa desde la primera vez que el doctor Nava fue presidente municipal, al derrotar al sistema pol\u00edtico de la \u00e9poca y ganar la elecci\u00f3n capitalina por muy amplia mayor\u00eda<\/q>, record\u00f3 Eduardo Mart\u00ednez Benavente, ex integrante del Consejo de Directores del Frente C\u00edvico Potosino, cercano al movimiento navista.<\/p>\n<p>Record\u00f3 que Conchita retom\u00f3 la Marcha por la Dignidad que encabez\u00f3 un a\u00f1o atr\u00e1s Salvador Nava, para terminar de afinar las reformas legales que condujeron a la ciudadanizaci\u00f3n de los organismos electorales.<\/p>\n<p><q>Hay que volver a despertar los anhelos de una verdadera democracia y, como escuch\u00e9 decir a nuestros hermanos ind\u00edgenas, no perder la esperanza porque vendr\u00e1 un nuevo amanecer<\/q>, expres\u00f3 cuando acudi\u00f3 con sus hijos a donar el archivo y la biblioteca personal de Salvador Nava Mart\u00ednez a la Universidad Aut\u00f3noma de San Luis Potos\u00ed.<\/p>\n<\/div>\n<\/div>\n<div class=\"go gui\">\n<div class=\"go-up\"><\/div>\n<\/div>\n<\/div>\n<div id=\"taboola-below-content-thumbnails\" class=\" trc_related_container trc_spotlight_widget tbl-feed-container tbl-feed-frame-DIVIDER  render-late-effect\" data-feed-container-num=\"1\" data-feed-main-container-id=\"taboola-below-content-thumbnails\" data-parent-placement-name=\"Below Content Thumbnails\" data-pub-lang=\"es\">\n<div class=\" tbl-feed-header tbl-logo-right-position\">\n<div class=\"tbl-feed-header-logo\"><\/div>\n<\/div>\n<\/div>\n","protected":false},"excerpt":{"rendered":"<p>Promovi\u00f3 derechos electorales Muri\u00f3 a los 105 a\u00f1os la activista potosina Conchita Calvillo Alonso Particip\u00f3 en la defensa de causas sociales y en negociaciones entre el gobierno y el movimiento zapatista La luchadora social Concepci\u00f3n Calvillo, Vicente Ju\u00e1rez La Jornada San Luis Potos\u00ed, SLP., Concepci\u00f3n Calvillo Alonso, una de las mujeres pilares en la lucha [&hellip;]<\/p>\n","protected":false},"author":249,"featured_media":32227,"comment_status":"open","ping_status":"closed","sticky":false,"template":"","format":"standard","meta":{"footnotes":""},"categories":[26],"tags":[],"class_list":["post-32226","post","type-post","status-publish","format-standard","has-post-thumbnail","hentry","category-mundo"],"_links":{"self":[{"href":"https:\/\/eloficiodehistoriar.com.mx\/index.php?rest_route=\/wp\/v2\/posts\/32226","targetHints":{"allow":["GET"]}}],"collection":[{"href":"https:\/\/eloficiodehistoriar.com.mx\/index.php?rest_route=\/wp\/v2\/posts"}],"about":[{"href":"https:\/\/eloficiodehistoriar.com.mx\/index.php?rest_route=\/wp\/v2\/types\/post"}],"author":[{"embeddable":true,"href":"https:\/\/eloficiodehistoriar.com.mx\/index.php?rest_route=\/wp\/v2\/users\/249"}],"replies":[{"embeddable":true,"href":"https:\/\/eloficiodehistoriar.com.mx\/index.php?rest_route=%2Fwp%2Fv2%2Fcomments&post=32226"}],"version-history":[{"count":1,"href":"https:\/\/eloficiodehistoriar.com.mx\/index.php?rest_route=\/wp\/v2\/posts\/32226\/revisions"}],"predecessor-version":[{"id":32228,"href":"https:\/\/eloficiodehistoriar.com.mx\/index.php?rest_route=\/wp\/v2\/posts\/32226\/revisions\/32228"}],"wp:featuredmedia":[{"embeddable":true,"href":"https:\/\/eloficiodehistoriar.com.mx\/index.php?rest_route=\/wp\/v2\/media\/32227"}],"wp:attachment":[{"href":"https:\/\/eloficiodehistoriar.com.mx\/index.php?rest_route=%2Fwp%2Fv2%2Fmedia&parent=32226"}],"wp:term":[{"taxonomy":"category","embeddable":true,"href":"https:\/\/eloficiodehistoriar.com.mx\/index.php?rest_route=%2Fwp%2Fv2%2Fcategories&post=32226"},{"taxonomy":"post_tag","embeddable":true,"href":"https:\/\/eloficiodehistoriar.com.mx\/index.php?rest_route=%2Fwp%2Fv2%2Ftags&post=32226"}],"curies":[{"name":"wp","href":"https:\/\/api.w.org\/{rel}","templated":true}]}}