{"id":32229,"date":"2023-05-08T11:53:31","date_gmt":"2023-05-08T17:53:31","guid":{"rendered":"https:\/\/eloficiodehistoriar.com.mx\/?p=32229"},"modified":"2023-05-08T11:53:31","modified_gmt":"2023-05-08T17:53:31","slug":"con-mascaras-y-sin-palabras-se-desarrolla-los-olvidados-una-tragedia-para-jovenes-audiencias","status":"publish","type":"post","link":"https:\/\/eloficiodehistoriar.com.mx\/?p=32229","title":{"rendered":"Con m\u00e1scaras y sin palabras se desarrolla\u00a0\u00abLos olvidados: Una tragedia para j\u00f3venes audiencias\u00bb"},"content":{"rendered":"<div id=\"article-cont\" class=\"main-cont article-cont actuality\">\n<div class=\"cabeza\"><em>Los olvidados&#8230;,<\/em>\u00a0<q>desde una partitura esc\u00e9nica silente<\/q>, aborda historias desgarradoras<\/div>\n<div class=\"sumarios\">\n<p>Basada en el guion de Luis Bu\u00f1uel, la obra realiza temporada en el Teatro Orientaci\u00f3n del Centro Cultural del Bosque<\/p>\n<\/div>\n<div id=\"article-text\" class=\"text\">\n<div class=\"foto\">\n<div class=\"pie-foto\">Buscamos despertar en los j\u00f3venes aprecio por el cine nacional, afirma Asur Z\u00e1gada, codirectora del montaje.<\/div>\n<div><\/div>\n<\/div>\n<div class=\"col col1\">\n<div class=\"credito-autor\">Ana M\u00f3nica Rodr\u00edguez<\/div>\n<div class=\"credito-titulo\"><\/div>\n<div class=\"hemero\">La Jornada<\/p>\n<\/div>\n<p class=\"s-s\">Con m\u00e1scaras y sin palabras se desarrolla\u00a0<em>Los olvidados: Una tragedia para j\u00f3venes audiencias,<\/em>\u00a0que es un retrato silencioso de ni\u00f1os que buscan\u00a0<q>un lugar donde tomar existencia y manifestarse en el mundo, lo cual une sus desgarradoras historias<\/q>.<\/p>\n<p>El montaje, dirigido por Quy Lan Lachino y Asur Z\u00e1gada, basado en el guion cinematogr\u00e1fico\u00a0<em>Los olvidados,<\/em>\u00a0de Luis Bu\u00f1uel, inici\u00f3 temporada este fin de semana en el Teatro Orientaci\u00f3n del Centro Cultural del Bosque.<\/p>\n<p>Con sonidos cotidianos, m\u00fasica y una escenograf\u00eda que remite a rincones olvidados de la urbe,\u00a0<q>se narra desde una partitura esc\u00e9nica silente<\/q>, la historia de chicos nacidos en medio de la pobreza que quedan unidos por un crimen y en una infructuosa b\u00fasqueda por un lugar al cual pertenecer y volver a ser ni\u00f1os.<\/p>\n<p>Asur Z\u00e1gada, tambi\u00e9n adaptadora y actriz, se refiri\u00f3 al teatro de m\u00e1scaras. Se\u00f1al\u00f3: \u201cEn el proceso creativo descubrimos que la nobleza y generosidad de la m\u00e1scara silenciosa no requiere de un discurso racional que, a veces, pudiera parecer moralista o aleccionador; sin embargo, \u00e9sta nos ofrece una forma para entrar a lugares del cuerpo donde hay palabras para expresar lo que sucede.<\/p>\n<p><q>La m\u00fasica es parte de la interioridad de los personajes, de entrar a un universo poco palpable sobre todo trat\u00e1ndose de papeles que, generalmente, en la sociedad est\u00e1n invisibilizados. Es decir, tanto las m\u00e1scaras como la m\u00fasica tienen que ver con el alma, sufrimientos, decisiones, la voluntad de seguir existiendo y de salir adelante<\/q>\u00a0de los seres que aparecen en la trama, sostuvo.<\/p>\n<p>En escena aparecen 12 personajes, de los cuales sobresalen los cuatro protagonistas\u00a0<q>que tambi\u00e9n lo son en el guion de Luis Bu\u00f1uel; tratamos de ser fieles a la investigaci\u00f3n que realiz\u00f3 el cineasta, pues indag\u00f3 en los separos y registr\u00f3 casos reales de delincuencia juvenil<\/q>.<\/p>\n<p class=\"sumario\"><em>Ojitos<\/em>, Pedro,\u00a0<em>El Jaibo<\/em>\u00a0y Meche<\/p>\n<p class=\"s-s\">En ese sentido \u201cnosotros le dimos protagonismo a las historias de ni\u00f1os como\u00a0<em>Ojitos,<\/em>\u00a0Pedro,\u00a0<em>El Jaibo<\/em>\u00a0y Meche, quienes tienen la condici\u00f3n de estar en el l\u00edmite de la ni\u00f1ez perdida y una adultez confusa y complicada; incluso, ante la carencia de una figura materna o paterna buscan con gente extra\u00f1a un lugar o refugio, pero no siempre son guiados con rectitud y respeto, sino al contrario, reciben abusos y son esclavizados para trabajar\u201d.<\/p>\n<\/div>\n<div class=\"col col2\">\n<p>Subray\u00f3:\u00a0<q>Exponemos estos temas para visibilizar problem\u00e1ticas ante las j\u00f3venes audiencias; lo cierto es que tratamos de ser fieles a la investigaci\u00f3n de Bu\u00f1uel y a la que tambi\u00e9n nosotros hicimos durante un a\u00f1o para recopilar im\u00e1genes, testimonios y videos, incluso parte del dise\u00f1o sonoro es m\u00fasica que llamamos enlatada, pues son extractos tomados de los sonidos reales de la ciudad<\/q>.<\/p>\n<p>Otro de los aspectos, destac\u00f3 Asur Z\u00e1gada, es que en la compa\u00f1\u00eda\u00a0<q>aunque somos actores de teatro, tenemos un pie metido en el mundo cinematogr\u00e1fico y buscamos generar entre las nuevas generaciones, de 12 a 17 a\u00f1os, el aprecio por el acervo f\u00edlmico nacional<\/q>.<\/p>\n<p>El reparto, integrado por Lan Lachino, Z\u00e1gada, adem\u00e1s de Carlos L\u00f3pez Tavera, Frida Mar\u00eda, Rosaura P\u00e9rez Sanz y Abigail Pulido, no busca ofrecer\u00a0<q>un discurso moralista ni aleccionador, porque pensamos que la po\u00e9tica y el arte, tanto de la m\u00e1scara como del silencio es m\u00e1s poderosa en estos casos y problem\u00e1ticas<\/q>.<\/p>\n<p>Para la obra, que se estren\u00f3 en el Centro Dram\u00e1tico de Michoac\u00e1n y en el teatro Sergio Maga\u00f1a en 2019, los actores elaboraron las m\u00e1scaras con la t\u00e9cnica de cartoner\u00eda. \u201cHicimos una escultura sobre barro fresco, el cual despu\u00e9s sirve para sacar un molde negativo de yeso \u2013como si se hiciera una pi\u00f1ata\u2013 y al final, utilizamos puro material org\u00e1nico y textil. De hecho, toda nuestra obra est\u00e1 hecha a mano y con el coraz\u00f3n\u201d.<\/p>\n<p><em>Los olvidados:<\/em>\u00a0<em>Una tragedia para j\u00f3venes audiencias<\/em>\u00a0tendr\u00e1 funciones s\u00e1bados y domingos a las 18 horas en el Teatro Orientaci\u00f3n Luisa Josefina Hern\u00e1ndez del Centro Cultural del Bosque, ubicado junto al Auditorio Nacional.<\/p>\n<\/div>\n<\/div>\n<div class=\"go gui\">\n<div class=\"go-up\"><\/div>\n<\/div>\n<\/div>\n<div id=\"taboola-below-content-thumbnails\" class=\" trc_related_container trc_spotlight_widget tbl-feed-container tbl-feed-frame-DIVIDER  render-late-effect\" data-feed-container-num=\"1\" data-feed-main-container-id=\"taboola-below-content-thumbnails\" data-parent-placement-name=\"Below Content Thumbnails\" data-pub-lang=\"es\">\n<div class=\" tbl-feed-header tbl-logo-right-position\">\n<div class=\"tbl-feed-header-logo\"><\/div>\n<\/div>\n<\/div>\n","protected":false},"excerpt":{"rendered":"<p>Los olvidados&#8230;,\u00a0desde una partitura esc\u00e9nica silente, aborda historias desgarradoras Basada en el guion de Luis Bu\u00f1uel, la obra realiza temporada en el Teatro Orientaci\u00f3n del Centro Cultural del Bosque Buscamos despertar en los j\u00f3venes aprecio por el cine nacional, afirma Asur Z\u00e1gada, codirectora del montaje. Ana M\u00f3nica Rodr\u00edguez La Jornada Con m\u00e1scaras y sin palabras [&hellip;]<\/p>\n","protected":false},"author":249,"featured_media":32230,"comment_status":"open","ping_status":"closed","sticky":false,"template":"","format":"standard","meta":{"footnotes":""},"categories":[26],"tags":[],"class_list":["post-32229","post","type-post","status-publish","format-standard","has-post-thumbnail","hentry","category-mundo"],"_links":{"self":[{"href":"https:\/\/eloficiodehistoriar.com.mx\/index.php?rest_route=\/wp\/v2\/posts\/32229","targetHints":{"allow":["GET"]}}],"collection":[{"href":"https:\/\/eloficiodehistoriar.com.mx\/index.php?rest_route=\/wp\/v2\/posts"}],"about":[{"href":"https:\/\/eloficiodehistoriar.com.mx\/index.php?rest_route=\/wp\/v2\/types\/post"}],"author":[{"embeddable":true,"href":"https:\/\/eloficiodehistoriar.com.mx\/index.php?rest_route=\/wp\/v2\/users\/249"}],"replies":[{"embeddable":true,"href":"https:\/\/eloficiodehistoriar.com.mx\/index.php?rest_route=%2Fwp%2Fv2%2Fcomments&post=32229"}],"version-history":[{"count":1,"href":"https:\/\/eloficiodehistoriar.com.mx\/index.php?rest_route=\/wp\/v2\/posts\/32229\/revisions"}],"predecessor-version":[{"id":32231,"href":"https:\/\/eloficiodehistoriar.com.mx\/index.php?rest_route=\/wp\/v2\/posts\/32229\/revisions\/32231"}],"wp:featuredmedia":[{"embeddable":true,"href":"https:\/\/eloficiodehistoriar.com.mx\/index.php?rest_route=\/wp\/v2\/media\/32230"}],"wp:attachment":[{"href":"https:\/\/eloficiodehistoriar.com.mx\/index.php?rest_route=%2Fwp%2Fv2%2Fmedia&parent=32229"}],"wp:term":[{"taxonomy":"category","embeddable":true,"href":"https:\/\/eloficiodehistoriar.com.mx\/index.php?rest_route=%2Fwp%2Fv2%2Fcategories&post=32229"},{"taxonomy":"post_tag","embeddable":true,"href":"https:\/\/eloficiodehistoriar.com.mx\/index.php?rest_route=%2Fwp%2Fv2%2Ftags&post=32229"}],"curies":[{"name":"wp","href":"https:\/\/api.w.org\/{rel}","templated":true}]}}