{"id":32244,"date":"2023-05-09T11:58:05","date_gmt":"2023-05-09T17:58:05","guid":{"rendered":"https:\/\/eloficiodehistoriar.com.mx\/?p=32244"},"modified":"2023-05-09T11:58:05","modified_gmt":"2023-05-09T17:58:05","slug":"estoy-en-deuda-con-mi-padre-por-vivir-pero-con-mi-maestro-por-vivir-bien-alejandro-magno","status":"publish","type":"post","link":"https:\/\/eloficiodehistoriar.com.mx\/?p=32244","title":{"rendered":"Estoy en deuda con mi padre por vivir, pero con mi maestro por vivir bien (Alejandro Magno)"},"content":{"rendered":"<div class=\"story-header\">\n<h1 class=\"headline\">D\u00eda del Maestro: 5 frases y poemas cortos y bonitos para dedicarle el 15 de mayo<\/h1>\n<div class=\"story-subheadline\">Las mejores frases y poemas cortos para dedicarle a tu profesor el 15 de mayo por el D\u00eda del Maestro<\/div>\n<div class=\"main-image-container\">\n<div class=\"image-metadata\"><strong class=\"image__caption\">D\u00cdA DEL MAESTRO: 5 FRASES Y POEMAS<\/strong><\/div>\n<div><\/div>\n<div class=\"image-metadata\"><\/div>\n<\/div>\n<\/div>\n<div class=\"feed-thirds\">\n<div class=\"feed-thirds__item story-body\">\n<div class=\"credits\">\n<div class=\"credits__author\">Por\u00a0<a class=\"headline__link\" href=\"https:\/\/www.sdpnoticias.com\/autor\/sonia-meneses\/\">Sonia Meneses<\/a><\/div>\n<\/div>\n<article class=\"article-body\">\n<p class=\"default__StyledText-sc-1x318ic-0 bRircF\">En M\u00e9xico desde 1918, el d\u00eda<b>\u00a015 de mayo se celebra el\u00a0<\/b><a href=\"https:\/\/www.sdpnoticias.com\/estados\/edomex\/hay-clases-en-el-estado-de-mexico-el-10-de-mayo-y-el-dia-del-maestro-esto-dice-el-gobierno\/\" target=\"_blank\" rel=\"noopener\"><b>D\u00eda del Maestro\u00a0<\/b><\/a>para reconocer la labor de los docentes que forman al pa\u00eds.<\/p>\n<p class=\"default__StyledText-sc-1x318ic-0 bRircF\">La conmemoraci\u00f3n del D\u00eda del Maestro en varias escuelas de distintos niveles se celebra con un feriado, es decir la suspensi\u00f3n de clases.<\/p>\n<p class=\"default__StyledText-sc-1x318ic-0 bRircF\">Sin embargo, en ocasiones hay maestros los cuales ameritan m\u00e1s, aqu\u00ed te dejamos\u00a0<b>5 frases y poemas cortos\u00a0<\/b>y bonitos para dedicarle el 15 de mayo.<\/p>\n<div class=\"ad_feature\">\n<div class=\"ad_container\">\n<div id=\"sdp-ad-nsdp-nota-interno-f0fTIhVCn2YR32y-12322b9f111b19\" class=\"ad-300x250\" data-google-query-id=\"CJPmu-jl6P4CFcwIswAd3uEJ6w\">\n<div id=\"google_ads_iframe_\/1006268\/nsdp-nota-interno_0__container__\"><\/div>\n<\/div>\n<div class=\"lazy-ad entered\" data-ad-config=\"{&quot;id&quot;:&quot;sdp-ad-nsdp-nota-interno-f0fTIhVCn2YR32y-12322b9f111b19&quot;,&quot;slotName&quot;:&quot;nsdp-nota-interno&quot;,&quot;dimensions&quot;:[[300,250],[300,250],[300,250]],&quot;sizemap&quot;:{&quot;breakpoints&quot;:[[1200,0],[768,0],[0,0]],&quot;refresh&quot;:true},&quot;targeting&quot;:{&quot;seccion&quot;:&quot;estilo-de-vida&quot;,&quot;pageType&quot;:&quot;article&quot;,&quot;env&quot;:&quot;sdpnoticias&quot;}}\" data-ll-status=\"entered\"><\/div>\n<\/div>\n<\/div>\n<h2 class=\"heading__StyledHeading-sc-14htiis-0 brJAZw\">Frases y poemas cortos y bonitos para dedicar el 15 de mayo, D\u00eda del Maestro<\/h2>\n<p class=\"default__StyledText-sc-1x318ic-0 bRircF\">En 1917, Venustiano Carranza firm\u00f3 el decreto para instituir el 15 de mayo como la fecha oficial para celebrar a los educadores en M\u00e9xico, el\u00a0<b>D\u00eda del Maestro<\/b>.<\/p>\n<p class=\"default__StyledText-sc-1x318ic-0 bRircF\">Por lo que en M\u00e9xico, desde 1918, el d\u00eda\u00a0<b>15 de mayo<\/b>\u00a0se reconoce la labor de todos los maestros quienes son los encargados de formar a todos los ciudadanos.<\/p>\n<p class=\"default__StyledText-sc-1x318ic-0 bRircF\">Con motivos de la conmemoraci\u00f3n, de manera oficial, habr\u00e1 suspensi\u00f3n de clases.<\/p>\n<figure><figcaption>\n<div class=\"image-metadata\"><strong class=\"image__caption\">ESCRITORIO DE UN MAESTRO\u00a0<\/strong>(PIXABAY)<\/div>\n<\/figcaption><\/figure>\n<p class=\"default__StyledText-sc-1x318ic-0 bRircF\">Sin embargo, si quieres celebrar a tu maestro de otra manera, te dejamos 5\u00a0<b>frases y poemas cortos y bonitos<\/b>\u00a0para dedicarle el 15 de mayo:<\/p>\n<h2 class=\"heading__StyledHeading-sc-14htiis-0 brJAZw\">5 frases cortos y bonitos para dedicar el 15 de mayo, D\u00eda del Maestro<\/h2>\n<ol class=\"list__StyledOrderedList-sc-1r0k0z3-1 brZvfd\">\n<li class=\"list__StyledListItem-sc-1r0k0z3-0 jjxqvO\">Estoy en deuda con mi padre por vivir, pero con mi maestro por vivir bien (Alejandro Magno)<\/li>\n<li class=\"list__StyledListItem-sc-1r0k0z3-0 jjxqvO\">Mejor que mil d\u00edas de estudio diligente es un d\u00eda con un gran maestro (Proverbio japon\u00e9s)<\/li>\n<li class=\"list__StyledListItem-sc-1r0k0z3-0 jjxqvO\">Aquellos que educan bien a los ni\u00f1os merecen recibir m\u00e1s honores que sus propios padres, porque aquellos solo les dieron vida, estos el arte de vivir bien (Arist\u00f3teles)<\/li>\n<li class=\"list__StyledListItem-sc-1r0k0z3-0 jjxqvO\">La mayor\u00eda de nosotros no tenemos m\u00e1s de cinco o seis personas que nos recuerden. Los maestros tienen miles de personas que les recuerdan por el resto de sus vidas (Andy Rooney)<\/li>\n<li class=\"list__StyledListItem-sc-1r0k0z3-0 jjxqvO\">Maestro es aqu\u00e9l que forja la inteligencia y la voluntad que hace que surja la obra maestra que existe en cada uno de sus alumnos (Miguel \u00c1ngel Cornejo)<\/li>\n<\/ol>\n<figure><figcaption>\n<div class=\"image-metadata\"><strong class=\"image__caption\">INTENTA ENGA\u00d1AR A SU MAESTRA PONIENDO PALABRAS EN BLANCO\u00a0<\/strong><\/div>\n<\/figcaption><\/figure>\n<h2 class=\"heading__StyledHeading-sc-14htiis-0 brJAZw\">5 poemas cortos y bonitos para dedicar el 15 de mayo, D\u00eda del Maestro<\/h2>\n<ol class=\"list__StyledOrderedList-sc-1r0k0z3-1 brZvfd\">\n<li class=\"list__StyledListItem-sc-1r0k0z3-0 jjxqvO\">Ense\u00f1ar\u00e1s a volar, pero no volar\u00e1n tu vuelo. Ense\u00f1ar\u00e1s a so\u00f1ar, pero no soltar\u00e1n tu sue\u00f1o. Ense\u00f1ar\u00e1s a vivir, pero no vivir\u00e1n tu vida. Sin embargo\u2026en cada vuelo, en cada sue\u00f1o, perdurar\u00e1 siempre la huella del camino ense\u00f1ado. (Madre Teresa de Calcuta)<\/li>\n<li class=\"list__StyledListItem-sc-1r0k0z3-0 jjxqvO\">Usted jam\u00e1s va a saberlo y es apenas una frase: \u00bfC\u00f3mo escribir que la quiero en un cuaderno de clase? Usted nunca va a enterarse. Es ancha esta pena m\u00eda\u2026 \u00bfC\u00f3mo contarle mi amor con faltas de ortograf\u00eda? Usted pondr\u00e1 \u201cinsuficiente\u201d a su alumno enamorado, pues por volverla a tener voy a repetir el grado. (Elsa Bornemann)<\/li>\n<li class=\"list__StyledListItem-sc-1r0k0z3-0 jjxqvO\">Tan inmensa es tu transmisi\u00f3n, tan vasta tu sabidur\u00eda, que la simple palabra, maestro \u00a1no basta! Cu\u00e1nto me ense\u00f1as, cuando me dices \u00a1no me llames maestro! T\u00fa eres tu propio maestro (Mar\u00eda Eugenia)<\/li>\n<li class=\"list__StyledListItem-sc-1r0k0z3-0 jjxqvO\">La educaci\u00f3n de los ni\u00f1os es la base primordial, si un \u00e1rbol crece derecho de mayor seguir\u00e1 iguales la labor del maestro \u00a1es su misi\u00f3n principal! (Teresita V\u00e1zquez)<\/li>\n<li class=\"list__StyledListItem-sc-1r0k0z3-0 jjxqvO\">Me diste parte de tu intelecto. Parte de tu valioso tiempo. Confiaste en mi aprendizaje. C\u00f3mo a ti pagarte. Hoy, en tu d\u00eda te recuerdo. Mi querido Maestro (An\u00f3nimo)<\/li>\n<\/ol>\n<\/article>\n<\/div>\n<\/div>\n","protected":false},"excerpt":{"rendered":"<p>D\u00eda del Maestro: 5 frases y poemas cortos y bonitos para dedicarle el 15 de mayo Las mejores frases y poemas cortos para dedicarle a tu profesor el 15 de mayo por el D\u00eda del Maestro D\u00cdA DEL MAESTRO: 5 FRASES Y POEMAS Por\u00a0Sonia Meneses En M\u00e9xico desde 1918, el d\u00eda\u00a015 de mayo se celebra [&hellip;]<\/p>\n","protected":false},"author":249,"featured_media":32245,"comment_status":"open","ping_status":"closed","sticky":false,"template":"","format":"standard","meta":{"footnotes":""},"categories":[26],"tags":[],"class_list":["post-32244","post","type-post","status-publish","format-standard","has-post-thumbnail","hentry","category-mundo"],"_links":{"self":[{"href":"https:\/\/eloficiodehistoriar.com.mx\/index.php?rest_route=\/wp\/v2\/posts\/32244","targetHints":{"allow":["GET"]}}],"collection":[{"href":"https:\/\/eloficiodehistoriar.com.mx\/index.php?rest_route=\/wp\/v2\/posts"}],"about":[{"href":"https:\/\/eloficiodehistoriar.com.mx\/index.php?rest_route=\/wp\/v2\/types\/post"}],"author":[{"embeddable":true,"href":"https:\/\/eloficiodehistoriar.com.mx\/index.php?rest_route=\/wp\/v2\/users\/249"}],"replies":[{"embeddable":true,"href":"https:\/\/eloficiodehistoriar.com.mx\/index.php?rest_route=%2Fwp%2Fv2%2Fcomments&post=32244"}],"version-history":[{"count":1,"href":"https:\/\/eloficiodehistoriar.com.mx\/index.php?rest_route=\/wp\/v2\/posts\/32244\/revisions"}],"predecessor-version":[{"id":32246,"href":"https:\/\/eloficiodehistoriar.com.mx\/index.php?rest_route=\/wp\/v2\/posts\/32244\/revisions\/32246"}],"wp:featuredmedia":[{"embeddable":true,"href":"https:\/\/eloficiodehistoriar.com.mx\/index.php?rest_route=\/wp\/v2\/media\/32245"}],"wp:attachment":[{"href":"https:\/\/eloficiodehistoriar.com.mx\/index.php?rest_route=%2Fwp%2Fv2%2Fmedia&parent=32244"}],"wp:term":[{"taxonomy":"category","embeddable":true,"href":"https:\/\/eloficiodehistoriar.com.mx\/index.php?rest_route=%2Fwp%2Fv2%2Fcategories&post=32244"},{"taxonomy":"post_tag","embeddable":true,"href":"https:\/\/eloficiodehistoriar.com.mx\/index.php?rest_route=%2Fwp%2Fv2%2Ftags&post=32244"}],"curies":[{"name":"wp","href":"https:\/\/api.w.org\/{rel}","templated":true}]}}