{"id":32288,"date":"2023-05-13T11:31:43","date_gmt":"2023-05-13T17:31:43","guid":{"rendered":"https:\/\/eloficiodehistoriar.com.mx\/?p=32288"},"modified":"2023-05-13T11:31:43","modified_gmt":"2023-05-13T17:31:43","slug":"eduardo-garcia-barrios-hizo-vibrar-el-conservatorio-chaikovski-con-la-noche-de-los-mayas-de-revueltas","status":"publish","type":"post","link":"https:\/\/eloficiodehistoriar.com.mx\/?p=32288","title":{"rendered":"Eduardo Garc\u00eda Barrios hizo vibrar el Conservatorio Chaikovski con\u00a0La noche de los mayas,\u00a0de Revueltas"},"content":{"rendered":"<div id=\"article-cont\" class=\"main-cont article-cont actuality\">\n<div class=\"cabeza\">La m\u00fasica ind\u00edgena se alz\u00f3 en Mosc\u00fa como parte de las expresiones art\u00edsticas universales<\/div>\n<div class=\"sumarios\">\n<p>Eduardo Garc\u00eda Barrios hizo vibrar el Conservatorio Chaikovski con\u00a0<em>La noche de los mayas,\u00a0<\/em>de Revueltas<\/p>\n<p>Se mostr\u00f3 que <q>los instrumentos prehisp\u00e1nicos no son piezas de museo<\/q>, refiri\u00f3 el director en entrevista<\/p>\n<\/div>\n<div id=\"article-text\" class=\"text tbl-forkorts-article\">\n<div class=\"foto\">\n<div class=\"pie-foto\">Juan Pablo Duch<\/div>\n<\/div>\n<div class=\"col\">\n<div class=\"credito-titulo\"><\/div>\n<div class=\"hemero\">La Jornada<\/p>\n<\/div>\n<p class=\"s-s\">Mosc\u00fa.<\/p>\n<p class=\"s-s\">Con la vehemencia que s\u00f3lo puede dar el leg\u00edtimo orgullo de haber hecho vibrar esta semana al p\u00fablico en una de las salas m\u00e1s importantes del mundo, el Conservatorio Chaikovski de Mosc\u00fa, el maestro Eduardo Garc\u00eda Barrios no oculta su satisfacci\u00f3n por haber mostrado aqu\u00ed que los instrumentos prehisp\u00e1nicos que se escucharon en su versi\u00f3n de\u00a0<em>La noche de los mayas,\u00a0<\/em>de Silvestre Revueltas, y en otras piezas del concierto,\u00a0<q>est\u00e1n vivos, no son piezas de museo y, por tanto, forman parte de la riqueza de las expresiones art\u00edsticas universales<\/q>.<\/p>\n<p>Garc\u00eda Barrios comparte con\u00a0<em>La Jornada\u00a0<\/em>la emoci\u00f3n doble de haber conducido la Orquesta Sinf\u00f3nica del Conservatorio\u00a0<q>en esa sala de ac\u00fastica prodigiosa y tanta historia, a la que muchas veces asist\u00ed en los a\u00f1os que estudi\u00e9 aqu\u00ed direcci\u00f3n de orquesta<\/q>, a finales de los a\u00f1os ochenta, y de tocar a Revueltas en Rusia con el Ensamble de Instrumentos de Percusi\u00f3n de la Orquesta Escuela Carlos Ch\u00e1vez, de la cual es director acad\u00e9mico y art\u00edstico, integrado, subraya, por ocho\u00a0<q>j\u00f3venes artistas en formaci\u00f3n<\/q>\u00a0y su maestro, Roberto Serquera, que lo acompa\u00f1a en esta gira de intenso trabajo.<\/p>\n<p>Recuerda que en aquellos tiempos de agon\u00eda del sistema sovi\u00e9tico, hace ya m\u00e1s de 30 y tantos a\u00f1os,\u00a0<q>convoqu\u00e9 a mis amigos rusos a formar un conjunto de c\u00e1mara, que llamamos Sinfonietta de Mosc\u00fa, y nos divertimos dando a conocer la obra de Revueltas y de otros cl\u00e1sicos mexicanos<\/q>, cuyo trabajo, por una extra\u00f1a raz\u00f3n, era pr\u00e1cticamente desconocido en la Uni\u00f3n Sovi\u00e9tica, al grado de que muchas de las partituras tuvieron que ser enviadas desde M\u00e9xico por\u2026 valija diplom\u00e1tica.<\/p>\n<p>Ahora, al inaugurar la 21 edici\u00f3n del Festival Internacional M\u00fasica del Universo, Garc\u00eda Barrios present\u00f3, por primera vez en este pa\u00eds,\u00a0<em>La noche de los mayas,<\/em>\u00a0de Revueltas y, describe, la orquesta\u00a0<q>literalmente se prendi\u00f3<\/q>, y el p\u00fablico\u00a0<q>tuvo una respuesta incre\u00edble<\/q>.<\/p>\n<p>Todos los asistentes al concierto en la Sala Grande del Conservatorio Chaikovski, en su opini\u00f3n y por los comentarios que le hicieron llegar, pudieron sentir el impacto de lo mexicano a trav\u00e9s de la m\u00fasica de Revueltas, quien supo\u00a0<q>mostrar un pa\u00eds, tal cual es, lleno de contrastes, contradicciones, luz, oscuridad, alegr\u00eda, magia, tradiciones antiqu\u00edsimas<\/q>, todo lo que hace que su obra sea contempor\u00e1nea.<\/p>\n<p>Aclara: \u201cLa obra de Revueltas tiene 83 a\u00f1os y deber\u00eda ser m\u00e1s bien m\u00fasica antigua, pero \u2013suelta una carcajada\u2013, bromas aparte, es innegable la fuerza del modernismo de este gran compositor, dicho sea esto sin detrimento de otros notables autores nacionales\u201d.<\/p>\n<p>La idea de este concierto en el conservatorio surgi\u00f3 a partir de una propuesta del maestro y se convirti\u00f3 en un proyecto colectivo, en el que se sumaron los esfuerzos de muchas instituciones que contribuyeron a hacerlo realidad tanto en M\u00e9xico (la Secretar\u00eda de Cultura federal, el Sistema Nacional de Fomento Musical, la Orquesta Escuela Carlos Ch\u00e1vez) como en Rusia (la embajada de M\u00e9xico y el Conservatorio Chaikovski).<\/p>\n<p>El resultado, basado en la simbiosis de m\u00fasica contempor\u00e1nea con instrumentos ind\u00edgenas prehisp\u00e1nicos de sonido excepcional, conform\u00f3 un todo \u00fanico donde, adem\u00e1s del estreno aqu\u00ed de\u00a0<em>La noche de los mayas,\u00a0<\/em>convivieron una tradicional\u00a0<em>Canci\u00f3n de cuna yaqui\u00a0<\/em>con la\u00a0<em>Tercera Construcci\u00f3n,\u00a0<\/em>de John Cage, o la\u00a0<em>Rapsodia chiapaneca El Grijalva,\u00a0<\/em>de Ren\u00e9 Ruiz Nandayapa con el\u00a0<em>Canto de la serpiente,\u00a0<\/em>de Eckhard Kopetzki, as\u00ed como\u00a0<em>R\u00edtmicas V\u00a0<\/em>(son) y\u00a0<em>VI\u00a0<\/em>(rumba), de Amadeo Rold\u00e1n con\u00a0<em>Como uno,<\/em>\u00a0de Gene Koshinski.<\/p>\n<p>Garc\u00eda Barrios, impulsor del quehacer musical como herramienta para hacer comunidad, considera que es de\u00a0<q>justicia elemental<\/q>\u00a0que los pueblos originarios ejerzan su derecho absoluto a ser parte de la universalidad del arte y, ejemplifica, as\u00ed como un canto totonaca puede emocionar por su belleza a cualquiera que lo escuche, ellos deben poder conocer a Beethoven, Brahms o Stravinsky. Por eso, en calidad de maestro comunitario, tambi\u00e9n se dedica a organizar talleres, conferencias y conciertos en el interior de M\u00e9xico, los cuales \u2013adem\u00e1s\u2013 sirven para detectar ni\u00f1as y ni\u00f1os con vocaci\u00f3n y talento musical.<\/p>\n<p>Al respecto, comenta que el Instituto de Cultura de Cheliabinsk, ciudad rusa ubicada en los Urales, otorg\u00f3 cinco becas para estudiar la carrera de m\u00fasica a participantes del programa de cultura comunitaria.\u00a0<q>Vienen dos ni\u00f1as, por lo pronto, todav\u00eda hay temor en las comunidades a soltar a sus hijos para un viaje tan largo<\/q>, indica.<\/p>\n<p>Dentro de las actividades programadas para este viaje, tambi\u00e9n figuran pl\u00e1ticas sobre instrumentos prehisp\u00e1nicos en varias instituciones de Mosc\u00fa y San Petersburgo, como el Instituto Ruso de Historia del Arte, donde el Ensamble de Instrumentos de Percusi\u00f3n ofrecer\u00e1 un concierto, mientras Garc\u00eda Barrios se desplaza a Cheliabinsk para dirigir a la filarm\u00f3nica de esa ciudad.<\/p>\n<p>\u201cSer\u00e1 un concierto de cl\u00e1sicos mexicanos que nunca se han tocado en Cheliabinsk; estoy hablando de los balses mexicanos, de la\u00a0<em>Sinfon\u00eda india\u00a0<\/em>de Ch\u00e1vez, del\u00a0<em>Sensemay\u00e1\u00a0<\/em>de Revueltas, el\u00a0<em>Danz\u00f3n no. 2\u00a0<\/em>de Arturo M\u00e1rquez, obras comunes para nosotros, pero que para ellos son un mundo por descubrir y, estoy seguro, se van a maravillar.\u201d<\/p>\n<\/div>\n<\/div>\n<div class=\"go gui\">\n<div class=\"go-next\"><\/div>\n<div class=\"go-up\"><\/div>\n<\/div>\n<\/div>\n<div id=\"taboola-below-content-thumbnails\" class=\" trc_related_container trc_spotlight_widget tbl-feed-container tbl-feed-frame-DIVIDER  render-late-effect\" data-feed-container-num=\"1\" data-feed-main-container-id=\"taboola-below-content-thumbnails\" data-parent-placement-name=\"Below Content Thumbnails\" data-pub-lang=\"es\">\n<div class=\" tbl-feed-header tbl-logo-right-position\">\n<div class=\"tbl-feed-header-logo\"><\/div>\n<\/div>\n<\/div>\n","protected":false},"excerpt":{"rendered":"<p>La m\u00fasica ind\u00edgena se alz\u00f3 en Mosc\u00fa como parte de las expresiones art\u00edsticas universales Eduardo Garc\u00eda Barrios hizo vibrar el Conservatorio Chaikovski con\u00a0La noche de los mayas,\u00a0de Revueltas Se mostr\u00f3 que los instrumentos prehisp\u00e1nicos no son piezas de museo, refiri\u00f3 el director en entrevista Juan Pablo Duch La Jornada Mosc\u00fa. Con la vehemencia que s\u00f3lo [&hellip;]<\/p>\n","protected":false},"author":249,"featured_media":32289,"comment_status":"open","ping_status":"closed","sticky":false,"template":"","format":"standard","meta":{"footnotes":""},"categories":[26],"tags":[],"class_list":["post-32288","post","type-post","status-publish","format-standard","has-post-thumbnail","hentry","category-mundo"],"_links":{"self":[{"href":"https:\/\/eloficiodehistoriar.com.mx\/index.php?rest_route=\/wp\/v2\/posts\/32288","targetHints":{"allow":["GET"]}}],"collection":[{"href":"https:\/\/eloficiodehistoriar.com.mx\/index.php?rest_route=\/wp\/v2\/posts"}],"about":[{"href":"https:\/\/eloficiodehistoriar.com.mx\/index.php?rest_route=\/wp\/v2\/types\/post"}],"author":[{"embeddable":true,"href":"https:\/\/eloficiodehistoriar.com.mx\/index.php?rest_route=\/wp\/v2\/users\/249"}],"replies":[{"embeddable":true,"href":"https:\/\/eloficiodehistoriar.com.mx\/index.php?rest_route=%2Fwp%2Fv2%2Fcomments&post=32288"}],"version-history":[{"count":1,"href":"https:\/\/eloficiodehistoriar.com.mx\/index.php?rest_route=\/wp\/v2\/posts\/32288\/revisions"}],"predecessor-version":[{"id":32290,"href":"https:\/\/eloficiodehistoriar.com.mx\/index.php?rest_route=\/wp\/v2\/posts\/32288\/revisions\/32290"}],"wp:featuredmedia":[{"embeddable":true,"href":"https:\/\/eloficiodehistoriar.com.mx\/index.php?rest_route=\/wp\/v2\/media\/32289"}],"wp:attachment":[{"href":"https:\/\/eloficiodehistoriar.com.mx\/index.php?rest_route=%2Fwp%2Fv2%2Fmedia&parent=32288"}],"wp:term":[{"taxonomy":"category","embeddable":true,"href":"https:\/\/eloficiodehistoriar.com.mx\/index.php?rest_route=%2Fwp%2Fv2%2Fcategories&post=32288"},{"taxonomy":"post_tag","embeddable":true,"href":"https:\/\/eloficiodehistoriar.com.mx\/index.php?rest_route=%2Fwp%2Fv2%2Ftags&post=32288"}],"curies":[{"name":"wp","href":"https:\/\/api.w.org\/{rel}","templated":true}]}}