{"id":32310,"date":"2023-05-14T12:56:52","date_gmt":"2023-05-14T18:56:52","guid":{"rendered":"https:\/\/eloficiodehistoriar.com.mx\/?p=32310"},"modified":"2023-05-14T12:56:52","modified_gmt":"2023-05-14T18:56:52","slug":"eusebio-davalos-si-como-pueblo-queremos-personalidad-conozcamos-bien-nuestros-origenes","status":"publish","type":"post","link":"https:\/\/eloficiodehistoriar.com.mx\/?p=32310","title":{"rendered":"Eusebio D\u00e1valos: \u00abSi como pueblo queremos personalidad, conozcamos bien nuestros or\u00edgenes"},"content":{"rendered":"<h3 class=\"main-title left col-md-12\">EUSEBIO D\u00c1VALOS HURTADO. CIVILIZACI\u00d3N, CULTURA Y MEXICANIDAD<\/h3>\n<div class=\"article-content\">\n<div class=\"field field-name-body field-type-text-with-summary field-label-hidden\">\n<div id=\"md1\" class=\"field-items\">\n<div class=\"field-item even\">\n<p>Luz del Carmen D\u00e1valos Murillo<\/p>\n<p><strong>Eusebio D\u00e1valos Hurtado fue un ilustre m\u00e9dico home\u00f3pata y antrop\u00f3logo mexicano que supo valorar nuestra identidad cultural, elemento imprescindible para sentar las bases del orgullo nacional, cimiento de la construcci\u00f3n del M\u00e9xico moderno.<\/strong><\/p>\n<p>&nbsp;<\/p>\n<p align=\"right\">La cultura es el factor principal del progreso, \u00e9ste<\/p>\n<p align=\"right\">jam\u00e1s lo ser\u00e1 realmente si carece de firmes bases<\/p>\n<p align=\"right\">que deben surgir del conocimiento del propio pasado\u201d.<\/p>\n<p align=\"right\">Eusebio D\u00e1valos Hurtado,\u00a0<em>Significado del museo en la cultura<\/em><\/p>\n<p>&nbsp;<\/p>\n<p>Eusebio D\u00e1valos pensaba que:<\/p>\n<p>Si como pueblo queremos forjarnos una personalidad y sentirnos libres de complejos, conozcamos bien nuestros or\u00edgenes y valoremos el papel de nuestros ancestros, pues ello nos har\u00e1 ver lo importante que fue \u00e9ste dentro de la cultura universal y confortados por tal ejemplo, seremos capaces de seguir luchando para el engrandecimiento de la Patria. Conociendo los defectos y virtudes de quienes nos antecedieron podremos normar nuestro futuro sin titubeos, ni ensayos ex\u00f3ticos (D\u00e1valos Hurtado,\u00a0<em>Significado del museo en la cultura,<\/em>\u00a0p. 1).<\/p>\n<p>Nacido en la ciudad de M\u00e9xico el 24 de marzo de 1909, D\u00e1valos Hurtado muri\u00f3 prematuramente, a los 58 a\u00f1os de edad, cuando era director del Instituto Nacional de Antropolog\u00eda e Historia (INAH), en el Centro M\u00e9dico Nacional, ahora Siglo XXI, el 27 de enero de 1968, en esta misma ciudad. Su padre, Crecencio D\u00e1valos Corona, jalisciense, nacido a orillas del Lago de Chapala, ya viudo en el Distrito Federal, cas\u00f3 con Mar\u00eda Leonila Hurtado, hija de los due\u00f1os del almac\u00e9n \u201cLa Colmena\u201d, ubicado en el Z\u00f3calo.<\/p>\n<p>Ingres\u00f3 en la Escuela Nacional de Medicina Homeop\u00e1tica del Instituto Polit\u00e9cnico Nacional y concluy\u00f3 su carrera profesional de m\u00e9dico home\u00f3pata cirujano y partero en 1938. Su tesis, titulada \u201cContribuci\u00f3n al estudio del\u00a0<em>Pyrogenium<\/em>, un producto biol\u00f3gico utilizado en la terap\u00e9utica homeop\u00e1tica\u201d, ha sido reconocida como una aportaci\u00f3n importante al conocimiento de los antibi\u00f3ticos.<\/p>\n<p>En 1944 fue el primer antrop\u00f3logo f\u00edsico graduado y el primero en recibir el grado de maestr\u00eda en ciencias antropol\u00f3gicas por la Universidad Nacional Aut\u00f3noma de M\u00e9xico. Su tesis \u201cLa deformaci\u00f3n craneana entre los tlaltelolcas\u201d recibi\u00f3 una menci\u00f3n honor\u00edfica que incluy\u00f3 su publicaci\u00f3n por el INAH.<\/p>\n<p>Gracias a su inquietud de investigador y a una beca que le fue otorgada por el gobierno de Francia, durante 1945 y 1946 estudi\u00f3 en el Instituto de Etnolog\u00eda de la Universidad de Par\u00eds y en el Mus\u00e9e de l\u2019Homme con el afamado antrop\u00f3logo franc\u00e9s Paul Rivet, en donde colabor\u00f3 como adjunto del \u00e1rea de Antropolog\u00eda F\u00edsica y profundiz\u00f3 en los estudios comparativos sobre deformaciones osteopatol\u00f3gicas. (Paul Rivet, 1876-1958. Etn\u00f3logo franc\u00e9s que dio origen a la teor\u00eda multirracial, seg\u00fan la cual el ser humano sudamericano proceder\u00eda, adem\u00e1s de Asia, de Australia y de la Melanesia. Fundador de un museo de etnolog\u00eda: el Mus\u00e9e de l\u2019Homme, en Par\u00eds, en 1937).<\/p>\n<p>Por su destacada labor y su constante inter\u00e9s desde sus a\u00f1os de formaci\u00f3n como m\u00e9dico, D\u00e1valos Hurtado desempe\u00f1\u00f3 diversos cargos de responsabilidad administrativa y acad\u00e9mica, que fueron desde ayudante de Farmacia en el Hospital Nacional Homeop\u00e1tico, preparador de Laboratorio en la Escuela Nacional de Medicina Homeop\u00e1tica entre 1936 y 1938, hasta subdirector (1943-1947) y director de esta misma escuela en 1950.<\/p>\n<p>La doble profesi\u00f3n de m\u00e9dico y antrop\u00f3logo lo hizo enfocar gran parte de su investigaci\u00f3n al estudio de las manifestaciones de la enfermedad en los huesos y a la forma en que los artistas del pasado representaron estados patol\u00f3gicos, temas sobre los que public\u00f3 varios trabajos, por ejemplo,\u00a0<em>La pl\u00e1stica ind\u00edgena y la patolog\u00eda: huastecos, totonacas y sus vecinos<\/em>\u00a0(1953). La mayor parte de su contribuci\u00f3n cient\u00edfica est\u00e1 reunida en el libro\u00a0<em>Temas de antropolog\u00eda f\u00edsica<\/em>, que edit\u00f3 el INAH en 1965, as\u00ed como en una bibliograf\u00eda recopilada por Jorge Gurr\u00eda Lacroix que aparece en el Bolet\u00edn del INAH, n\u00famero 31, marzo de 1968, y en\u00a0<em>Am\u00e9rica Ind\u00edgena<\/em>, en su n\u00famero de abril de 1968.<\/p>\n<p>&nbsp;<\/p>\n<p>D\u00e1valos Murillo, Luz del Carmen, \u201cEusebio D\u00e1valos Hurtado. Civilizaci\u00f3n, cultura y mexicanidad\u201d,\u00a0<em>Arqueolog\u00eda Mexicana<\/em>\u00a0n\u00fam. 100, pp. 78-83.<\/p>\n<p>&nbsp;<\/p>\n<p><strong>\u2022<\/strong>\u00a0Luz del Carmen D\u00e1valos Murillo. Economista y maestra en educaci\u00f3n por la Universidad An\u00e1huac. Realiza estudios de doctorado en liderazgo y direcci\u00f3n de instituciones de educaci\u00f3n superior en la misma universidad. Ha sido coordinadora acad\u00e9mica de la Licenciatura en Econom\u00eda, directora de Relaciones Acad\u00e9micas, y es directora de la Facultad de Educaci\u00f3n, todo en la misma Universidad An\u00e1huac. Sus \u00e1reas de especialidad son la econom\u00eda de la educaci\u00f3n, las pol\u00edticas p\u00fablicas en educaci\u00f3n y la educaci\u00f3n internacional.<\/p>\n<p>&nbsp;<\/p>\n<\/div>\n<\/div>\n<\/div>\n<\/div>\n","protected":false},"excerpt":{"rendered":"<p>EUSEBIO D\u00c1VALOS HURTADO. CIVILIZACI\u00d3N, CULTURA Y MEXICANIDAD Luz del Carmen D\u00e1valos Murillo Eusebio D\u00e1valos Hurtado fue un ilustre m\u00e9dico home\u00f3pata y antrop\u00f3logo mexicano que supo valorar nuestra identidad cultural, elemento imprescindible para sentar las bases del orgullo nacional, cimiento de la construcci\u00f3n del M\u00e9xico moderno. &nbsp; La cultura es el factor principal del progreso, \u00e9ste [&hellip;]<\/p>\n","protected":false},"author":249,"featured_media":32311,"comment_status":"open","ping_status":"closed","sticky":false,"template":"","format":"standard","meta":{"footnotes":""},"categories":[26],"tags":[],"class_list":["post-32310","post","type-post","status-publish","format-standard","has-post-thumbnail","hentry","category-mundo"],"_links":{"self":[{"href":"https:\/\/eloficiodehistoriar.com.mx\/index.php?rest_route=\/wp\/v2\/posts\/32310","targetHints":{"allow":["GET"]}}],"collection":[{"href":"https:\/\/eloficiodehistoriar.com.mx\/index.php?rest_route=\/wp\/v2\/posts"}],"about":[{"href":"https:\/\/eloficiodehistoriar.com.mx\/index.php?rest_route=\/wp\/v2\/types\/post"}],"author":[{"embeddable":true,"href":"https:\/\/eloficiodehistoriar.com.mx\/index.php?rest_route=\/wp\/v2\/users\/249"}],"replies":[{"embeddable":true,"href":"https:\/\/eloficiodehistoriar.com.mx\/index.php?rest_route=%2Fwp%2Fv2%2Fcomments&post=32310"}],"version-history":[{"count":1,"href":"https:\/\/eloficiodehistoriar.com.mx\/index.php?rest_route=\/wp\/v2\/posts\/32310\/revisions"}],"predecessor-version":[{"id":32312,"href":"https:\/\/eloficiodehistoriar.com.mx\/index.php?rest_route=\/wp\/v2\/posts\/32310\/revisions\/32312"}],"wp:featuredmedia":[{"embeddable":true,"href":"https:\/\/eloficiodehistoriar.com.mx\/index.php?rest_route=\/wp\/v2\/media\/32311"}],"wp:attachment":[{"href":"https:\/\/eloficiodehistoriar.com.mx\/index.php?rest_route=%2Fwp%2Fv2%2Fmedia&parent=32310"}],"wp:term":[{"taxonomy":"category","embeddable":true,"href":"https:\/\/eloficiodehistoriar.com.mx\/index.php?rest_route=%2Fwp%2Fv2%2Fcategories&post=32310"},{"taxonomy":"post_tag","embeddable":true,"href":"https:\/\/eloficiodehistoriar.com.mx\/index.php?rest_route=%2Fwp%2Fv2%2Ftags&post=32310"}],"curies":[{"name":"wp","href":"https:\/\/api.w.org\/{rel}","templated":true}]}}