{"id":32314,"date":"2023-05-15T12:22:35","date_gmt":"2023-05-15T18:22:35","guid":{"rendered":"https:\/\/eloficiodehistoriar.com.mx\/?p=32314"},"modified":"2023-05-15T12:22:35","modified_gmt":"2023-05-15T18:22:35","slug":"festival-de-organilleros-buscan-conservar-su-memoria-mejorar-practica-y-renovar-el-oficio","status":"publish","type":"post","link":"https:\/\/eloficiodehistoriar.com.mx\/?p=32314","title":{"rendered":"Festival de Organilleros buscan conservar su memoria, mejorar pr\u00e1ctica y renovar el oficio."},"content":{"rendered":"<div id=\"article-cont\" class=\"main-cont article-cont actuality\">\n<div class=\"sumarios\">\n<p>Anuncian primer festival en la CDMX<\/p>\n<\/div>\n<div class=\"cabeza\">Organilleros buscan conservar su memoria oral, mejorar pr\u00e1ctica y renovar el oficio<\/div>\n<div class=\"sumarios\">\n<p>Mexicanos se sumar\u00e1n al proceso de rescate que se da en otros pa\u00edses<\/p>\n<\/div>\n<div id=\"article-text\" class=\"text\">\n<div class=\"foto\">\n<div class=\"pie-foto\">Con la participaci\u00f3n de 90 organilleros, 30 procedentes de Chile, del 19 al 21 de mayo se realizar\u00e1 el primer Festival de Organilleros en diversos espacios p\u00fablicos de la capital mexicana. Se entregar\u00e1n reconocimientos a quienes llevan m\u00e1s de 65 a\u00f1os en este oficio.<\/div>\n<div><\/div>\n<\/div>\n<div class=\"col col1\">\n<div class=\"credito-autor\">Roc\u00edo Gonz\u00e1lez Alvarado<\/div>\n<div class=\"credito-titulo\"><\/div>\n<div class=\"hemero\">La Jornada<\/p>\n<\/div>\n<p class=\"s-s\">Con uniformes similares a los que usaba el ej\u00e9rcito de Francisco Villa, los organilleros de la Ciudad de M\u00e9xico han sobrevivido de generaci\u00f3n en generaci\u00f3n desde finales del siglo XIX, y lejos de desaparecer buscan conservar su memoria oral, renovar el oficio y mejorar sus pr\u00e1cticas.<\/p>\n<p>Al anunciar junto con autoridades capitalinas el primer Festival de Organilleros en calles del Centro Hist\u00f3rico, su representante en la capital del pa\u00eds, V\u00edctor Manuel Maya Mondrag\u00f3n, coment\u00f3 que en otros pa\u00edses hay un proceso de\u00a0<q>patrimonializaci\u00f3n<\/q>, al que se sumar\u00e1n los mexicanos, por lo que est\u00e1n documentando las pr\u00e1cticas de anta\u00f1o, al tiempo que incursionan en la actualizaci\u00f3n de sus melod\u00edas.<\/p>\n<p>Se\u00f1al\u00f3 que se le est\u00e1 dando un giro cultural a este oficio, por lo que han participado en festivales internacionales exclusivamente de organilleros, que les han permitido conocer que en otros pa\u00edses, como en Chile, llevan d\u00e9cadas documentando su tradici\u00f3n y eso les ha permitido mejorar. \u201cTienen instrumentos que suenan muy bonito y ese proceso como comunidad de organilleros lo estamos impulsando tambi\u00e9n en nuestro pa\u00eds.<\/p>\n<p>Dijo que ahora se escuchan canciones muy actuales y, por ejemplo, hay un grupo de danza folkl\u00f3rica acompa\u00f1ado con organillos.<\/p>\n<p>Apunt\u00f3 que tambi\u00e9n hay una historia no contada de los organillos, que compartir\u00e1n en una exposici\u00f3n en la que se podr\u00e1n apreciar estos instrumentos hechos con rollo de madera o de papel, as\u00ed como los que tienen una asistencia mec\u00e1nica y otros digital.<\/p>\n<\/div>\n<div class=\"col col2\">\n<p>El coordinador de la Autoridad del Centro Hist\u00f3rico, Manuel Oropeza, explic\u00f3 que el festival surgi\u00f3 a iniciativa de los propios organilleros, por lo que se trabaja con ellos para visibilizar esta actividad, que tiene m\u00e1s de 130 a\u00f1os de historia en el pa\u00eds, particularmente en el Centro Hist\u00f3rico, donde se concentra el mayor n\u00famero de personas que manejan este instrumento.<\/p>\n<p>Con la participaci\u00f3n de 90 organilleros, 30 procedentes de Chile, las actividades se realizar\u00e1n del 19 al 21 de mayo en espacios p\u00fablicos como las plazas Tols\u00e1 y de Santo Domingo, y en el auditorio de la Universidad Aut\u00f3noma de la Ciudad de M\u00e9xico, donde se entregar\u00e1n reconocimientos por trayectoria a quienes han dedicado m\u00e1s de 65 a\u00f1os a este oficio.<\/p>\n<p>El 21 de mayo, a las 10 horas, tendr\u00e1 lugar el desfile de organilleros y chinchineros desde el Monumento a la Revoluci\u00f3n a la plaza Tols\u00e1, donde habr\u00e1 una muestra de instrumentos provenientes de Alemania, Austria, Holanda y Chile, as\u00ed como siete chinchines, que son los utilizados por hombres orquesta.<\/p>\n<\/div>\n<\/div>\n<div class=\"go gui\">\n<div class=\"go-up\"><\/div>\n<\/div>\n<\/div>\n<div id=\"taboola-below-content-thumbnails\" class=\" trc_related_container trc_spotlight_widget tbl-feed-container tbl-feed-frame-DIVIDER  render-late-effect\" data-feed-container-num=\"1\" data-feed-main-container-id=\"taboola-below-content-thumbnails\" data-parent-placement-name=\"Below Content Thumbnails\" data-pub-lang=\"es\">\n<div class=\" tbl-feed-header tbl-logo-right-position\">\n<div class=\"tbl-feed-header-logo\"><\/div>\n<\/div>\n<\/div>\n","protected":false},"excerpt":{"rendered":"<p>Anuncian primer festival en la CDMX Organilleros buscan conservar su memoria oral, mejorar pr\u00e1ctica y renovar el oficio Mexicanos se sumar\u00e1n al proceso de rescate que se da en otros pa\u00edses Con la participaci\u00f3n de 90 organilleros, 30 procedentes de Chile, del 19 al 21 de mayo se realizar\u00e1 el primer Festival de Organilleros en [&hellip;]<\/p>\n","protected":false},"author":249,"featured_media":32315,"comment_status":"open","ping_status":"closed","sticky":false,"template":"","format":"standard","meta":{"footnotes":""},"categories":[26],"tags":[],"class_list":["post-32314","post","type-post","status-publish","format-standard","has-post-thumbnail","hentry","category-mundo"],"_links":{"self":[{"href":"https:\/\/eloficiodehistoriar.com.mx\/index.php?rest_route=\/wp\/v2\/posts\/32314","targetHints":{"allow":["GET"]}}],"collection":[{"href":"https:\/\/eloficiodehistoriar.com.mx\/index.php?rest_route=\/wp\/v2\/posts"}],"about":[{"href":"https:\/\/eloficiodehistoriar.com.mx\/index.php?rest_route=\/wp\/v2\/types\/post"}],"author":[{"embeddable":true,"href":"https:\/\/eloficiodehistoriar.com.mx\/index.php?rest_route=\/wp\/v2\/users\/249"}],"replies":[{"embeddable":true,"href":"https:\/\/eloficiodehistoriar.com.mx\/index.php?rest_route=%2Fwp%2Fv2%2Fcomments&post=32314"}],"version-history":[{"count":1,"href":"https:\/\/eloficiodehistoriar.com.mx\/index.php?rest_route=\/wp\/v2\/posts\/32314\/revisions"}],"predecessor-version":[{"id":32316,"href":"https:\/\/eloficiodehistoriar.com.mx\/index.php?rest_route=\/wp\/v2\/posts\/32314\/revisions\/32316"}],"wp:featuredmedia":[{"embeddable":true,"href":"https:\/\/eloficiodehistoriar.com.mx\/index.php?rest_route=\/wp\/v2\/media\/32315"}],"wp:attachment":[{"href":"https:\/\/eloficiodehistoriar.com.mx\/index.php?rest_route=%2Fwp%2Fv2%2Fmedia&parent=32314"}],"wp:term":[{"taxonomy":"category","embeddable":true,"href":"https:\/\/eloficiodehistoriar.com.mx\/index.php?rest_route=%2Fwp%2Fv2%2Fcategories&post=32314"},{"taxonomy":"post_tag","embeddable":true,"href":"https:\/\/eloficiodehistoriar.com.mx\/index.php?rest_route=%2Fwp%2Fv2%2Ftags&post=32314"}],"curies":[{"name":"wp","href":"https:\/\/api.w.org\/{rel}","templated":true}]}}