{"id":32461,"date":"2023-05-24T11:57:23","date_gmt":"2023-05-24T17:57:23","guid":{"rendered":"https:\/\/eloficiodehistoriar.com.mx\/?p=32461"},"modified":"2023-05-24T11:57:23","modified_gmt":"2023-05-24T17:57:23","slug":"elena-poniatowska-celebra-sus-91-anos-he-cubierto-a-tres-generaciones-editan-17-de-sus-libros","status":"publish","type":"post","link":"https:\/\/eloficiodehistoriar.com.mx\/?p=32461","title":{"rendered":"Elena Poniatowska celebra sus 91 a\u00f1os;\u00a0\u00abhe cubierto a tres generaciones\u00bb editan 17 de sus  libros"},"content":{"rendered":"<div id=\"article-cont\" class=\"main-cont article-cont actuality\">\n<div class=\"cabeza\">Poniatowska celebra sus 91 a\u00f1os;\u00a0<q>he cubierto a tres generaciones<\/q><\/div>\n<div class=\"sumarios\">\n<p>Grupo Planeta lanza una edici\u00f3n conmemorativa con 17 libros de la ganadora del Premio Cervantes 2013<\/p>\n<\/div>\n<div id=\"article-text\" class=\"text\">\n<div class=\"foto\">\n<div class=\"pie-foto\">La narradora Elena Poniatowska admite que en vez de leer sus obras ojea las de otros para no enterarse de sus propias erratas.<\/div>\n<div><\/div>\n<\/div>\n<div class=\"col col1\">\n<div class=\"credito-autor\">Reyes Mart\u00ednez Torrijos<\/div>\n<div><\/div>\n<\/div>\n<\/div>\n<div class=\"hemero\">La Jornada<\/div>\n<div id=\"article-text\" class=\"text\">\n<div class=\"col col1\">\n<p class=\"s-s\">La escritora y periodista Elena Poniatowska, quien celebra 70 a\u00f1os de escritura y 91 de vivir, que festej\u00f3 el pasado viernes, dice en entrevista con\u00a0<em>La Jornada<\/em>\u00a0que los temas que aborda en sus libros, como el terremoto de 1985 o el movimiento estudiantil de 1968,\u00a0<q>te los da la vida; es caminar en la calle<\/q>. Ahora, Grupo Planeta lanz\u00f3 una edici\u00f3n conmemorativa que reunir\u00e1 17 de los textos de la ganadora del Premio Cervantes 2013.<\/p>\n<p>Poniatowska dijo que\u00a0<q>es muy halagador<\/q>\u00a0que exista la Biblioteca Elena Poniatowska<em>,<\/em>\u00a0inaugurada con la redici\u00f3n de\u00a0<em>La noche de Tlatelolco<\/em>,\u00a0<em>Querido Diego, te abraza Quiela\u00a0<\/em>y\u00a0<em>Tlapaler\u00eda<\/em>.<\/p>\n<p>La autora, reconocida en abril pasado con la Medalla Belisario Dom\u00ednguez del Senado de la Rep\u00fablica, refiri\u00f3 que ha \u201ccubierto tres generaciones: las abuelas, las madres, los pap\u00e1s y los hijos. Y voy por los nietos.<\/p>\n<p><q>Ese es el beneficio de tener tant\u00edsimos a\u00f1os, as\u00ed como de vivir sorprendida y muy triste de pensar que se hayan muerto antes que yo Carlos Monsiv\u00e1is y Jos\u00e9 Emilio Pacheco, que eran mis compa\u00f1eros de trabajo en el suplemento que dirig\u00eda Fernando Ben\u00edtez.<\/q><\/p>\n<p>Poniatowska (Par\u00eds, 1932) record\u00f3 que \u201cera muy bonito recibir todo el material a mediados de la semana y ver qu\u00e9 iba a entrar y qu\u00e9 no. Monsiv\u00e1is dec\u00eda: \u2018Esto se va a la basura\u2019 y Pacheco contestaba: \u2018Un momento, aqu\u00ed hay un detallito\u2019. Y era tan buena persona que se pon\u00eda a rescribir el art\u00edculo del incauto que se hab\u00eda atrevido a mandar un art\u00edculo al suplemento cultural\u201d.<\/p>\n<p>El cat\u00e1logo m\u00e1s completo de su obra lo tiene el sello Seix Barral, el cual se ha ilustrado con im\u00e1genes de las artistas Graciela Iturbide, Maya Goded, Yolanda Andrade, Patricia Lagarde, Melba Arellano, Aglae Cort\u00e9s, Carol Esp\u00edndola, Olivia Vivanco e Yvonne Venegas.<\/p>\n<p>La curadur\u00eda de las fotograf\u00edas estuvo a cargo de Oswaldo Ruiz. Cada t\u00edtulo incluye im\u00e1genes ic\u00f3nicas de la autora en distintos momentos de su vida.<\/p>\n<p>Sobre las portadas, la periodista sostuvo: \u201cSoy un poco desamorada de m\u00ed misma, aunque mi apellido es \u2018Amor\u2019. Yo pensaba: \u2018los libros siguen saliendo\u2019. Con la editorial no las vi antes ni me las consultaron. El autor no tiene ni voz ni voto. Tampoco tuve que ver con las grandes portadas que hizo Vicente Rojo, aunque ah\u00ed s\u00ed hab\u00eda una gran relaci\u00f3n de amistad\u201d.<\/p>\n<\/div>\n<div class=\"col col2\">\n<p class=\"sumario\"><q>La labor del entrevistador es repetir con reverencia<\/q><\/p>\n<p class=\"s-s\">La narradora mencion\u00f3 que tampoco realiz\u00f3 una rescritura de los t\u00edtulos de la biblioteca que lleva su nombre, aunque \u201crescribirse es una costumbre que tienen muchos escritores. Yo, como soy periodista, creo que soy menos pretenciosa. Digo: \u2018Si sali\u00f3 bien, bueno\u2019\u201d.<\/p>\n<p>Asever\u00f3 que, en vez de leer sus libros, lee los de otros, \u201cas\u00ed no me entero que hay erratas, tiene sus ventajas, no me repito o me denigro a m\u00ed misma diciendo: \u2018C\u00f3mo fui a escribir eso, \u00bfpara qu\u00e9 hice eso?\u2019\u201d<\/p>\n<p>Poniatowska cree que la labor del entrevistador es repetir \u201ccon cierta reverencia y prudencia las respuestas del entrevistado. Esa ha sido siempre mi actitud desde que me inici\u00e9 en 1953.<\/p>\n<p><q>Hac\u00eda preguntas impertinentes o atrevidas, pero m\u00e1s por ignorancia y por desconocimiento de lo que era mi pa\u00eds, finalmente era una ni\u00f1a que ven\u00eda de un convento de monjas en Estados Unidos. Todo me causaba ilusi\u00f3n y sorpresa, pero a partir de mi ignorancia. Todos estaban casi iguales que yo.<\/q><\/p>\n<p>En breves palabras contrast\u00f3 el \u00e1mbito editorial desde que comenz\u00f3 a trabajar en 1953 y el actual.\u00a0<q>En mi \u00e9poca eran Jos\u00e9 Agust\u00edn, Gustavo Sainz y Parm\u00e9nides Garc\u00eda Salda\u00f1a. De gente m\u00e1s joven, ya hay mujeres escritoras. En las editoriales s\u00ed se han tocado temas sociales<\/q>.<\/p>\n<p>Record\u00f3 que conoci\u00f3 a \u201cdon Tom\u00e0s Espresate, el pap\u00e1 de Neus. Fue muy valiente porque cuando decidi\u00f3 publicar\u00a0<em>La noche de Tlatelolco\u00a0<\/em>le mandaron una amenaza de que iban a volar la imprenta. \u00c9l dijo: \u2018Yo estuve en los bombardeos en la guerra civil de Espa\u00f1a. Estoy acostumbrado. Que hagan lo que quieran\u2019\u201d.<\/p>\n<\/div>\n<\/div>\n<div class=\"go gui\">\n<div class=\"go-up\"><\/div>\n<\/div>\n<\/div>\n<div id=\"taboola-below-content-thumbnails\" class=\" trc_related_container trc_spotlight_widget tbl-feed-container tbl-feed-frame-DIVIDER  render-late-effect\" data-feed-container-num=\"1\" data-feed-main-container-id=\"taboola-below-content-thumbnails\" data-parent-placement-name=\"Below Content Thumbnails\" data-pub-lang=\"es\">\n<div class=\" tbl-feed-header tbl-logo-right-position\">\n<div class=\"tbl-feed-header-logo\"><\/div>\n<\/div>\n<\/div>\n","protected":false},"excerpt":{"rendered":"<p>Poniatowska celebra sus 91 a\u00f1os;\u00a0he cubierto a tres generaciones Grupo Planeta lanza una edici\u00f3n conmemorativa con 17 libros de la ganadora del Premio Cervantes 2013 La narradora Elena Poniatowska admite que en vez de leer sus obras ojea las de otros para no enterarse de sus propias erratas. Reyes Mart\u00ednez Torrijos La Jornada La escritora [&hellip;]<\/p>\n","protected":false},"author":249,"featured_media":32462,"comment_status":"open","ping_status":"closed","sticky":false,"template":"","format":"standard","meta":{"footnotes":""},"categories":[26],"tags":[],"class_list":["post-32461","post","type-post","status-publish","format-standard","has-post-thumbnail","hentry","category-mundo"],"_links":{"self":[{"href":"https:\/\/eloficiodehistoriar.com.mx\/index.php?rest_route=\/wp\/v2\/posts\/32461","targetHints":{"allow":["GET"]}}],"collection":[{"href":"https:\/\/eloficiodehistoriar.com.mx\/index.php?rest_route=\/wp\/v2\/posts"}],"about":[{"href":"https:\/\/eloficiodehistoriar.com.mx\/index.php?rest_route=\/wp\/v2\/types\/post"}],"author":[{"embeddable":true,"href":"https:\/\/eloficiodehistoriar.com.mx\/index.php?rest_route=\/wp\/v2\/users\/249"}],"replies":[{"embeddable":true,"href":"https:\/\/eloficiodehistoriar.com.mx\/index.php?rest_route=%2Fwp%2Fv2%2Fcomments&post=32461"}],"version-history":[{"count":1,"href":"https:\/\/eloficiodehistoriar.com.mx\/index.php?rest_route=\/wp\/v2\/posts\/32461\/revisions"}],"predecessor-version":[{"id":32463,"href":"https:\/\/eloficiodehistoriar.com.mx\/index.php?rest_route=\/wp\/v2\/posts\/32461\/revisions\/32463"}],"wp:featuredmedia":[{"embeddable":true,"href":"https:\/\/eloficiodehistoriar.com.mx\/index.php?rest_route=\/wp\/v2\/media\/32462"}],"wp:attachment":[{"href":"https:\/\/eloficiodehistoriar.com.mx\/index.php?rest_route=%2Fwp%2Fv2%2Fmedia&parent=32461"}],"wp:term":[{"taxonomy":"category","embeddable":true,"href":"https:\/\/eloficiodehistoriar.com.mx\/index.php?rest_route=%2Fwp%2Fv2%2Fcategories&post=32461"},{"taxonomy":"post_tag","embeddable":true,"href":"https:\/\/eloficiodehistoriar.com.mx\/index.php?rest_route=%2Fwp%2Fv2%2Ftags&post=32461"}],"curies":[{"name":"wp","href":"https:\/\/api.w.org\/{rel}","templated":true}]}}