{"id":32494,"date":"2023-05-27T12:40:01","date_gmt":"2023-05-27T18:40:01","guid":{"rendered":"https:\/\/eloficiodehistoriar.com.mx\/?p=32494"},"modified":"2023-05-27T12:40:01","modified_gmt":"2023-05-27T18:40:01","slug":"javier-alvarez-1956-2023-dejo-huella-en-mi-pasaron-muchos-anos-y-javier-fue-estrella-fugaz-pero-no-ausente","status":"publish","type":"post","link":"https:\/\/eloficiodehistoriar.com.mx\/?p=32494","title":{"rendered":"Javier \u00c1lvarez (1956-2023) dej\u00f3 huella en m\u00ed. Pasaron muchos a\u00f1os, y Javier fue estrella fugaz pero no ausente."},"content":{"rendered":"<div id=\"article-cont\" class=\"main-cont article-cont analysis\">\n<div class=\"cabeza\">La sonrisa de Javier<\/div>\n<div class=\"sumarios\"><\/div>\n<div class=\"credito-articulo\">Juan Arturo Brennan<\/div>\n<div><\/div>\n<div id=\"article-text\" class=\"text\">\n<div class=\"col col1\">\n<div class=\"inicial\">Apenas tuve oportunidad de escucharlo tocar el clarinete un par de veces, antes de que decidiera desarmar el instrumento, guardarlo en su estuche y dedicarse de lleno a componer y a recorrer el mundo. Pero desde aquellas lejanas tocadas, la persona y la m\u00fasica de Javier \u00c1lvarez (1956-2023) dejaron una huella profunda en m\u00ed. Pasaron los a\u00f1os, muchos, y la presencia elusiva de Javier pas\u00f3 a ser como la de una estrella fugaz pero no ausente. Nunca nos perdimos la pista del todo, porque siempre existieron razones para fomentar la cercan\u00eda. Primera: la amistad que surgi\u00f3 entre nosotros de manera natural. Segunda: la obligaci\u00f3n gozosa que tuve de hablar m\u00e1s formalmente con \u00e9l con motivo de la redacci\u00f3n de variados textos sobre sus obras y sus proyectos. Tercera: mi necesidad imperiosa de escuchar su m\u00fasica, que surgi\u00f3 desde las primeras composiciones suyas que conoc\u00ed.<\/div>\n<p>Javier no se salv\u00f3 de la tendencia aparentemente irrefrenable que los comentaristas tienen de poner etiquetas a todo y a todos. Cuando su espl\u00e9ndida obra fue suficientemente numerosa y comenz\u00f3 a ser m\u00e1s divulgada y conocida (aqu\u00ed y en muchas otras latitudes), no faltaron quienes le colocaron los sellos multiusos de ecl\u00e9ctico y posmoderno. Quiz\u00e1 s\u00ed, quiz\u00e1 no; mi voz no es la autorizada para decirlo. Prefiero, en cambio, etiquetar bajo mi responsabilidad las dos impresiones fundamentales que su m\u00fasica siempre me deja: asombro y sorpresa. Me doy permiso de recurrir a dos ejemplos muy b\u00e1sicos: yo estoy, s\u00ed, entre quienes soltamos la carcajada despu\u00e9s de escuchar\u00a0<em>Temazcal\u00a0<\/em>por primera vez y tambi\u00e9n cada vez subsecuente. Y hasta el d\u00eda de hoy espero con ansia singular el breve y elocuente silencio que precede al formidable gui\u00f1o final de\u00a0<em>Metro Chabacano.\u00a0<\/em>Junto a estas percepciones de su entra\u00f1able m\u00fasica, conservo innumerables recuerdos de las audiciones de otras obras suyas, deliciosas y sugerentes no s\u00f3lo en su contenido sonoro, sino tambi\u00e9n desde sus t\u00edtulos mismos:\u00a0<em>De tus manos brotan p\u00e1jaros, As\u00ed el acero, Lluvia de toritos, Quemar las naves, M\u00fasica para piel y palangana, Gram\u00e1tica de dos, Tres ranas contra reloj, Geometr\u00eda foliada, Calacas imaginarias, Acuerdos por diferencia, Jardines con palmera, Trompatufarria al pastor.<\/em>\u00a0S\u00ed, hay en \u00e9stas y otras piezas de Javier numerosas referencias, evidentes o tangenciales, a las m\u00fasicas y culturas populares que tan bien conoc\u00eda y respetaba. Pero nunca fue un neonacionalista o un posfolclorista de conveniencia; esas referencias estaban firmemente arraigadas en su ser creativo.<\/p>\n<\/div>\n<div class=\"col col2\">\n<p>Javier fue, venturosamente, de los que s\u00ed entendieron cabalmente que el tr\u00edpode infalible en el que se sustenta el verdadero crecimiento de una sociedad est\u00e1 formado por educaci\u00f3n, educaci\u00f3n y educaci\u00f3n. Es claro que ese convencimiento lo tra\u00eda integrado en su ADN de m\u00fasico, como tambi\u00e9n es claro que esa convicci\u00f3n fue solidificada por los largos y productivos a\u00f1os que pas\u00f3 en diversas instituciones musicales de primer nivel, primero como alumno y despu\u00e9s como maestro. Y, generoso como siempre fue, dedic\u00f3 prolongados, intensos y enormes esfuerzos por sembrar aqu\u00ed la semilla que recogi\u00f3 all\u00e1. A veces, las instituciones le abrieron sus puertas y dieron cauce a sus proyectos de ense\u00f1anza. Y a veces, como \u00e9l mismo me lo dijo en varias ocasiones, tuvo que luchar a brazo partido (y no siempre gan\u00f3 las batallas) en contra de intereses mezquinos y burocracias\u00a0<q>culturales<\/q>\u00a0anquilosadas, creadas, criadas y perpetuadas en un \u00e1mbito en el que la educaci\u00f3n (cualquier tipo de educaci\u00f3n) hace mucho que dej\u00f3 de ser la prioridad urgente que debiera ser. Aun as\u00ed, gracias a su tes\u00f3n y a su admirable necedad, Javier logr\u00f3 dejar establecidos s\u00f3lidos cimientos para una mejor educaci\u00f3n musical, tanto en el plano de su tutor\u00eda personal de compositores diversos como en el del establecimiento y\/o rector\u00eda de instituciones que hoy llevan su sello.<\/p>\n<p>Es mucho lo que me queda de la m\u00fasica de Javier, en varios sentidos y por muchas razones. Es mucho, tambi\u00e9n, lo que me queda de nuestras conversaciones, en las que adem\u00e1s de divertirme sin l\u00edmite aprend\u00ed m\u00e1s de lo que hubiera podido aprender en alguna \u00e1rida clase formal de m\u00fasica. Y me quedar\u00e1 tambi\u00e9n, indeleble, su sonrisa permanente, contagiosa, amplia, generosa en las buenas y en las malas. La sonrisa de Javier, tan parecida a su m\u00fasica&#8230;<\/p>\n<p class=\"email\">\n<\/div>\n<\/div>\n<div class=\"go gui\">\n<div class=\"go-up\"><\/div>\n<\/div>\n<\/div>\n<div id=\"taboola-below-content-thumbnails\" class=\" trc_related_container trc_spotlight_widget tbl-feed-container tbl-feed-frame-DIVIDER  render-late-effect\" data-feed-container-num=\"1\" data-feed-main-container-id=\"taboola-below-content-thumbnails\" data-parent-placement-name=\"Below Content Thumbnails\" data-pub-lang=\"es\">\n<div class=\" tbl-feed-header tbl-logo-right-position\">\n<div class=\"tbl-feed-header-logo\"><\/div>\n<\/div>\n<\/div>\n","protected":false},"excerpt":{"rendered":"<p>La sonrisa de Javier Juan Arturo Brennan Apenas tuve oportunidad de escucharlo tocar el clarinete un par de veces, antes de que decidiera desarmar el instrumento, guardarlo en su estuche y dedicarse de lleno a componer y a recorrer el mundo. Pero desde aquellas lejanas tocadas, la persona y la m\u00fasica de Javier \u00c1lvarez (1956-2023) [&hellip;]<\/p>\n","protected":false},"author":249,"featured_media":32495,"comment_status":"open","ping_status":"closed","sticky":false,"template":"","format":"standard","meta":{"footnotes":""},"categories":[26],"tags":[],"class_list":["post-32494","post","type-post","status-publish","format-standard","has-post-thumbnail","hentry","category-mundo"],"_links":{"self":[{"href":"https:\/\/eloficiodehistoriar.com.mx\/index.php?rest_route=\/wp\/v2\/posts\/32494","targetHints":{"allow":["GET"]}}],"collection":[{"href":"https:\/\/eloficiodehistoriar.com.mx\/index.php?rest_route=\/wp\/v2\/posts"}],"about":[{"href":"https:\/\/eloficiodehistoriar.com.mx\/index.php?rest_route=\/wp\/v2\/types\/post"}],"author":[{"embeddable":true,"href":"https:\/\/eloficiodehistoriar.com.mx\/index.php?rest_route=\/wp\/v2\/users\/249"}],"replies":[{"embeddable":true,"href":"https:\/\/eloficiodehistoriar.com.mx\/index.php?rest_route=%2Fwp%2Fv2%2Fcomments&post=32494"}],"version-history":[{"count":1,"href":"https:\/\/eloficiodehistoriar.com.mx\/index.php?rest_route=\/wp\/v2\/posts\/32494\/revisions"}],"predecessor-version":[{"id":32496,"href":"https:\/\/eloficiodehistoriar.com.mx\/index.php?rest_route=\/wp\/v2\/posts\/32494\/revisions\/32496"}],"wp:featuredmedia":[{"embeddable":true,"href":"https:\/\/eloficiodehistoriar.com.mx\/index.php?rest_route=\/wp\/v2\/media\/32495"}],"wp:attachment":[{"href":"https:\/\/eloficiodehistoriar.com.mx\/index.php?rest_route=%2Fwp%2Fv2%2Fmedia&parent=32494"}],"wp:term":[{"taxonomy":"category","embeddable":true,"href":"https:\/\/eloficiodehistoriar.com.mx\/index.php?rest_route=%2Fwp%2Fv2%2Fcategories&post=32494"},{"taxonomy":"post_tag","embeddable":true,"href":"https:\/\/eloficiodehistoriar.com.mx\/index.php?rest_route=%2Fwp%2Fv2%2Ftags&post=32494"}],"curies":[{"name":"wp","href":"https:\/\/api.w.org\/{rel}","templated":true}]}}