{"id":32497,"date":"2023-05-27T12:48:00","date_gmt":"2023-05-27T18:48:00","guid":{"rendered":"https:\/\/eloficiodehistoriar.com.mx\/?p=32497"},"modified":"2023-05-27T12:48:00","modified_gmt":"2023-05-27T18:48:00","slug":"javier-alvarez-fuentes-premio-nacional-de-bellas-artes","status":"publish","type":"post","link":"https:\/\/eloficiodehistoriar.com.mx\/?p=32497","title":{"rendered":"Javier \u00c1lvarez Fuentes Premio Nacional de Bellas Artes"},"content":{"rendered":"<div id=\"content\">\n<div id=\"main\">\n<div id=\"document\">\n<h1 class=\"bottom-buffer\">Javier \u00c1lvarez Fuentes<\/h1>\n<h2>Premio Nacional de Bellas Artes<\/h2>\n<section class=\"-box\">Secretar\u00eda de Educaci\u00f3n P\u00fablica<\/p>\n<\/section>\n<div class=\"\">\n<div class=\"article-body\">\n<p>Naci\u00f3 en la ciudad de M\u00e9xico el 8 de mayo de 1956.<\/p>\n<p>Compositor mexicano conocido por la creaci\u00f3n de obras que combinan una variedad de estilos musicales internacionales y tradiciones que a menudo utilizan instrumentos inusuales y nuevas tecnolog\u00edas musicales.<\/p>\n<p>Su extenso cat\u00e1logo es ejecutado por los m\u00e1s distinguidos solistas, agrupaciones y orquestas de M\u00e9xico y del extranjero.<\/p>\n<p>Inici\u00f3 sus estudios\u00a0 musicales\u00a0 en el Conservatorio Nacional de M\u00fasica, donde estudi\u00f3 con Mario Lavista y Francisco Gardu\u00f1o. En 1981 obtuvo la Maestr\u00eda en Teor\u00eda y Composici\u00f3n de la Universidad de Wisconsin en Milwaukee y posteriormente ingres\u00f3\u00a0 a la City University en Londres para realizar un doctorado bajo el co-patrocinio de la Fundaci\u00f3n F\u00e9lix Mendelssohn, la Fundaci\u00f3n Ralph Vaughn Williams y la London School of Economics.<\/p>\n<p>Su creatividad musical ha abarcado g\u00e9neros diversos a lo largo de su carrera: la m\u00fasica de concierto, la electroac\u00fastica, la danza, la multimedia y el cine. Asimismo, en el campo de la multimedia, ha desarrollado proyectos en prestigiosos centros como el lnstitut de R\u00e9cherche et Coordination\u00a0 Acoustique\/Musique) y el Groupe de R\u00e9cherche Musicale, ambos\u00a0 en Francia. De entre esos proyectos se destacan Cactus Geometries, obra acusm\u00e1tica estrenada en 2001 y Mantis walk in Metal Space, estrenada en el 2003. En el \u00e1mbito de la m\u00fasica de concierto, destaca Jardines on Palmera, obra creada para la Orquesta Nacional de Francia.<\/p>\n<p>A la par de su carrera\u00a0 art\u00edstica, ha forjado una larga\u00a0 trayectoria\u00a0 acad\u00e9mica;\u00a0 am\u00e9n de numerosas conferencias y cursos impartidos a lo largo de tres d\u00e9cadas en M\u00e9xico, notoriamente en el Centro Nacional de las Artes y la Escuela Nacional de M\u00fasica (UNAM); ha sido profesor en el Royal College of Music y en la Guildhall School of Music and Drama en Londres. Fundador de la Licenciatura en Artes Musicales de la Escuela Superior de Artes del estado de Yucat\u00e1n de la cual fue director y maestro hasta 2007. Asimismo ha dictado c\u00e1tedra en instituciones como el Conservatorio\u00a0 de Paris, la City University en Londres, la Universidad de Lan\u00fas en Argentina y la Universidad de Western Michigan.<\/p>\n<p>Se ha desempe\u00f1ado como Director Art\u00edstico del Foro Internacional de M\u00fasica Nueva (2008-9), Miembro de la Comisi\u00f3n de Artes del Fondo Nacional para la Cultura y las Artes (2008-12), Miembro del Consejo Acad\u00e9mico del Centro Mexicano para la M\u00fasica y las Artes Sonoras (2007-13) y como Rector del Conservatorio de las Rosas (2007-11).<\/p>\n<p>Debido a su labor creativa, ha sido acreedor de numerosas distinciones incluyendo entre otras, galardones de la Federaci\u00f3n Internacional de M\u00fasica Electroac\u00fastica (Francia), la British Broadcasting Corporation- BBC (Inglaterra) y del Consejo Nacional para la Cultura y las Artes. Se destacan entre \u00e9stos, el prestigioso Prix Ars Electronica (Austria), obtenido en 1993 con la obra Mannam,\u00a0 la Medalla Mozart de Oro, recibida\u00a0 en\u00a0 2000; adem\u00e1s de su ingreso al Sistema Nacional de Creadores (1993, 1996, 2002 y 2011) y una nominaci\u00f3n a los Premios Grammy en 2012. Desde 2005, es miembro Honorario de la Academia de Artes de M\u00e9xico.<\/p>\n<\/div>\n<\/div>\n<\/div>\n<\/div>\n<\/div>\n<div id=\"foot\"><\/div>\n","protected":false},"excerpt":{"rendered":"<p>Javier \u00c1lvarez Fuentes Premio Nacional de Bellas Artes Secretar\u00eda de Educaci\u00f3n P\u00fablica Naci\u00f3 en la ciudad de M\u00e9xico el 8 de mayo de 1956. Compositor mexicano conocido por la creaci\u00f3n de obras que combinan una variedad de estilos musicales internacionales y tradiciones que a menudo utilizan instrumentos inusuales y nuevas tecnolog\u00edas musicales. Su extenso cat\u00e1logo [&hellip;]<\/p>\n","protected":false},"author":249,"featured_media":32498,"comment_status":"open","ping_status":"closed","sticky":false,"template":"","format":"standard","meta":{"footnotes":""},"categories":[26],"tags":[],"class_list":["post-32497","post","type-post","status-publish","format-standard","has-post-thumbnail","hentry","category-mundo"],"_links":{"self":[{"href":"https:\/\/eloficiodehistoriar.com.mx\/index.php?rest_route=\/wp\/v2\/posts\/32497","targetHints":{"allow":["GET"]}}],"collection":[{"href":"https:\/\/eloficiodehistoriar.com.mx\/index.php?rest_route=\/wp\/v2\/posts"}],"about":[{"href":"https:\/\/eloficiodehistoriar.com.mx\/index.php?rest_route=\/wp\/v2\/types\/post"}],"author":[{"embeddable":true,"href":"https:\/\/eloficiodehistoriar.com.mx\/index.php?rest_route=\/wp\/v2\/users\/249"}],"replies":[{"embeddable":true,"href":"https:\/\/eloficiodehistoriar.com.mx\/index.php?rest_route=%2Fwp%2Fv2%2Fcomments&post=32497"}],"version-history":[{"count":1,"href":"https:\/\/eloficiodehistoriar.com.mx\/index.php?rest_route=\/wp\/v2\/posts\/32497\/revisions"}],"predecessor-version":[{"id":32499,"href":"https:\/\/eloficiodehistoriar.com.mx\/index.php?rest_route=\/wp\/v2\/posts\/32497\/revisions\/32499"}],"wp:featuredmedia":[{"embeddable":true,"href":"https:\/\/eloficiodehistoriar.com.mx\/index.php?rest_route=\/wp\/v2\/media\/32498"}],"wp:attachment":[{"href":"https:\/\/eloficiodehistoriar.com.mx\/index.php?rest_route=%2Fwp%2Fv2%2Fmedia&parent=32497"}],"wp:term":[{"taxonomy":"category","embeddable":true,"href":"https:\/\/eloficiodehistoriar.com.mx\/index.php?rest_route=%2Fwp%2Fv2%2Fcategories&post=32497"},{"taxonomy":"post_tag","embeddable":true,"href":"https:\/\/eloficiodehistoriar.com.mx\/index.php?rest_route=%2Fwp%2Fv2%2Ftags&post=32497"}],"curies":[{"name":"wp","href":"https:\/\/api.w.org\/{rel}","templated":true}]}}