{"id":32552,"date":"2023-05-31T12:08:58","date_gmt":"2023-05-31T18:08:58","guid":{"rendered":"https:\/\/eloficiodehistoriar.com.mx\/?p=32552"},"modified":"2023-05-31T12:08:58","modified_gmt":"2023-05-31T18:08:58","slug":"el-ahogado-mas-hermoso-del-mundo-por-gabriel-garcia-marquez-con-adaptacion-escenica-para-ninos-y-jovenes","status":"publish","type":"post","link":"https:\/\/eloficiodehistoriar.com.mx\/?p=32552","title":{"rendered":"\u00abEl ahogado m\u00e1s hermoso del mundo\u00bb por Gabriel Garc\u00eda M\u00e1rquez, con adaptaci\u00f3n esc\u00e9nica para ni\u00f1os y j\u00f3venes"},"content":{"rendered":"<div id=\"article-cont\" class=\"main-cont article-cont actuality\">\n<div class=\"cabeza\">Con\u00a0<em>clown,\u00a0<\/em>escenifican\u00a0<em>El ahogado<\/em>&#8230;, de Garc\u00eda M\u00e1rquez<\/div>\n<div class=\"sumarios\"><\/div>\n<div id=\"article-text\" class=\"text\">\n<div class=\"col col1\">\n<div class=\"credito-autor\">Carlos Paul<\/div>\n<div class=\"credito-titulo\"><\/div>\n<div class=\"hemero\">La Jornada<\/p>\n<\/div>\n<p class=\"s-s\">Inspirado en el cuento\u00a0<em>El ahogado m\u00e1s hermoso del mundo<\/em>, escrito por Gabriel Garc\u00eda M\u00e1rquez, las agrupaciones Zapato Roto y Ataraxia Producciones conjuntaron esfuerzos para hacer una adaptaci\u00f3n esc\u00e9nica para ni\u00f1os y j\u00f3venes, en la que, a trav\u00e9s del\u00a0<em>clown<\/em>, m\u00fasica en vivo, improvisaci\u00f3n, humor e interacciones con el p\u00fablico, se aborda el tema de la muerte de una manera emp\u00e1tica y l\u00fadica.<\/p>\n<p>El montaje, que lleva el mismo t\u00edtulo del relato del reconocido autor colombiano, se presenta los domingos en el Foro Shakespeare.<\/p>\n<p>La historia original narra cuando un d\u00eda, en un apartado y peque\u00f1o pueblo del Caribe, llega a las orillas de la playa una enorme masa flotante. Al principio, unos ni\u00f1os que juegan en el lugar y la descubren, la confunden con un barco y con una ballena. Pero luego, se dan cuenta lo que es un hombre ahogado.<\/p>\n<p>Cuando los adultos se percatan de la situaci\u00f3n se asustan, comienzan a pensar c\u00f3mo deshacerse del cad\u00e1ver, para que nadie lo vea, al tiempo de que indagan que no se trata de un habitante de la poblaci\u00f3n ni de otro pueblo vecino.<\/p>\n<p>En el cuento los personajes est\u00e1n mencionados de manera general: son ni\u00f1os, hombres, mujeres; para la versi\u00f3n teatral se busc\u00f3 saber qui\u00e9nes y c\u00f3mo son esas personas, y c\u00f3mo es que cohabitan y se relacionan, coment\u00f3 Carlo Montes de Oca, director de la puesta en escena.<\/p>\n<\/div>\n<div class=\"col col2\">\n<p class=\"sumario\">Despedida digna<\/p>\n<p class=\"s-s\">Los adultos e infantes \u201cse dan cuenta de inmediato que el ahogado no es un cuerpo an\u00f3nimo que hay que desechar, sino que piensan que es una persona que tiene una identidad y una historia, que para otros es alguien que ha desaparecido y que ahora est\u00e1 fallecido, y que simb\u00f3licamente implica a todos aquellos desaparecidos v\u00edctimas de la violencia en el pa\u00eds, por ello es que se le hace una despedida digna.<\/p>\n<p><q>Es como pensar en esos cuerpos que no est\u00e1n y que se siguen buscando, y qu\u00e9 pasar\u00eda si alguien encuentra ese cuerpo, y en lugar de decir es uno m\u00e1s, se le da una despedida digna<\/q>, explic\u00f3. La muerte as\u00ed se convierte en una cuesti\u00f3n emp\u00e1tica y l\u00fadica.<\/p>\n<p>La idea es hablar de la muerte, de la vida y la alegr\u00eda por estar vivo,\u00a0<q>desde el amor, el respeto, la inocencia y la empat\u00eda<\/q>, dijo Montes de Oca.\u00a0<q>Hablar desde la fuerza de la comunidad para vencer el duelo<\/q>.<\/p>\n<p>Con un elenco integrado por Alonso Caballero, Miranda Labardini y Fernando Reyes, el relato de Garc\u00eda M\u00e1rquez, con adaptaci\u00f3n y direcci\u00f3n de Carlo Montes de Oca, se presenta los domingos a las 13 horas en el Foro Shakespeare (Zamora 7, colonia Condesa, cerca del Metro Chapultepec). Concluye el 25 de junio.<\/p>\n<\/div>\n<\/div>\n<div class=\"go gui\">\n<div class=\"go-up\"><\/div>\n<\/div>\n<\/div>\n<div id=\"taboola-below-content-thumbnails\" class=\" trc_related_container trc_spotlight_widget tbl-feed-container tbl-feed-frame-DIVIDER  render-late-effect\" data-feed-container-num=\"1\" data-feed-main-container-id=\"taboola-below-content-thumbnails\" data-parent-placement-name=\"Below Content Thumbnails\" data-pub-lang=\"es\">\n<div class=\" tbl-feed-header tbl-logo-right-position\">\n<div class=\"tbl-feed-header-logo\"><\/div>\n<\/div>\n<\/div>\n","protected":false},"excerpt":{"rendered":"<p>Con\u00a0clown,\u00a0escenifican\u00a0El ahogado&#8230;, de Garc\u00eda M\u00e1rquez Carlos Paul La Jornada Inspirado en el cuento\u00a0El ahogado m\u00e1s hermoso del mundo, escrito por Gabriel Garc\u00eda M\u00e1rquez, las agrupaciones Zapato Roto y Ataraxia Producciones conjuntaron esfuerzos para hacer una adaptaci\u00f3n esc\u00e9nica para ni\u00f1os y j\u00f3venes, en la que, a trav\u00e9s del\u00a0clown, m\u00fasica en vivo, improvisaci\u00f3n, humor e interacciones con [&hellip;]<\/p>\n","protected":false},"author":249,"featured_media":32553,"comment_status":"open","ping_status":"closed","sticky":false,"template":"","format":"standard","meta":{"footnotes":""},"categories":[26],"tags":[],"class_list":["post-32552","post","type-post","status-publish","format-standard","has-post-thumbnail","hentry","category-mundo"],"_links":{"self":[{"href":"https:\/\/eloficiodehistoriar.com.mx\/index.php?rest_route=\/wp\/v2\/posts\/32552","targetHints":{"allow":["GET"]}}],"collection":[{"href":"https:\/\/eloficiodehistoriar.com.mx\/index.php?rest_route=\/wp\/v2\/posts"}],"about":[{"href":"https:\/\/eloficiodehistoriar.com.mx\/index.php?rest_route=\/wp\/v2\/types\/post"}],"author":[{"embeddable":true,"href":"https:\/\/eloficiodehistoriar.com.mx\/index.php?rest_route=\/wp\/v2\/users\/249"}],"replies":[{"embeddable":true,"href":"https:\/\/eloficiodehistoriar.com.mx\/index.php?rest_route=%2Fwp%2Fv2%2Fcomments&post=32552"}],"version-history":[{"count":1,"href":"https:\/\/eloficiodehistoriar.com.mx\/index.php?rest_route=\/wp\/v2\/posts\/32552\/revisions"}],"predecessor-version":[{"id":32554,"href":"https:\/\/eloficiodehistoriar.com.mx\/index.php?rest_route=\/wp\/v2\/posts\/32552\/revisions\/32554"}],"wp:featuredmedia":[{"embeddable":true,"href":"https:\/\/eloficiodehistoriar.com.mx\/index.php?rest_route=\/wp\/v2\/media\/32553"}],"wp:attachment":[{"href":"https:\/\/eloficiodehistoriar.com.mx\/index.php?rest_route=%2Fwp%2Fv2%2Fmedia&parent=32552"}],"wp:term":[{"taxonomy":"category","embeddable":true,"href":"https:\/\/eloficiodehistoriar.com.mx\/index.php?rest_route=%2Fwp%2Fv2%2Fcategories&post=32552"},{"taxonomy":"post_tag","embeddable":true,"href":"https:\/\/eloficiodehistoriar.com.mx\/index.php?rest_route=%2Fwp%2Fv2%2Ftags&post=32552"}],"curies":[{"name":"wp","href":"https:\/\/api.w.org\/{rel}","templated":true}]}}