{"id":32558,"date":"2023-05-31T12:28:49","date_gmt":"2023-05-31T18:28:49","guid":{"rendered":"https:\/\/eloficiodehistoriar.com.mx\/?p=32558"},"modified":"2023-05-31T12:28:49","modified_gmt":"2023-05-31T18:28:49","slug":"hallazgo-arqueologico-en-veracruz-una-mujer-de-elite","status":"publish","type":"post","link":"https:\/\/eloficiodehistoriar.com.mx\/?p=32558","title":{"rendered":"Hallazgo arqueol\u00f3gico en Veracruz: una mujer de \u00e9lite"},"content":{"rendered":"<div>\n<h1 class=\"title\">Hallazgo arqueol\u00f3gico importante en Veracruz: una mujer de \u00e9lite<\/h1>\n<\/div>\n<h3 class=\"subtitle\">El due\u00f1o de la parcela donde fue descubierta manifest\u00f3 su inter\u00e9s por lograr que se quede en la localidad y se cree un espacio para su exhibici\u00f3n<\/h3>\n<div class=\"lead-gallery \">\n<div class=\"teaser  owl-carousel owl-theme\">\n<div class=\"owl-wrapper-outer\">\n<div class=\"owl-wrapper\">\n<div class=\"owl-item\">\n<div class=\"img-container picture\">\n<div id=\"standard_1\" class=\"st-placement standard_1 inImage\">\n<div class=\"st-adunit st-adunit-tagged st-reset st-show\">\n<div class=\"st-adunit-ad st-reset\"><\/div>\n<\/div>\n<\/div>\n<\/div>\n<\/div>\n<\/div>\n<\/div>\n<\/div>\n<\/div>\n<div id=\"affix-share\" class=\"sharing-menu affix\">\n<ul>\n<li>Maribel S\u00e1nchez<\/li>\n<li>Diario de Xalapa<\/li>\n<\/ul>\n<\/div>\n<div class=\"content-body clearfix \">\n<div id=\"content-body-225-6221077\">\n<p>Tras la ratificaci\u00f3n de expertos del Instituto Nacional de Antropolog\u00eda e Historia del hallazgo en Veracruz de la primera escultura femenina prehisp\u00e1nica en su tipo,\u00a0<b>el due\u00f1o de la parcela donde fue descubierta manifest\u00f3 su inter\u00e9s por lograr que se quede en la localidad y se cree un espacio para su exhibici\u00f3n<\/b>.<\/p>\n<p>En entrevista, el ingeniero agr\u00f3nomo\u00a0<b>C\u00e9sar Cabrera<\/b>, quien a\u00fan tiene en su poder la pieza, cuya antig\u00fcedad podr\u00eda corresponder al periodo Poscl\u00e1sico Tard\u00edo (1450-1521 d.C.), revel\u00f3 que\u00a0<b>ya le comunic\u00f3 al alcalde del municipio de \u00c1lamo Temapache su propuesta<\/b>, la cual fue respaldada, pues adem\u00e1s de la encontrada, hay m\u00e1s esculturas.<\/p>\n<\/div>\n<\/div>\n<div class=\"advertisment \">\n<div id=\"dfp-nota-1x3s\" data-google-query-id=\"COfPyPSVoP8CFYIPwQodSkgGdQ\">\n<div id=\"google_ads_iframe_\/2000002\/elsoldeorizaba\/mexico_nota_1x3_0__container__\">Emocionado por lo que representa la localizaci\u00f3n de la figura femenina en piedra caliza de casi dos metros de alto, considera que <b>adem\u00e1s de los aportes para la reconstrucci\u00f3n de la historia de la regi\u00f3n, exponerla ayudar\u00eda a que m\u00e1s personas visiten Hidalgo Amojac<\/b>, al norte de la entidad.<\/div>\n<\/div>\n<\/div>\n<article class=\"content-continued-body clearfix \">\n<div id=\"content-body-5851641-6221077\">\n<article class=\"local\nmedia col-md-4 inline-story \"><\/p>\n<div class=\"teaser \">\n<h4 class=\"title \">Con respecto a las otras piezas mencionadas, detall\u00f3 que por desconocimiento los pobladores de la localidad no han reportado los descubrimientos, pues <b>son piezas peque\u00f1as a las cuales no les han dado mayor relevancia.<\/b><\/h4>\n<p>En su caso, comparte que <b>cuando encontr\u00f3 la escultura con un grupo de personas buscaron informaci\u00f3n<\/b>\u00a0y, posteriormente, con apoyo del presidente municipal, localizaron a la arque\u00f3loga\u00a0<b>Mar\u00eda Eugenia Maldonado Vite<\/b>, investigadora del INAH Veracruz.<\/p>\n<\/div>\n<\/article>\n<p>En la primera inspecci\u00f3n, la investigadora declar\u00f3 que el estilo de \u201c<b>la joven de Amajac\u201d es similar a representaciones de diosas huastecas de la tierra y la fertilidad<\/b>, pero con una influencia externa, posiblemente nahua.<\/p>\n<p>Lo anterior lo dedujo por el hueco de los ojos para incrustaciones, \u201c<i>rasgo que no pertenece a la escultura huasteca cl\u00e1sica sino m\u00e1s bien a la mexica. Adem\u00e1s, el pa\u00f1o que presentan las mujeres huastecas frente a la falda es siempre liso, y en esta existe un adorno de nudos y listones<\/i>\u201d, puntualiz\u00f3.<\/p>\n<p>C\u00e9sar Cabrera opina que al efectuar los estudios correspondientes\u00a0<b>se podr\u00e1 saber m\u00e1s de Hidalgo Amojac y la zona<\/b>, conocimiento que debe ser de f\u00e1cil acceso para los pobladores y el resto de los mexicanos.<\/p>\n<p>Apunt\u00f3 que\u00a0<b>actualmente la historia de la regi\u00f3n solo tiene como datos m\u00e1s antiguos las inundaciones y hambrunas ocurridas entre 1910 y 1925<\/b>, motivo por el cual, reiter\u00f3, buscar\u00e1n crear un museo de sitio, no solos sino con apoyo de un muse\u00f3logo.<\/p>\n<div class=\"local\nmedia \"><\/p>\n<div class=\"teaser \">\n<div class=\"img-container picture\">\n<div id=\"standard_9\" class=\"st-placement standard_9 inImage\">\n<div class=\"st-adunit st-adunit-tagged st-reset st-show\">\n<div class=\"st-adunit-ad st-reset\">El agr\u00f3nomo adelant\u00f3 que <b>estar\u00e1 atento a lo que digan los representantes del Instituto<\/b>, pero sin olvidar a la comunidad.<\/div>\n<\/div>\n<\/div>\n<\/div>\n<\/div>\n<\/div>\n<p>Por otra parte, el director general del INAH,\u00a0<b>Diego Prieto Hern\u00e1ndez, reconoci\u00f3 el trabajo que realizan las representaciones estatales del Instituto<\/b>\u00a0para el reconocimiento, recuperaci\u00f3n, investigaci\u00f3n y rescate del patrimonio hist\u00f3rico del pa\u00eds.<\/p>\n<p><i>\u201cEsta magn\u00edfica representaci\u00f3n femenina permite corroborar lo plasmado en las fuentes etnohist\u00f3ricas acerca del papel relevante de las mujeres en esta regi\u00f3n cultural, al tiempo que abre nuevas l\u00edneas de investigaci\u00f3n en torno al esplendor de la Huasteca desde la \u00e9poca prehisp\u00e1nica<\/i>\u201d, expres\u00f3.<\/p>\n<h2>2021 trajo un hallazgo relevante<\/h2>\n<p>El a\u00f1o 2021 trajo consigo un hallazgo relevante para los estudios de la arqueolog\u00eda mexicana y veracruzana en particular. Se trata, de acuerdo con especialistas del Instituto Nacional de Antropolog\u00eda e Historia (INAH), de una pieza prehisp\u00e1nica,<b>\u00a0la primera de su tipo localizada en la cuenca del r\u00edo Tuxpan, al sur de la huasteca veracruzana.<\/b><\/p>\n<p>Explicaron que la figura de piedra caliza, de casi dos metros de alto,\u00a0<b>representa a una joven mujer de \u00e9lite, luce tocado y un elaborado atav\u00edo.<\/b><\/p>\n<article class=\"local\nmedia col-md-4 inline-story \"><\/p>\n<div class=\"teaser \">\n<h4 class=\"title \">Los arque\u00f3logos detallaron en un comunicado que los rasgos la vinculan con la cultura huasteca, aunque se aprecian rasgos del Centro de M\u00e9xico; su antig\u00fcedad podr\u00eda corresponder al periodo <i>Poscl\u00e1sico Tard\u00edo (1450-1521 d.C.).<\/i><\/h4>\n<\/div>\n<\/article>\n<p>El descubrimiento de la pieza, informaron, se dio el primer d\u00eda de 2021 en un terreno citr\u00edcola;\u00a0<b>fueron habitantes de la comunidad de Hidalgo Amajac, Veracruz, quienes se percataron de esta escultura femenina.<\/b><\/p>\n<p>La investigadora del Centro INAH Veracruz,\u00a0<b>Mar\u00eda Eugenia Maldonado Vite<\/b>, encargada de la inspecci\u00f3n en campo, precis\u00f3 que la pieza representa \u201c<i>posiblemente a una gobernante, por su postura y atav\u00edos, m\u00e1s que a una deidad como se han interpretado casi todas las esculturas huastecas femeninas, a las cuales se vincula con la diosa Tlazolt\u00e9otl\u201d<\/i>.<\/p>\n<p>Puntualiz\u00f3 que<b>\u00a0a diferencia de las\u00a0<i>Tlazolt\u00e9otl<\/i>, no porta nariguera, boca con chapopote<\/b>, ni tiene husos con borlas de algod\u00f3n, lo cual reitera la importancia de las mujeres en la estructura pol\u00edtica huasteca.<\/p>\n<div class=\"local\nmedia \"><\/p>\n<div class=\"teaser \">\n<div class=\"img-container picture\">\n<div id=\"standard_10\" class=\"st-placement standard_10 inImage\">\n<div class=\"st-adunit st-adunit-tagged st-reset st-show\">\n<div class=\"st-adunit-ad st-reset\">Mar\u00eda Eugenia Maldonado Vite apunt\u00f3 que<b>\u00a0la pieza estaba dentro de un sitio arqueol\u00f3gico hasta ahora desconocido pero extenso.<\/b><\/div>\n<\/div>\n<\/div>\n<\/div>\n<\/div>\n<\/div>\n<p>La investigadora adelant\u00f3 que los estudios deber\u00e1n ser definidos en di\u00e1logo entre el INAH, el ayuntamiento de \u00c1lamo y la comunidad; se indagar\u00e1 su temporalidad y filiaci\u00f3n cultural, entre otras caracter\u00edsticas.<\/p>\n<p><b>La escultura de la joven de Hidalgo Amajac permanece bajo resguardo de los propietarios del terreno citr\u00edcola<\/b>\u00a0donde fue descubierta. Se dialogar\u00e1 entre el INAH y las partes interesadas para definir su emplazamiento futuro, puntualiz\u00f3 el Instituto.<\/p>\n<\/div>\n<\/article>\n","protected":false},"excerpt":{"rendered":"<p>Hallazgo arqueol\u00f3gico importante en Veracruz: una mujer de \u00e9lite El due\u00f1o de la parcela donde fue descubierta manifest\u00f3 su inter\u00e9s por lograr que se quede en la localidad y se cree un espacio para su exhibici\u00f3n Maribel S\u00e1nchez Diario de Xalapa Tras la ratificaci\u00f3n de expertos del Instituto Nacional de Antropolog\u00eda e Historia del hallazgo [&hellip;]<\/p>\n","protected":false},"author":249,"featured_media":32559,"comment_status":"open","ping_status":"closed","sticky":false,"template":"","format":"standard","meta":{"footnotes":""},"categories":[26],"tags":[],"class_list":["post-32558","post","type-post","status-publish","format-standard","has-post-thumbnail","hentry","category-mundo"],"_links":{"self":[{"href":"https:\/\/eloficiodehistoriar.com.mx\/index.php?rest_route=\/wp\/v2\/posts\/32558","targetHints":{"allow":["GET"]}}],"collection":[{"href":"https:\/\/eloficiodehistoriar.com.mx\/index.php?rest_route=\/wp\/v2\/posts"}],"about":[{"href":"https:\/\/eloficiodehistoriar.com.mx\/index.php?rest_route=\/wp\/v2\/types\/post"}],"author":[{"embeddable":true,"href":"https:\/\/eloficiodehistoriar.com.mx\/index.php?rest_route=\/wp\/v2\/users\/249"}],"replies":[{"embeddable":true,"href":"https:\/\/eloficiodehistoriar.com.mx\/index.php?rest_route=%2Fwp%2Fv2%2Fcomments&post=32558"}],"version-history":[{"count":1,"href":"https:\/\/eloficiodehistoriar.com.mx\/index.php?rest_route=\/wp\/v2\/posts\/32558\/revisions"}],"predecessor-version":[{"id":32560,"href":"https:\/\/eloficiodehistoriar.com.mx\/index.php?rest_route=\/wp\/v2\/posts\/32558\/revisions\/32560"}],"wp:featuredmedia":[{"embeddable":true,"href":"https:\/\/eloficiodehistoriar.com.mx\/index.php?rest_route=\/wp\/v2\/media\/32559"}],"wp:attachment":[{"href":"https:\/\/eloficiodehistoriar.com.mx\/index.php?rest_route=%2Fwp%2Fv2%2Fmedia&parent=32558"}],"wp:term":[{"taxonomy":"category","embeddable":true,"href":"https:\/\/eloficiodehistoriar.com.mx\/index.php?rest_route=%2Fwp%2Fv2%2Fcategories&post=32558"},{"taxonomy":"post_tag","embeddable":true,"href":"https:\/\/eloficiodehistoriar.com.mx\/index.php?rest_route=%2Fwp%2Fv2%2Ftags&post=32558"}],"curies":[{"name":"wp","href":"https:\/\/api.w.org\/{rel}","templated":true}]}}