{"id":32568,"date":"2023-06-01T12:47:42","date_gmt":"2023-06-01T18:47:42","guid":{"rendered":"https:\/\/eloficiodehistoriar.com.mx\/?p=32568"},"modified":"2023-06-01T12:47:42","modified_gmt":"2023-06-01T18:47:42","slug":"pilar-bordes-guadalajara-1948-en-el-2002-obtuvo-el-premio-de-adquisicion-en-la-categoria-de-estampa","status":"publish","type":"post","link":"https:\/\/eloficiodehistoriar.com.mx\/?p=32568","title":{"rendered":"Pilar Bordes\u00a0(Guadalajara,\u00a01948) En el\u00a02002\u00a0obtuvo el Premio de adquisici\u00f3n en la categor\u00eda de Estampa"},"content":{"rendered":"<p><b>Pilar Bordes<\/b>\u00a0(<a title=\"Guadalajara (M\u00e9xico)\" href=\"https:\/\/es.wikidat.com\/info\/Guadalajara_(M%C3%A9xico)\">Guadalajara<\/a>,\u00a0<a title=\"Jalisco\" href=\"https:\/\/es.wikidat.com\/info\/Jalisco\">Jalisco<\/a>,\u00a0<a title=\"1948\" href=\"https:\/\/es.wikidat.com\/info\/1948\">1948<\/a>) es una artista pl\u00e1stica mexicana.<\/p>\n<p>En el\u00a0<a title=\"2002\" href=\"https:\/\/es.wikidat.com\/info\/2002\">2002<\/a>\u00a0obtuvo el Premio de adquisici\u00f3n en la categor\u00eda de Estampa en el V Bienal Nacional de Dibujo y Estampa, Diego Rivera.<\/p>\n<p>Es grabadora, pintora y editora en artes gr\u00e1ficas.<sup id=\"cite_ref-1\" class=\"reference separada\"><\/sup>?<\/p>\n<p>Estudi\u00f3 en la Escuela de Artes Pl\u00e1sticas de la\u00a0<a title=\"Universidad de Guadalajara\" href=\"https:\/\/es.wikidat.com\/info\/Universidad_de_Guadalajara\">Universidad de Guadalajara<\/a>\u00a0de\u00a0<a title=\"1972\" href=\"https:\/\/es.wikidat.com\/info\/1972\">1972<\/a>\u00a0a\u00a0<a title=\"1977\" href=\"https:\/\/es.wikidat.com\/info\/1977\">1977<\/a>.<\/p>\n<p>Finalizados sus estudios radic\u00f3 en Barcelona, Espa\u00f1a, donde se dedic\u00f3 al grabado en el taller de\u00a0<a title=\"Concha Ib\u00e1\u00f1ez\" href=\"https:\/\/es.wikidat.com\/info\/Concha_Ib%C3%A1%C3%B1ez\">Concha Ib\u00e1\u00f1ez<\/a>.<\/p>\n<p>Para\u00a0<a title=\"1983\" href=\"https:\/\/es.wikidat.com\/info\/1983\">1983<\/a>\u00a0termina sus estudios de la universidad y funda el Taller de Gr\u00e1fica Bordes con la intenci\u00f3n de publicar obra de artistas pl\u00e1sticos mexicanos.<sup id=\"cite_ref-:0_2-0\" class=\"reference separada\"><\/sup>?<sup id=\"cite_ref-3\" class=\"reference separada\"><\/sup>?<\/p>\n<p>En 1996 cambi\u00f3 su residencia a la Ciudad de M\u00e9xico, donde ha residido desde entonces y donde fund\u00f3 la Editorial Gr\u00e1ficos Bordes.<sup id=\"cite_ref-:1_4-0\" class=\"reference separada\"><\/sup>?<\/p>\n<p>En este esfuerzo la editorial logr\u00f3 una colecci\u00f3n de cuarenta libros donde se muestra parte de la obra de diversos artistas pl\u00e1sticos mexicanos o que han desarrollado su obra en M\u00e9xico. Ha sido miembro del sistema Nacional de Creadores\u00a0<a title=\"Fondo Nacional para la Cultura y las Artes\" href=\"https:\/\/es.wikidat.com\/info\/Fondo_Nacional_para_la_Cultura_y_las_Artes\">FONCA<\/a>&#8211;<a title=\"Consejo Nacional para la Cultura y las Artes\" href=\"https:\/\/es.wikidat.com\/info\/Consejo_Nacional_para_la_Cultura_y_las_Artes\">CONACULTA<\/a>\u00a0en el 2013 y 2008. Su obra titulada Obituario ha sido citada en La nueva estampa mexicana, donde se describe como una piedra Rossetta que da las reglas del dise\u00f1o cadencioso fundado en un orden geom\u00e9trico y un m\u00e9todo modular m\u00faltiple.<\/p>\n","protected":false},"excerpt":{"rendered":"<p>Pilar Bordes\u00a0(Guadalajara,\u00a0Jalisco,\u00a01948) es una artista pl\u00e1stica mexicana. En el\u00a02002\u00a0obtuvo el Premio de adquisici\u00f3n en la categor\u00eda de Estampa en el V Bienal Nacional de Dibujo y Estampa, Diego Rivera. Es grabadora, pintora y editora en artes gr\u00e1ficas.? Estudi\u00f3 en la Escuela de Artes Pl\u00e1sticas de la\u00a0Universidad de Guadalajara\u00a0de\u00a01972\u00a0a\u00a01977. Finalizados sus estudios radic\u00f3 en Barcelona, Espa\u00f1a, [&hellip;]<\/p>\n","protected":false},"author":249,"featured_media":32569,"comment_status":"open","ping_status":"closed","sticky":false,"template":"","format":"standard","meta":{"footnotes":""},"categories":[26],"tags":[],"class_list":["post-32568","post","type-post","status-publish","format-standard","has-post-thumbnail","hentry","category-mundo"],"_links":{"self":[{"href":"https:\/\/eloficiodehistoriar.com.mx\/index.php?rest_route=\/wp\/v2\/posts\/32568","targetHints":{"allow":["GET"]}}],"collection":[{"href":"https:\/\/eloficiodehistoriar.com.mx\/index.php?rest_route=\/wp\/v2\/posts"}],"about":[{"href":"https:\/\/eloficiodehistoriar.com.mx\/index.php?rest_route=\/wp\/v2\/types\/post"}],"author":[{"embeddable":true,"href":"https:\/\/eloficiodehistoriar.com.mx\/index.php?rest_route=\/wp\/v2\/users\/249"}],"replies":[{"embeddable":true,"href":"https:\/\/eloficiodehistoriar.com.mx\/index.php?rest_route=%2Fwp%2Fv2%2Fcomments&post=32568"}],"version-history":[{"count":1,"href":"https:\/\/eloficiodehistoriar.com.mx\/index.php?rest_route=\/wp\/v2\/posts\/32568\/revisions"}],"predecessor-version":[{"id":32570,"href":"https:\/\/eloficiodehistoriar.com.mx\/index.php?rest_route=\/wp\/v2\/posts\/32568\/revisions\/32570"}],"wp:featuredmedia":[{"embeddable":true,"href":"https:\/\/eloficiodehistoriar.com.mx\/index.php?rest_route=\/wp\/v2\/media\/32569"}],"wp:attachment":[{"href":"https:\/\/eloficiodehistoriar.com.mx\/index.php?rest_route=%2Fwp%2Fv2%2Fmedia&parent=32568"}],"wp:term":[{"taxonomy":"category","embeddable":true,"href":"https:\/\/eloficiodehistoriar.com.mx\/index.php?rest_route=%2Fwp%2Fv2%2Fcategories&post=32568"},{"taxonomy":"post_tag","embeddable":true,"href":"https:\/\/eloficiodehistoriar.com.mx\/index.php?rest_route=%2Fwp%2Fv2%2Ftags&post=32568"}],"curies":[{"name":"wp","href":"https:\/\/api.w.org\/{rel}","templated":true}]}}