{"id":32822,"date":"2023-06-28T12:11:59","date_gmt":"2023-06-28T18:11:59","guid":{"rendered":"https:\/\/eloficiodehistoriar.com.mx\/?p=32822"},"modified":"2023-06-28T12:11:59","modified_gmt":"2023-06-28T18:11:59","slug":"los-encuentros-de-un-caracol-aventurero-granada-diciembre-de-1918-federico-garcia-lorca","status":"publish","type":"post","link":"https:\/\/eloficiodehistoriar.com.mx\/?p=32822","title":{"rendered":"\u00abLos encuentros de un caracol aventurero\u00bb Granada, diciembre de 1918,   Federico Garc\u00eda Lorca"},"content":{"rendered":"<p>\u00abSub\u00ed al \u00e1rbol m\u00e1s alto<br \/>\nque tiene la alameda<br \/>\ny vi miles de ojos<br \/>\ndentro de mis tinieblas.<\/p>\n<p>El caracol pregunta:<\/p>\n<p>\u00bfPero qu\u00e9 son las estrellas?<\/p>\n<p>Son luces que llevamos<br \/>\nsobre nuestra cabeza.<br \/>\nNosotras no las vemos,<br \/>\nlas hormigas comentan.<br \/>\nY el caracol: Mi vista<br \/>\ns\u00f3lo alcanza a las hierbas.<\/p>\n<p>(&#8230;)<\/p>\n<p>Por el aire dulz\u00f3n<br \/>\nHa cruzado una abeja.<br \/>\nLa hormiga agonizando<br \/>\nhuele la tarde inmensa<br \/>\ny dice: es la que viene<br \/>\na llevarme a una estrella.\u00bb<\/p>\n<p>&#8216;Los encuentros de un caracol aventurero&#8217;<br \/>\nGranada, diciembre de 1918,<\/p>\n<p>Federico Garc\u00eda Lorca<\/p>\n","protected":false},"excerpt":{"rendered":"<p>\u00abSub\u00ed al \u00e1rbol m\u00e1s alto que tiene la alameda y vi miles de ojos dentro de mis tinieblas. El caracol pregunta: \u00bfPero qu\u00e9 son las estrellas? Son luces que llevamos sobre nuestra cabeza. Nosotras no las vemos, las hormigas comentan. Y el caracol: Mi vista s\u00f3lo alcanza a las hierbas. (&#8230;) Por el aire dulz\u00f3n [&hellip;]<\/p>\n","protected":false},"author":249,"featured_media":32823,"comment_status":"open","ping_status":"closed","sticky":false,"template":"","format":"standard","meta":{"footnotes":""},"categories":[26],"tags":[],"class_list":["post-32822","post","type-post","status-publish","format-standard","has-post-thumbnail","hentry","category-mundo"],"_links":{"self":[{"href":"https:\/\/eloficiodehistoriar.com.mx\/index.php?rest_route=\/wp\/v2\/posts\/32822","targetHints":{"allow":["GET"]}}],"collection":[{"href":"https:\/\/eloficiodehistoriar.com.mx\/index.php?rest_route=\/wp\/v2\/posts"}],"about":[{"href":"https:\/\/eloficiodehistoriar.com.mx\/index.php?rest_route=\/wp\/v2\/types\/post"}],"author":[{"embeddable":true,"href":"https:\/\/eloficiodehistoriar.com.mx\/index.php?rest_route=\/wp\/v2\/users\/249"}],"replies":[{"embeddable":true,"href":"https:\/\/eloficiodehistoriar.com.mx\/index.php?rest_route=%2Fwp%2Fv2%2Fcomments&post=32822"}],"version-history":[{"count":1,"href":"https:\/\/eloficiodehistoriar.com.mx\/index.php?rest_route=\/wp\/v2\/posts\/32822\/revisions"}],"predecessor-version":[{"id":32824,"href":"https:\/\/eloficiodehistoriar.com.mx\/index.php?rest_route=\/wp\/v2\/posts\/32822\/revisions\/32824"}],"wp:featuredmedia":[{"embeddable":true,"href":"https:\/\/eloficiodehistoriar.com.mx\/index.php?rest_route=\/wp\/v2\/media\/32823"}],"wp:attachment":[{"href":"https:\/\/eloficiodehistoriar.com.mx\/index.php?rest_route=%2Fwp%2Fv2%2Fmedia&parent=32822"}],"wp:term":[{"taxonomy":"category","embeddable":true,"href":"https:\/\/eloficiodehistoriar.com.mx\/index.php?rest_route=%2Fwp%2Fv2%2Fcategories&post=32822"},{"taxonomy":"post_tag","embeddable":true,"href":"https:\/\/eloficiodehistoriar.com.mx\/index.php?rest_route=%2Fwp%2Fv2%2Ftags&post=32822"}],"curies":[{"name":"wp","href":"https:\/\/api.w.org\/{rel}","templated":true}]}}